{"id":86593,"date":"2025-12-01T09:41:25","date_gmt":"2025-12-01T08:41:25","guid":{"rendered":"https:\/\/aktuelles.uni-frankfurt.de\/?p=86593"},"modified":"2025-12-09T10:00:15","modified_gmt":"2025-12-09T09:00:15","slug":"es-braucht-die-ganze-goethe-community","status":"publish","type":"post","link":"https:\/\/aktuelles.uni-frankfurt.de\/en\/campus\/es-braucht-die-ganze-goethe-community\/","title":{"rendered":"Es braucht die ganze Goethe-Community"},"content":{"rendered":"<h2 class=\"wp-block-heading\"><strong>Tiny Forests schlagen an der Universit\u00e4t Wurzeln und st\u00e4rken Gemeinsinn<\/strong><\/h2>\n\n\n\n<figure class=\"wp-block-image alignright size-large is-resized\"><img fetchpriority=\"high\" decoding=\"async\" width=\"500\" height=\"346\" src=\"https:\/\/aktuelles.uni-frankfurt.de\/wp-content\/uploads\/2025\/12\/beitragsbild-tiny-forest_01-500x346.jpg\" alt=\"\" class=\"wp-image-86595\" style=\"width:400px;height:auto\" srcset=\"https:\/\/aktuelles.uni-frankfurt.de\/wp-content\/uploads\/2025\/12\/beitragsbild-tiny-forest_01-500x346.jpg 500w, https:\/\/aktuelles.uni-frankfurt.de\/wp-content\/uploads\/2025\/12\/beitragsbild-tiny-forest_01-300x208.jpg 300w, https:\/\/aktuelles.uni-frankfurt.de\/wp-content\/uploads\/2025\/12\/beitragsbild-tiny-forest_01-18x12.jpg 18w, https:\/\/aktuelles.uni-frankfurt.de\/wp-content\/uploads\/2025\/12\/beitragsbild-tiny-forest_01.jpg 650w\" sizes=\"(max-width: 500px) 100vw, 500px\" \/><\/figure>\n\n\n\n<p>Klirrende K\u00e4lte, minus sechs Grad, strahlender Sonnenschein \u00fcber dem Campus Riedberg. An diesem Samstagmorgen stehen mehr als 30 Menschen dicht gedr\u00e4ngt um eine 125 Quadratmeter gro\u00dfe Fl\u00e4che. Spaten stecken im gefrorenen Boden, Atemwolken steigen in die Luft, H\u00e4nde reiben sich warm. Dann f\u00e4llt der Startschuss: Die Goethe-Universit\u00e4t pflanzt ihren ersten Tiny Forest.<\/p>\n\n\n\n<p>\u201eEs soll ganz eng gepflanzt sein\u201c, instruiert Robert Anton, Landschaftsarchitekt und Technischer Leiter des Wissenschaftsgartens, die Freiwilligen. \u201eDiese Enge sorgt f\u00fcr einen extrem schnellen H\u00f6henwuchs. In zehn Jahren k\u00f6nnen hier bis zu 14 Meter hohe B\u00e4ume stehen.\u201c Das Miniaturw\u00e4ldchen am Riedberg ist Auftakt einer Reihe von Tiny Forests, die in den kommenden Jahren auf weiteren Campi der Goethe-Universit\u00e4t entstehen sollen \u2013 ein sichtbares Zeichen f\u00fcr Nachhaltigkeit, Klima- und Artenschutz und zugleich ein Gemeinschaftsprojekt der B\u00fcrgeruniversit\u00e4t.<\/p>\n\n\n\n<div style=\"height:20px\" aria-hidden=\"true\" class=\"wp-block-spacer\"><\/div>\n\n\n\n<h2 class=\"wp-block-heading\">Kleine Fl\u00e4chen, gro\u00dfe Wirkung<\/h2>\n\n\n\n<p>Die Wurzeln der Tiny-Forest-Bewegung reichen zur\u00fcck zum japanischen Pionierf\u00f6rster Akira Miyawaki. Sein Prinzip: Auf kleinstem Raum werden sehr viele standortgerechte B\u00e4ume und Str\u00e4ucher gepflanzt \u2013 so dicht, dass sie miteinander konkurrieren. Dieser \u201eWettstreit\u201c f\u00fchrt zu einem rasanten Wachstum und zu einem selbsttragenden \u00d6kosystem, das sich bereits nach vier Jahren stabilisiert.<\/p>\n\n\n\n<figure class=\"wp-block-image alignleft size-large is-resized\"><img decoding=\"async\" width=\"500\" height=\"346\" src=\"https:\/\/aktuelles.uni-frankfurt.de\/wp-content\/uploads\/2025\/12\/beitragsbild-tiny-forest_02-500x346.jpg\" alt=\"\" class=\"wp-image-86596\" style=\"width:400px\" srcset=\"https:\/\/aktuelles.uni-frankfurt.de\/wp-content\/uploads\/2025\/12\/beitragsbild-tiny-forest_02-500x346.jpg 500w, https:\/\/aktuelles.uni-frankfurt.de\/wp-content\/uploads\/2025\/12\/beitragsbild-tiny-forest_02-300x208.jpg 300w, https:\/\/aktuelles.uni-frankfurt.de\/wp-content\/uploads\/2025\/12\/beitragsbild-tiny-forest_02-18x12.jpg 18w, https:\/\/aktuelles.uni-frankfurt.de\/wp-content\/uploads\/2025\/12\/beitragsbild-tiny-forest_02.jpg 650w\" sizes=\"(max-width: 500px) 100vw, 500px\" \/><figcaption class=\"wp-element-caption\">Auch der Hessische Rundfunk interessiert sich f\u00fcr das Konzept \u201eTiny Forest\u201c. <\/figcaption><\/figure>\n\n\n\n<p>Anton beschreibt es so: \u201eMan \u00fcberl\u00e4sst die Fl\u00e4chen mehr oder minder sich selbst und l\u00e4sst sie sich zu einer kleinen Wildnis entwickeln, zu einem nat\u00fcrlichen Refugium f\u00fcr Insekten und V\u00f6gel.\u201c Die Fl\u00e4chen m\u00fcssen dabei nicht eckig sein, erg\u00e4nzt er schmunzelnd: \u201eEckige Formen gibt es in der Natur selten. Unsere Tiny Forests werden organisch und kreisf\u00f6rmig.\u201c Was in Japan begann, gewinnt nun auch in Frankfurt an Bedeutung. Denn Hessens Innenst\u00e4dte heizen sich im Sommer immer st\u00e4rker auf, Platz f\u00fcr gro\u00dfe Parks gibt es kaum. Mini-W\u00e4lder k\u00f6nnen Abhilfe schaffen: Sie binden CO\u2082, f\u00f6rdern Biodiversit\u00e4t, spenden Schatten \u2013 und bringen Menschen zusammen.<\/p>\n\n\n\n<div style=\"height:20px\" aria-hidden=\"true\" class=\"wp-block-spacer\"><\/div>\n\n\n\n<h2 class=\"wp-block-heading\">Ein frostiger Morgen, ein dichter Wald und viele helfende H\u00e4nde<\/h2>\n\n\n\n<p>Der Riedberger Tiny Forest entsteht nicht im stillen K\u00e4mmerlein, sondern Schulter an Schulter. Mitarbeitende der Universit\u00e4t sind dabei, Studierende, Menschen aus der Stadtgesellschaft. Auch kleine Kinder, die mit klammen Fingern Erde \u00fcber die Wurzeln streuen.<\/p>\n\n\n\n<figure class=\"wp-block-image alignright size-large is-resized\"><img decoding=\"async\" width=\"500\" height=\"346\" src=\"https:\/\/aktuelles.uni-frankfurt.de\/wp-content\/uploads\/2025\/12\/beitragsbild-tiny-forest_03-500x346.jpg\" alt=\"\" class=\"wp-image-86597\" style=\"width:400px\" srcset=\"https:\/\/aktuelles.uni-frankfurt.de\/wp-content\/uploads\/2025\/12\/beitragsbild-tiny-forest_03-500x346.jpg 500w, https:\/\/aktuelles.uni-frankfurt.de\/wp-content\/uploads\/2025\/12\/beitragsbild-tiny-forest_03-300x208.jpg 300w, https:\/\/aktuelles.uni-frankfurt.de\/wp-content\/uploads\/2025\/12\/beitragsbild-tiny-forest_03-18x12.jpg 18w, https:\/\/aktuelles.uni-frankfurt.de\/wp-content\/uploads\/2025\/12\/beitragsbild-tiny-forest_03.jpg 650w\" sizes=\"(max-width: 500px) 100vw, 500px\" \/><figcaption class=\"wp-element-caption\">Engagierte Anwohner: Igor Vyshyvaniuk und seine kleine Tochter Marta. <\/figcaption><\/figure>\n\n\n\n<p>Zwischendurch w\u00e4rmen sich alle an einer Feuerschale, trinken hei\u00dfen Tee, sprechen \u00fcber Pflanzenarten, Klimaschutz und das Gemeinschaftsgef\u00fchl, das sie hierhergef\u00fchrt hat. F\u00fcr Pia Vierling, Studentin der Politikwissenschaft und Gender Studies, ist das Mitmachen bewusst politisch: \u201eIch bin hier, weil die Aktion Spa\u00df macht \u2013 und weil es sch\u00f6n ist, mal direkt ein Ergebnis zu sehen. Politische Arbeit ist oft abstrakt. Hier pflanzen wir, und dann stehen da die B\u00e4ume. Und ja: In Zeiten, in denen ein US-Pr\u00e4sident die Klimakrise leugnet, ist so eine Aktion auch ein politischer Akt.\u201c<\/p>\n\n\n\n<p>Auch Igor Vyshyvaniuk, Anwohner am Riedberg, ist mit seiner kleinen Tochter Marta gekommen. Der Informatiker engagiert sich seit Jahren in einer lokalen Klimainitiative. Sein Motiv bringt er schlicht auf den Punkt: \u201eIch will f\u00fcr meine Kinder eine bessere Zukunft hinterlassen.\u201c<\/p>\n\n\n\n<div style=\"height:20px\" aria-hidden=\"true\" class=\"wp-block-spacer\"><\/div>\n\n\n\n<h2 class=\"wp-block-heading\">Forschung im Kleinformat: Ein Labor unter freiem Himmel<\/h2>\n\n\n\n<p>Neben dem Gemeinschaftsaspekt ist der Tiny Forest auch ein Forschungsfeld. Dominik Mohr, Bodenwissenschaftler an der Goethe-Universit\u00e4t, freut sich auf die wissenschaftliche Begleitung: \u201eNeben der Biodiversit\u00e4t, die hier gef\u00f6rdert wird, k\u00f6nnen wir mit einem Tiny Forest auch das Herunterk\u00fchlen von St\u00e4dten erreichen. Solche kleinen W\u00e4lder halten Hitze ab und senken die Temperatur der Stadt. Wir wollen untersuchen, wie nachhaltig diese Schutzr\u00e4ume f\u00fcr Tiere und Insekten sind.\u201c<\/p>\n\n\n\n<p>K\u00fcnftig sollen Schulklassen, Studierendengruppen und Interessierte den Tiny Forest besuchen, F\u00fchrungen erhalten oder selbst Daten sammeln. Auch ins Fr\u00fchlingsfest 2026 wird das W\u00e4ldchen eingebunden.<\/p>\n\n\n\n<div style=\"height:20px\" aria-hidden=\"true\" class=\"wp-block-spacer\"><\/div>\n\n\n\n<h2 class=\"wp-block-heading\">Fundraising als Gemeinschaftsarbeit: Der Tiny Forest ist ein B\u00fcrgeruniversit\u00e4tsprojekt<\/h2>\n\n\n\n<p>Dass dieses Projekt m\u00f6glich wurde, liegt auch an privater Unterst\u00fctzung. Gleich drei Tiny Forests wurden von Claudia und Hendrik Leber\u00a0gestiftet. Insgesamt sechs sollen es werden. Hinzu kommen Baumpatenschaften \u2013 von Privatpersonen, Unternehmen, Alumni.<\/p>\n\n\n\n<figure class=\"wp-block-image alignleft size-large is-resized\"><img loading=\"lazy\" decoding=\"async\" width=\"500\" height=\"346\" src=\"https:\/\/aktuelles.uni-frankfurt.de\/wp-content\/uploads\/2025\/12\/beitragsbild-tiny-forest_04-500x346.jpg\" alt=\"\" class=\"wp-image-86599\" style=\"width:400px\" srcset=\"https:\/\/aktuelles.uni-frankfurt.de\/wp-content\/uploads\/2025\/12\/beitragsbild-tiny-forest_04-500x346.jpg 500w, https:\/\/aktuelles.uni-frankfurt.de\/wp-content\/uploads\/2025\/12\/beitragsbild-tiny-forest_04-300x208.jpg 300w, https:\/\/aktuelles.uni-frankfurt.de\/wp-content\/uploads\/2025\/12\/beitragsbild-tiny-forest_04-18x12.jpg 18w, https:\/\/aktuelles.uni-frankfurt.de\/wp-content\/uploads\/2025\/12\/beitragsbild-tiny-forest_04.jpg 650w\" sizes=\"(max-width: 500px) 100vw, 500px\" \/><figcaption class=\"wp-element-caption\">Baumpaten, die gerne anpacken: Wolfgang Melzer und Dr. Renate Finke <\/figcaption><\/figure>\n\n\n\n<p>Eingeladen hat zu dieser Pflanzaktion Susanne Honnef, Referentin f\u00fcr Fundraising in der Abteilung Private Hochschulf\u00f6rderung. F\u00fcr sie ist Fundraising weit mehr als das Einsammeln von Spenden: \u201eFundraising ist Vernetzung, Identit\u00e4t, Gemeinschaft. Wir bringen Menschen zusammen, die etwas bewegen wollen.\u201c Wie stark diese Form des Miteinanders wirkt, zeigt Baumpatin Dr. Renate Finke, pensionierte Volkswirtin: \u201eIch werde hier nicht nur als Geldgeberin gesehen. Ich treffe Gleichgesinnte, bekomme Einblicke in Forschung und Lehre \u2013 und ich kann selbst mit anpacken. Dass Susanne Honnef uns immer wieder kontaktiert, sch\u00e4tze ich sehr.\u201c<\/p>\n\n\n\n<p>Auch Wolfgang Melzer, Jurist in einer internationalen Kanzlei und Baumpate, sieht seine Rolle bewusst aktiv: \u201eIch wollte nicht nur spenden. Ich wollte mit den eigenen H\u00e4nden etwas f\u00fcr die Biodiversit\u00e4t tun.\u201c Seine Kanzlei hat ebenfalls Patenschaften \u00fcbernommen. F\u00fcr Melzer ist die Pflanzaktion ein Ausdruck von Gemeinsinn \u2013 und eine Chance, sich als B\u00fcrger Teil des Campus zu f\u00fchlen.<\/p>\n\n\n\n<div style=\"height:20px\" aria-hidden=\"true\" class=\"wp-block-spacer\"><\/div>\n\n\n\n<h2 class=\"wp-block-heading\">Nachhaltigkeit an der Goethe-Universit\u00e4t: Strategie mit Haltung<\/h2>\n\n\n\n<figure class=\"wp-block-image alignright size-large is-resized\"><img loading=\"lazy\" decoding=\"async\" width=\"500\" height=\"346\" src=\"https:\/\/aktuelles.uni-frankfurt.de\/wp-content\/uploads\/2025\/12\/beitragsbild-tiny-forest_05-500x346.jpg\" alt=\"\" class=\"wp-image-86601\" style=\"width:400px\" srcset=\"https:\/\/aktuelles.uni-frankfurt.de\/wp-content\/uploads\/2025\/12\/beitragsbild-tiny-forest_05-500x346.jpg 500w, https:\/\/aktuelles.uni-frankfurt.de\/wp-content\/uploads\/2025\/12\/beitragsbild-tiny-forest_05-300x208.jpg 300w, https:\/\/aktuelles.uni-frankfurt.de\/wp-content\/uploads\/2025\/12\/beitragsbild-tiny-forest_05-18x12.jpg 18w, https:\/\/aktuelles.uni-frankfurt.de\/wp-content\/uploads\/2025\/12\/beitragsbild-tiny-forest_05.jpg 650w\" sizes=\"(max-width: 500px) 100vw, 500px\" \/><figcaption class=\"wp-element-caption\">\u201eDie Natur versteht gar keinen Spa\u00df, sie ist immer wahr, immer ernst, immer streng, sie hat immer recht, und die Fehler und Irrt\u00fcmer sind immer des Menschen.\u201c Johann Wolfgang Goethe<\/figcaption><\/figure>\n\n\n\n<p>Die Goethe-Universit\u00e4t hat sich vorgenommen, ihre Standorte sozial-\u00f6kologisch, klima- und chancengerecht zu gestalten und bis 2038 netto-treibhausgasneutral zu werden. Tiny Forests sind ein Baustein dieser Strategie \u2013 neben Energieeffizienz, gr\u00fcnen Mobilit\u00e4tskonzepten, Biodiversit\u00e4tsprojekten und vielen Umweltbildungsformaten. Sie stehen f\u00fcr eine Haltung: nachhaltige Campi entstehen nicht allein durch Verordnungen, sondern durch gemeinschaftliches Handeln.<\/p>\n\n\n\n<div style=\"height:20px\" aria-hidden=\"true\" class=\"wp-block-spacer\"><\/div>\n\n\n\n<h2 class=\"wp-block-heading\">Viele kleine Schritte \u2013 und viele kleine Projekte<\/h2>\n\n\n\n<p>Der Tiny Forest am Riedberg ist erst der Anfang. Weitere Miniw\u00e4lder sind geplant, dazu Umweltbildungsaktionen, Forschungsinitiativen und kleine Ma\u00dfnahmen, die in Summe viel bewirken k\u00f6nnen. Damit solche Projekte wachsen k\u00f6nnen wie die jungen B\u00e4ume im frostigen Boden, braucht es weiterhin Unterst\u00fctzung: Engagement, Beteiligung \u2013 und Spenden. Denn an der Goethe-Universit\u00e4t gilt: Es braucht die ganze Goethe-Community, um Nachhaltigkeit und Klimaschutz gemeinsam lebendig werden zu lassen.<\/p>\n\n\n\n<p class=\"has-text-align-right\"><em>Autorin: Heike J\u00fcngst, Fotos: Heike J\u00fcngst<\/em><\/p>\n\n\n\n<p><\/p>","protected":false},"excerpt":{"rendered":"<p>Tiny Forests schlagen an der Universit\u00e4t Wurzeln und st\u00e4rken Gemeinsinn Klirrende K\u00e4lte, minus sechs Grad, strahlender Sonnenschein \u00fcber dem Campus Riedberg. An diesem Samstagmorgen stehen mehr als 30 Menschen dicht [&hellip;]<\/p>\n","protected":false},"author":8,"featured_media":86595,"comment_status":"closed","ping_status":"closed","sticky":false,"template":"","format":"standard","meta":{"_eb_attr":"","_price":"","_stock":"","_tribe_ticket_header":"","_tribe_default_ticket_provider":"","_ticket_start_date":"","_ticket_end_date":"","_tribe_ticket_show_description":"","_tribe_ticket_show_not_going":false,"_tribe_ticket_use_global_stock":"","_tribe_ticket_global_stock_level":"","_global_stock_mode":"","_global_stock_cap":"","_tribe_rsvp_for_event":"","_tribe_ticket_going_count":"","_tribe_ticket_not_going_count":"","_tribe_tickets_list":"[]","_tribe_ticket_has_attendee_info_fields":false,"footnotes":""},"categories":[5,4],"tags":[18,226],"post_folder":[],"class_list":["post-86593","post","type-post","status-publish","format-standard","has-post-thumbnail","hentry","category-campus","category-gesellschaft","tag-campus-riedberg","tag-nachhaltigkeit"],"yoast_head":"<!-- This site is optimized with the Yoast SEO plugin v27.5 - https:\/\/yoast.com\/product\/yoast-seo-wordpress\/ -->\n<title>Es braucht die ganze Goethe-Community | Aktuelles aus der Goethe-Universit\u00e4t Frankfurt<\/title>\n<meta name=\"robots\" content=\"index, follow, max-snippet:-1, max-image-preview:large, max-video-preview:-1\" \/>\n<link rel=\"canonical\" href=\"https:\/\/aktuelles.uni-frankfurt.de\/en\/campus\/es-braucht-die-ganze-goethe-community\/\" \/>\n<meta property=\"og:locale\" content=\"en_GB\" \/>\n<meta property=\"og:type\" content=\"article\" \/>\n<meta property=\"og:title\" content=\"Es braucht die ganze Goethe-Community | Aktuelles aus der Goethe-Universit\u00e4t Frankfurt\" \/>\n<meta property=\"og:description\" content=\"Tiny Forests schlagen an der Universit\u00e4t Wurzeln und st\u00e4rken Gemeinsinn Klirrende K\u00e4lte, minus sechs Grad, strahlender Sonnenschein \u00fcber dem Campus Riedberg. An diesem Samstagmorgen stehen mehr als 30 Menschen dicht [&hellip;]\" \/>\n<meta property=\"og:url\" content=\"https:\/\/aktuelles.uni-frankfurt.de\/en\/campus\/es-braucht-die-ganze-goethe-community\/\" \/>\n<meta property=\"og:site_name\" content=\"Aktuelles aus der Goethe-Universit\u00e4t Frankfurt\" \/>\n<meta property=\"article:published_time\" content=\"2025-12-01T08:41:25+00:00\" \/>\n<meta property=\"article:modified_time\" content=\"2025-12-09T09:00:15+00:00\" \/>\n<meta property=\"og:image\" content=\"https:\/\/aktuelles.uni-frankfurt.de\/wp-content\/uploads\/2025\/12\/beitragsbild-tiny-forest_01.jpg\" \/>\n\t<meta property=\"og:image:width\" content=\"650\" \/>\n\t<meta property=\"og:image:height\" content=\"450\" \/>\n\t<meta property=\"og:image:type\" content=\"image\/jpeg\" \/>\n<meta name=\"author\" content=\"-\" \/>\n<meta name=\"twitter:card\" content=\"summary_large_image\" \/>\n<meta name=\"twitter:label1\" content=\"Written by\" \/>\n\t<meta name=\"twitter:data1\" content=\"-\" \/>\n\t<meta name=\"twitter:label2\" content=\"Estimated reading time\" \/>\n\t<meta name=\"twitter:data2\" content=\"5 minutes\" \/>\n<script type=\"application\/ld+json\" class=\"yoast-schema-graph\">{\"@context\":\"https:\\\/\\\/schema.org\",\"@graph\":[{\"@type\":\"Article\",\"@id\":\"https:\\\/\\\/aktuelles.uni-frankfurt.de\\\/campus\\\/es-braucht-die-ganze-goethe-community\\\/#article\",\"isPartOf\":{\"@id\":\"https:\\\/\\\/aktuelles.uni-frankfurt.de\\\/campus\\\/es-braucht-die-ganze-goethe-community\\\/\"},\"author\":{\"name\":\"-\",\"@id\":\"https:\\\/\\\/aktuelles.uni-frankfurt.de\\\/#\\\/schema\\\/person\\\/8e55ea338fb65d1ce87a91565d1f1739\"},\"headline\":\"Es braucht die ganze Goethe-Community\",\"datePublished\":\"2025-12-01T08:41:25+00:00\",\"dateModified\":\"2025-12-09T09:00:15+00:00\",\"mainEntityOfPage\":{\"@id\":\"https:\\\/\\\/aktuelles.uni-frankfurt.de\\\/campus\\\/es-braucht-die-ganze-goethe-community\\\/\"},\"wordCount\":1036,\"publisher\":{\"@id\":\"https:\\\/\\\/aktuelles.uni-frankfurt.de\\\/#organization\"},\"image\":{\"@id\":\"https:\\\/\\\/aktuelles.uni-frankfurt.de\\\/campus\\\/es-braucht-die-ganze-goethe-community\\\/#primaryimage\"},\"thumbnailUrl\":\"https:\\\/\\\/aktuelles.uni-frankfurt.de\\\/wp-content\\\/uploads\\\/2025\\\/12\\\/beitragsbild-tiny-forest_01.jpg\",\"keywords\":[\"Campus Riedberg\",\"Nachhaltigkeit\"],\"articleSection\":[\"Campus\",\"Gesellschaft\"],\"inLanguage\":\"en-GB\"},{\"@type\":\"WebPage\",\"@id\":\"https:\\\/\\\/aktuelles.uni-frankfurt.de\\\/campus\\\/es-braucht-die-ganze-goethe-community\\\/\",\"url\":\"https:\\\/\\\/aktuelles.uni-frankfurt.de\\\/campus\\\/es-braucht-die-ganze-goethe-community\\\/\",\"name\":\"Es braucht die ganze Goethe-Community | Aktuelles aus der Goethe-Universit\u00e4t Frankfurt\",\"isPartOf\":{\"@id\":\"https:\\\/\\\/aktuelles.uni-frankfurt.de\\\/#website\"},\"primaryImageOfPage\":{\"@id\":\"https:\\\/\\\/aktuelles.uni-frankfurt.de\\\/campus\\\/es-braucht-die-ganze-goethe-community\\\/#primaryimage\"},\"image\":{\"@id\":\"https:\\\/\\\/aktuelles.uni-frankfurt.de\\\/campus\\\/es-braucht-die-ganze-goethe-community\\\/#primaryimage\"},\"thumbnailUrl\":\"https:\\\/\\\/aktuelles.uni-frankfurt.de\\\/wp-content\\\/uploads\\\/2025\\\/12\\\/beitragsbild-tiny-forest_01.jpg\",\"datePublished\":\"2025-12-01T08:41:25+00:00\",\"dateModified\":\"2025-12-09T09:00:15+00:00\",\"breadcrumb\":{\"@id\":\"https:\\\/\\\/aktuelles.uni-frankfurt.de\\\/campus\\\/es-braucht-die-ganze-goethe-community\\\/#breadcrumb\"},\"inLanguage\":\"en-GB\",\"potentialAction\":[{\"@type\":\"ReadAction\",\"target\":[\"https:\\\/\\\/aktuelles.uni-frankfurt.de\\\/campus\\\/es-braucht-die-ganze-goethe-community\\\/\"]}]},{\"@type\":\"ImageObject\",\"inLanguage\":\"en-GB\",\"@id\":\"https:\\\/\\\/aktuelles.uni-frankfurt.de\\\/campus\\\/es-braucht-die-ganze-goethe-community\\\/#primaryimage\",\"url\":\"https:\\\/\\\/aktuelles.uni-frankfurt.de\\\/wp-content\\\/uploads\\\/2025\\\/12\\\/beitragsbild-tiny-forest_01.jpg\",\"contentUrl\":\"https:\\\/\\\/aktuelles.uni-frankfurt.de\\\/wp-content\\\/uploads\\\/2025\\\/12\\\/beitragsbild-tiny-forest_01.jpg\",\"width\":650,\"height\":450},{\"@type\":\"BreadcrumbList\",\"@id\":\"https:\\\/\\\/aktuelles.uni-frankfurt.de\\\/campus\\\/es-braucht-die-ganze-goethe-community\\\/#breadcrumb\",\"itemListElement\":[{\"@type\":\"ListItem\",\"position\":1,\"name\":\"Startseite\",\"item\":\"https:\\\/\\\/aktuelles.uni-frankfurt.de\\\/\"},{\"@type\":\"ListItem\",\"position\":2,\"name\":\"Es braucht die ganze Goethe-Community\"}]},{\"@type\":\"WebSite\",\"@id\":\"https:\\\/\\\/aktuelles.uni-frankfurt.de\\\/#website\",\"url\":\"https:\\\/\\\/aktuelles.uni-frankfurt.de\\\/\",\"name\":\"Aktuelles aus der Goethe-Universit\u00e4t Frankfurt\",\"description\":\"Aktuelles aus der Goethe-Universit\u00e4t | Neues aus Forschung, Lehre, Studium\",\"publisher\":{\"@id\":\"https:\\\/\\\/aktuelles.uni-frankfurt.de\\\/#organization\"},\"potentialAction\":[{\"@type\":\"SearchAction\",\"target\":{\"@type\":\"EntryPoint\",\"urlTemplate\":\"https:\\\/\\\/aktuelles.uni-frankfurt.de\\\/?s={search_term_string}\"},\"query-input\":{\"@type\":\"PropertyValueSpecification\",\"valueRequired\":true,\"valueName\":\"search_term_string\"}}],\"inLanguage\":\"en-GB\"},{\"@type\":\"Organization\",\"@id\":\"https:\\\/\\\/aktuelles.uni-frankfurt.de\\\/#organization\",\"name\":\"Goethe-Universit\u00e4t\",\"url\":\"https:\\\/\\\/aktuelles.uni-frankfurt.de\\\/\",\"logo\":{\"@type\":\"ImageObject\",\"inLanguage\":\"en-GB\",\"@id\":\"https:\\\/\\\/aktuelles.uni-frankfurt.de\\\/#\\\/schema\\\/logo\\\/image\\\/\",\"url\":\"https:\\\/\\\/aktuelles.uni-frankfurt.de\\\/wp-content\\\/uploads\\\/2022\\\/03\\\/800px-Goethe-Logo.png\",\"contentUrl\":\"https:\\\/\\\/aktuelles.uni-frankfurt.de\\\/wp-content\\\/uploads\\\/2022\\\/03\\\/800px-Goethe-Logo.png\",\"width\":800,\"height\":436,\"caption\":\"Goethe-Universit\u00e4t\"},\"image\":{\"@id\":\"https:\\\/\\\/aktuelles.uni-frankfurt.de\\\/#\\\/schema\\\/logo\\\/image\\\/\"}},{\"@type\":\"Person\",\"@id\":\"https:\\\/\\\/aktuelles.uni-frankfurt.de\\\/#\\\/schema\\\/person\\\/8e55ea338fb65d1ce87a91565d1f1739\",\"name\":\"-\",\"description\":\"Dieser Beitrag wurde von der Online-Redaktion ver\u00f6ffentlicht. Wenn der Beitrag von einem Gastautoren verfasst wurde, findet sich dieser Hinweis am Ende des jeweiligen Artikels.\",\"sameAs\":[\"http:\\\/\\\/aktuelles.uni-frankfurt.de\\\/autoren\"],\"url\":\"https:\\\/\\\/aktuelles.uni-frankfurt.de\\\/en\\\/author\\\/redaktion\\\/\"}]}<\/script>\n<!-- \/ Yoast SEO plugin. -->","yoast_head_json":{"title":"Es braucht die ganze Goethe-Community | Aktuelles aus der Goethe-Universit\u00e4t Frankfurt","robots":{"index":"index","follow":"follow","max-snippet":"max-snippet:-1","max-image-preview":"max-image-preview:large","max-video-preview":"max-video-preview:-1"},"canonical":"https:\/\/aktuelles.uni-frankfurt.de\/en\/campus\/es-braucht-die-ganze-goethe-community\/","og_locale":"en_GB","og_type":"article","og_title":"Es braucht die ganze Goethe-Community | Aktuelles aus der Goethe-Universit\u00e4t Frankfurt","og_description":"Tiny Forests schlagen an der Universit\u00e4t Wurzeln und st\u00e4rken Gemeinsinn Klirrende K\u00e4lte, minus sechs Grad, strahlender Sonnenschein \u00fcber dem Campus Riedberg. An diesem Samstagmorgen stehen mehr als 30 Menschen dicht [&hellip;]","og_url":"https:\/\/aktuelles.uni-frankfurt.de\/en\/campus\/es-braucht-die-ganze-goethe-community\/","og_site_name":"Aktuelles aus der Goethe-Universit\u00e4t Frankfurt","article_published_time":"2025-12-01T08:41:25+00:00","article_modified_time":"2025-12-09T09:00:15+00:00","og_image":[{"width":650,"height":450,"url":"https:\/\/aktuelles.uni-frankfurt.de\/wp-content\/uploads\/2025\/12\/beitragsbild-tiny-forest_01.jpg","type":"image\/jpeg"}],"author":"-","twitter_card":"summary_large_image","twitter_misc":{"Written by":"-","Estimated reading time":"5 minutes"},"schema":{"@context":"https:\/\/schema.org","@graph":[{"@type":"Article","@id":"https:\/\/aktuelles.uni-frankfurt.de\/campus\/es-braucht-die-ganze-goethe-community\/#article","isPartOf":{"@id":"https:\/\/aktuelles.uni-frankfurt.de\/campus\/es-braucht-die-ganze-goethe-community\/"},"author":{"name":"-","@id":"https:\/\/aktuelles.uni-frankfurt.de\/#\/schema\/person\/8e55ea338fb65d1ce87a91565d1f1739"},"headline":"Es braucht die ganze Goethe-Community","datePublished":"2025-12-01T08:41:25+00:00","dateModified":"2025-12-09T09:00:15+00:00","mainEntityOfPage":{"@id":"https:\/\/aktuelles.uni-frankfurt.de\/campus\/es-braucht-die-ganze-goethe-community\/"},"wordCount":1036,"publisher":{"@id":"https:\/\/aktuelles.uni-frankfurt.de\/#organization"},"image":{"@id":"https:\/\/aktuelles.uni-frankfurt.de\/campus\/es-braucht-die-ganze-goethe-community\/#primaryimage"},"thumbnailUrl":"https:\/\/aktuelles.uni-frankfurt.de\/wp-content\/uploads\/2025\/12\/beitragsbild-tiny-forest_01.jpg","keywords":["Campus Riedberg","Nachhaltigkeit"],"articleSection":["Campus","Gesellschaft"],"inLanguage":"en-GB"},{"@type":"WebPage","@id":"https:\/\/aktuelles.uni-frankfurt.de\/campus\/es-braucht-die-ganze-goethe-community\/","url":"https:\/\/aktuelles.uni-frankfurt.de\/campus\/es-braucht-die-ganze-goethe-community\/","name":"Es braucht die ganze Goethe-Community | Aktuelles aus der Goethe-Universit\u00e4t Frankfurt","isPartOf":{"@id":"https:\/\/aktuelles.uni-frankfurt.de\/#website"},"primaryImageOfPage":{"@id":"https:\/\/aktuelles.uni-frankfurt.de\/campus\/es-braucht-die-ganze-goethe-community\/#primaryimage"},"image":{"@id":"https:\/\/aktuelles.uni-frankfurt.de\/campus\/es-braucht-die-ganze-goethe-community\/#primaryimage"},"thumbnailUrl":"https:\/\/aktuelles.uni-frankfurt.de\/wp-content\/uploads\/2025\/12\/beitragsbild-tiny-forest_01.jpg","datePublished":"2025-12-01T08:41:25+00:00","dateModified":"2025-12-09T09:00:15+00:00","breadcrumb":{"@id":"https:\/\/aktuelles.uni-frankfurt.de\/campus\/es-braucht-die-ganze-goethe-community\/#breadcrumb"},"inLanguage":"en-GB","potentialAction":[{"@type":"ReadAction","target":["https:\/\/aktuelles.uni-frankfurt.de\/campus\/es-braucht-die-ganze-goethe-community\/"]}]},{"@type":"ImageObject","inLanguage":"en-GB","@id":"https:\/\/aktuelles.uni-frankfurt.de\/campus\/es-braucht-die-ganze-goethe-community\/#primaryimage","url":"https:\/\/aktuelles.uni-frankfurt.de\/wp-content\/uploads\/2025\/12\/beitragsbild-tiny-forest_01.jpg","contentUrl":"https:\/\/aktuelles.uni-frankfurt.de\/wp-content\/uploads\/2025\/12\/beitragsbild-tiny-forest_01.jpg","width":650,"height":450},{"@type":"BreadcrumbList","@id":"https:\/\/aktuelles.uni-frankfurt.de\/campus\/es-braucht-die-ganze-goethe-community\/#breadcrumb","itemListElement":[{"@type":"ListItem","position":1,"name":"Startseite","item":"https:\/\/aktuelles.uni-frankfurt.de\/"},{"@type":"ListItem","position":2,"name":"Es braucht die ganze Goethe-Community"}]},{"@type":"WebSite","@id":"https:\/\/aktuelles.uni-frankfurt.de\/#website","url":"https:\/\/aktuelles.uni-frankfurt.de\/","name":"Aktuelles aus der Goethe-Universit\u00e4t Frankfurt","description":"Aktuelles aus der Goethe-Universit\u00e4t | Neues aus Forschung, Lehre, Studium","publisher":{"@id":"https:\/\/aktuelles.uni-frankfurt.de\/#organization"},"potentialAction":[{"@type":"SearchAction","target":{"@type":"EntryPoint","urlTemplate":"https:\/\/aktuelles.uni-frankfurt.de\/?s={search_term_string}"},"query-input":{"@type":"PropertyValueSpecification","valueRequired":true,"valueName":"search_term_string"}}],"inLanguage":"en-GB"},{"@type":"Organization","@id":"https:\/\/aktuelles.uni-frankfurt.de\/#organization","name":"Goethe University Frankfurt","url":"https:\/\/aktuelles.uni-frankfurt.de\/","logo":{"@type":"ImageObject","inLanguage":"en-GB","@id":"https:\/\/aktuelles.uni-frankfurt.de\/#\/schema\/logo\/image\/","url":"https:\/\/aktuelles.uni-frankfurt.de\/wp-content\/uploads\/2022\/03\/800px-Goethe-Logo.png","contentUrl":"https:\/\/aktuelles.uni-frankfurt.de\/wp-content\/uploads\/2022\/03\/800px-Goethe-Logo.png","width":800,"height":436,"caption":"Goethe-Universit\u00e4t"},"image":{"@id":"https:\/\/aktuelles.uni-frankfurt.de\/#\/schema\/logo\/image\/"}},{"@type":"Person","@id":"https:\/\/aktuelles.uni-frankfurt.de\/#\/schema\/person\/8e55ea338fb65d1ce87a91565d1f1739","name":"-","description":"Dieser Beitrag wurde von der Online-Redaktion ver\u00f6ffentlicht. Wenn der Beitrag von einem Gastautoren verfasst wurde, findet sich dieser Hinweis am Ende des jeweiligen Artikels.","sameAs":["http:\/\/aktuelles.uni-frankfurt.de\/autoren"],"url":"https:\/\/aktuelles.uni-frankfurt.de\/en\/author\/redaktion\/"}]}},"_links":{"self":[{"href":"https:\/\/aktuelles.uni-frankfurt.de\/en\/wp-json\/wp\/v2\/posts\/86593","targetHints":{"allow":["GET"]}}],"collection":[{"href":"https:\/\/aktuelles.uni-frankfurt.de\/en\/wp-json\/wp\/v2\/posts"}],"about":[{"href":"https:\/\/aktuelles.uni-frankfurt.de\/en\/wp-json\/wp\/v2\/types\/post"}],"author":[{"embeddable":true,"href":"https:\/\/aktuelles.uni-frankfurt.de\/en\/wp-json\/wp\/v2\/users\/8"}],"replies":[{"embeddable":true,"href":"https:\/\/aktuelles.uni-frankfurt.de\/en\/wp-json\/wp\/v2\/comments?post=86593"}],"version-history":[{"count":0,"href":"https:\/\/aktuelles.uni-frankfurt.de\/en\/wp-json\/wp\/v2\/posts\/86593\/revisions"}],"wp:featuredmedia":[{"embeddable":true,"href":"https:\/\/aktuelles.uni-frankfurt.de\/en\/wp-json\/wp\/v2\/media\/86595"}],"wp:attachment":[{"href":"https:\/\/aktuelles.uni-frankfurt.de\/en\/wp-json\/wp\/v2\/media?parent=86593"}],"wp:term":[{"taxonomy":"category","embeddable":true,"href":"https:\/\/aktuelles.uni-frankfurt.de\/en\/wp-json\/wp\/v2\/categories?post=86593"},{"taxonomy":"post_tag","embeddable":true,"href":"https:\/\/aktuelles.uni-frankfurt.de\/en\/wp-json\/wp\/v2\/tags?post=86593"},{"taxonomy":"post_folder","embeddable":true,"href":"https:\/\/aktuelles.uni-frankfurt.de\/en\/wp-json\/wp\/v2\/post_folder?post=86593"}],"curies":[{"name":"wp","href":"https:\/\/api.w.org\/{rel}","templated":true}]}}