{"id":86610,"date":"2025-12-02T09:03:23","date_gmt":"2025-12-02T08:03:23","guid":{"rendered":"https:\/\/aktuelles.uni-frankfurt.de\/?p=86610"},"modified":"2025-12-08T13:44:33","modified_gmt":"2025-12-08T12:44:33","slug":"schliesszeiten-der-goethe-universitaet-zum-jahreswechsel-2025-2026","status":"publish","type":"post","link":"https:\/\/aktuelles.uni-frankfurt.de\/en\/campus\/schliesszeiten-der-goethe-universitaet-zum-jahreswechsel-2025-2026\/","title":{"rendered":"Schlie\u00dfzeiten der Goethe-Universit\u00e4t zum Jahreswechsel 2025\/2026"},"content":{"rendered":"<figure class=\"wp-block-image aligncenter size-full\"><img fetchpriority=\"high\" decoding=\"async\" width=\"650\" height=\"450\" src=\"https:\/\/aktuelles.uni-frankfurt.de\/wp-content\/uploads\/2025\/12\/schliesszeiten-202526-650x450px.jpg\" alt=\"\" class=\"wp-image-86635\" srcset=\"https:\/\/aktuelles.uni-frankfurt.de\/wp-content\/uploads\/2025\/12\/schliesszeiten-202526-650x450px.jpg 650w, https:\/\/aktuelles.uni-frankfurt.de\/wp-content\/uploads\/2025\/12\/schliesszeiten-202526-650x450px-300x208.jpg 300w, https:\/\/aktuelles.uni-frankfurt.de\/wp-content\/uploads\/2025\/12\/schliesszeiten-202526-650x450px-500x346.jpg 500w, https:\/\/aktuelles.uni-frankfurt.de\/wp-content\/uploads\/2025\/12\/schliesszeiten-202526-650x450px-18x12.jpg 18w\" sizes=\"(max-width: 650px) 100vw, 650px\" \/><figcaption class=\"wp-element-caption\">\u00a9 Uwe Dettmar<\/figcaption><\/figure>\n\n\n\n<div style=\"height:20px\" aria-hidden=\"true\" class=\"wp-block-spacer\"><\/div>\n\n\n\n<p>Das Pr\u00e4sidium der Goethe-Universit\u00e4t hat die Schlie\u00dfung der Universit\u00e4t vom <strong>20.12.2025 bis 11.01.2026<\/strong> unter Beachtung von Sonderregelungen beschlossen. In diesem Zeitraum bleiben alle Geb\u00e4ude der Goethe-Universit\u00e4t geschlossen und die Regelung wird, mit wenigen Ausnahmen, alle Bereiche betreffen. Mit der Schlie\u00dfung bezweckt die Universit\u00e4t signifikant Strom und Heizenergie und damit CO2 und Geld zu sparen.<\/p>\n\n\n\n<div style=\"height:20px\" aria-hidden=\"true\" class=\"wp-block-spacer\"><\/div>\n\n\n\n<h2 class=\"wp-block-heading\">Infos f\u00fcr Studierende<\/h2>\n\n\n\n<div style=\"height:20px\" aria-hidden=\"true\" class=\"wp-block-spacer\"><\/div>\n\n\n\n<p><strong>Pr\u00fcfungs\u00e4mter und Studierendenverwaltung<\/strong><\/p>\n\n\n\n<ul class=\"wp-block-list\">\n<li>Das Studierendensekretariat, der Servicepoint und die Hotline sind vom 22.12.2025 bis einschlie\u00dflich 11.01.2026 nicht besetzt. Ab dem 05.01.2026 ist das Studierendensekretariat per E-Mail (<a href=\"mailto:sli@uni-frankfurt.de\" target=\"_blank\" rel=\"noreferrer noopener\">sli@uni-frankfurt.de<\/a>) erreichbar, ab dem 12.01.2026 auch wieder telefonisch und pers\u00f6nlich.<\/li>\n\n\n\n<li>Innerhalb der Schlie\u00dfzeit k\u00f6nnen die Pr\u00fcfungs\u00e4mter nur eingeschr\u00e4nkten Service anbieten oder sind geschlossen. <strong>Bitte beachten Sie: <\/strong>Abgabefristen innerhalb der Schlie\u00dfzeit m\u00fcssen trotzdem eingehalten werden! Bitte melden Sie sich bei Fragen oder Problemen unbedingt fr\u00fchzeitig bei Ihrem zust\u00e4ndigen Pr\u00fcfungsamt.<\/li>\n<\/ul>\n\n\n\n<div style=\"height:20px\" aria-hidden=\"true\" class=\"wp-block-spacer\"><\/div>\n\n\n\n<p><strong>Fristverl\u00e4ngerung von Haus- und Abschlussarbeiten<\/strong><\/p>\n\n\n\n<p>Die im Senat beschlossene <a href=\"https:\/\/www.uni-frankfurt.de\/177089233\/%C3%84nderungssatzung_RO_Wintersemester_2025_26.pdf\" target=\"_blank\" rel=\"noreferrer noopener\">befristete \u00c4nderung der Rahmenordnung<\/a> sieht vor, dass der Pr\u00fcfungsausschuss auf Antrag \u00fcber eine erforderliche Verl\u00e4ngerung der Bearbeitungsfristen f\u00fcr Haus- und Abschlussarbeiten entscheidet, soweit deren Bearbeitungszeit von der verl\u00e4ngerten Schlie\u00dfzeit der Goethe-Universit\u00e4t zum Jahreswechsel 2025\/26 betroffen ist. Bitte informieren Sie sich bei Bedarf bei Ihrem Dekanat oder Pr\u00fcfungsamt, um eine Fristverl\u00e4ngerung zu beantragen.<\/p>\n\n\n\n<div style=\"height:20px\" aria-hidden=\"true\" class=\"wp-block-spacer\"><\/div>\n\n\n\n<p><strong>Besonderheiten Fachbereich 16 (Medizin)<\/strong><\/p>\n\n\n\n<p>Bitte beachten Sie, dass am Fachbereich 16 die Schlie\u00dfzeit bereits am <strong>02.01.2026<\/strong> endet.<\/p>\n\n\n\n<div style=\"height:40px\" aria-hidden=\"true\" class=\"wp-block-spacer\"><\/div>\n\n\n\n<h2 class=\"wp-block-heading\">Schlie\u00dfzeiten Einrichtungen<\/h2>\n\n\n\n<div style=\"height:20px\" aria-hidden=\"true\" class=\"wp-block-spacer\"><\/div>\n\n\n\n<p><strong>Schlie\u00dfzeiten der Bibliotheken<\/strong><\/p>\n\n\n\n<ul class=\"wp-block-list\">\n<li>Die Universit\u00e4tsbibliothek J.C. Senckenberg (UB JCS) schlie\u00dft am 19.12.2025 an allen Standorten sp\u00e4testens um 20 Uhr und \u00f6ffnet wieder am 12.01.2026.<\/li>\n\n\n\n<li>Die Zentralbibliothek und die Medizinische Hauptbibliothek (MedHB) werden bereits ab dem 05.01.2026 wieder regul\u00e4r \u00f6ffnen.<\/li>\n\n\n\n<li>Alle anderen Standorte der UB JCS (BNat, BRuW, BSP, BSKW, BzG) stehen ab dem 12.01.2026 wieder wie gewohnt zur Verf\u00fcgung.<\/li>\n<\/ul>\n\n\n\n<div style=\"height:20px\" aria-hidden=\"true\" class=\"wp-block-spacer\"><\/div>\n\n\n\n<p><strong>Schlie\u00dfzeiten anderer Einrichtungen<\/strong><\/p>\n\n\n\n<ul class=\"wp-block-list\">\n<li>F\u00fcr die Mensen und deren \u00d6ffnungszeiten ist das Studierendenwerk Frankfurt am Main zust\u00e4ndig. Alle \u00d6ffnungszeiten zum Jahreswechsel k\u00f6nnen Sie <a href=\"https:\/\/www.swffm.de\/studierendenwerk\/winterpause\" target=\"_blank\" rel=\"noreferrer noopener\">auf deren Webseiten<\/a> nachlesen.<\/li>\n\n\n\n<li>Alle Serviceeinrichtungen des HRZ sind an allen Standorten vom 20.12.2025 bis einschlie\u00dflich 11.01.2026 geschlossen.<\/li>\n\n\n\n<li>Zu weiteren Service- und Beratungsangeboten in den Geb\u00e4uden k\u00f6nnen Sie weitere Informationen auf den jeweiligen Webseiten finden.<\/li>\n<\/ul>\n\n\n\n<div style=\"height:40px\" aria-hidden=\"true\" class=\"wp-block-spacer\"><\/div>\n\n\n\n<p>F\u00fcr Mitarbeitende der Goethe-Universit\u00e4t gilt in dem Zeitraum eine Arbeitszeitregelung, die <a href=\"https:\/\/www.uni-frankfurt.de\/176271094\/Arbeitszeitregelung_zum_Jahreswechsel_2025_2026?locale=de\" target=\"_blank\" rel=\"noreferrer noopener\">im Intranet<\/a> nachzulesen ist.<\/p>\n\n\n\n<p>Die Onlineredaktion der Goethe-Universit\u00e4t ist im Zeitraum der Schlie\u00dfzeit eingeschr\u00e4nkt erreichbar und die Beantwortung von Anfragen k\u00f6nnen sich verz\u00f6gern.<\/p>\n\n\n\n<p>Wir w\u00fcnschen allen Universit\u00e4tsangeh\u00f6rigen und allen Leser*innen einen guten Jahresabschluss und alles Gute f\u00fcr 2026!<\/p>\n\n\n\n<p><\/p>","protected":false},"excerpt":{"rendered":"<p>Das Pr\u00e4sidium der Goethe-Universit\u00e4t hat die Schlie\u00dfung der Universit\u00e4t vom 20.12.2025 bis 11.01.2026 unter Beachtung von Sonderregelungen beschlossen. In diesem Zeitraum bleiben alle Geb\u00e4ude der Goethe-Universit\u00e4t geschlossen und die Regelung [&hellip;]<\/p>\n","protected":false},"author":8,"featured_media":86635,"comment_status":"closed","ping_status":"closed","sticky":false,"template":"","format":"standard","meta":{"_eb_attr":"","_price":"","_stock":"","_tribe_ticket_header":"","_tribe_default_ticket_provider":"","_ticket_start_date":"","_ticket_end_date":"","_tribe_ticket_show_description":"","_tribe_ticket_show_not_going":false,"_tribe_ticket_use_global_stock":"","_tribe_ticket_global_stock_level":"","_global_stock_mode":"","_global_stock_cap":"","_tribe_rsvp_for_event":"","_tribe_ticket_going_count":"","_tribe_ticket_not_going_count":"","_tribe_tickets_list":"[]","_tribe_ticket_has_attendee_info_fields":false,"footnotes":""},"categories":[5,139],"tags":[16,38,18,17,11],"post_folder":[],"class_list":["post-86610","post","type-post","status-publish","format-standard","has-post-thumbnail","hentry","category-campus","category-instagram","tag-campus-bockenheim","tag-campus-niederrad","tag-campus-riedberg","tag-campus-westend","tag-sportcampus-ginnheim"],"yoast_head":"<!-- This site is optimized with the Yoast SEO plugin v27.5 - https:\/\/yoast.com\/product\/yoast-seo-wordpress\/ -->\n<title>Schlie\u00dfzeiten der Goethe-Universit\u00e4t zum Jahreswechsel 2025\/2026 | Aktuelles aus der Goethe-Universit\u00e4t Frankfurt<\/title>\n<meta name=\"robots\" content=\"index, follow, max-snippet:-1, max-image-preview:large, max-video-preview:-1\" \/>\n<link rel=\"canonical\" href=\"https:\/\/aktuelles.uni-frankfurt.de\/en\/campus\/schliesszeiten-der-goethe-universitaet-zum-jahreswechsel-2025-2026\/\" \/>\n<meta property=\"og:locale\" content=\"en_GB\" \/>\n<meta property=\"og:type\" content=\"article\" \/>\n<meta property=\"og:title\" content=\"Schlie\u00dfzeiten der Goethe-Universit\u00e4t zum Jahreswechsel 2025\/2026 | Aktuelles aus der Goethe-Universit\u00e4t Frankfurt\" \/>\n<meta property=\"og:description\" content=\"Das Pr\u00e4sidium der Goethe-Universit\u00e4t hat die Schlie\u00dfung der Universit\u00e4t vom 20.12.2025 bis 11.01.2026 unter Beachtung von Sonderregelungen beschlossen. In diesem Zeitraum bleiben alle Geb\u00e4ude der Goethe-Universit\u00e4t geschlossen und die Regelung [&hellip;]\" \/>\n<meta property=\"og:url\" content=\"https:\/\/aktuelles.uni-frankfurt.de\/en\/campus\/schliesszeiten-der-goethe-universitaet-zum-jahreswechsel-2025-2026\/\" \/>\n<meta property=\"og:site_name\" content=\"Aktuelles aus der Goethe-Universit\u00e4t Frankfurt\" \/>\n<meta property=\"article:published_time\" content=\"2025-12-02T08:03:23+00:00\" \/>\n<meta property=\"article:modified_time\" content=\"2025-12-08T12:44:33+00:00\" \/>\n<meta property=\"og:image\" content=\"https:\/\/aktuelles.uni-frankfurt.de\/wp-content\/uploads\/2025\/12\/schliesszeiten-202526-650x450px.jpg\" \/>\n\t<meta property=\"og:image:width\" content=\"650\" \/>\n\t<meta property=\"og:image:height\" content=\"450\" \/>\n\t<meta property=\"og:image:type\" content=\"image\/jpeg\" \/>\n<meta name=\"author\" content=\"-\" \/>\n<meta name=\"twitter:card\" content=\"summary_large_image\" \/>\n<meta name=\"twitter:label1\" content=\"Written by\" \/>\n\t<meta name=\"twitter:data1\" content=\"-\" \/>\n\t<meta name=\"twitter:label2\" content=\"Estimated reading time\" \/>\n\t<meta name=\"twitter:data2\" content=\"2 minutes\" \/>\n<script type=\"application\/ld+json\" class=\"yoast-schema-graph\">{\"@context\":\"https:\\\/\\\/schema.org\",\"@graph\":[{\"@type\":\"Article\",\"@id\":\"https:\\\/\\\/aktuelles.uni-frankfurt.de\\\/campus\\\/schliesszeiten-der-goethe-universitaet-zum-jahreswechsel-2025-2026\\\/#article\",\"isPartOf\":{\"@id\":\"https:\\\/\\\/aktuelles.uni-frankfurt.de\\\/campus\\\/schliesszeiten-der-goethe-universitaet-zum-jahreswechsel-2025-2026\\\/\"},\"author\":{\"name\":\"-\",\"@id\":\"https:\\\/\\\/aktuelles.uni-frankfurt.de\\\/#\\\/schema\\\/person\\\/8e55ea338fb65d1ce87a91565d1f1739\"},\"headline\":\"Schlie\u00dfzeiten der Goethe-Universit\u00e4t zum Jahreswechsel 2025\\\/2026\",\"datePublished\":\"2025-12-02T08:03:23+00:00\",\"dateModified\":\"2025-12-08T12:44:33+00:00\",\"mainEntityOfPage\":{\"@id\":\"https:\\\/\\\/aktuelles.uni-frankfurt.de\\\/campus\\\/schliesszeiten-der-goethe-universitaet-zum-jahreswechsel-2025-2026\\\/\"},\"wordCount\":429,\"publisher\":{\"@id\":\"https:\\\/\\\/aktuelles.uni-frankfurt.de\\\/#organization\"},\"image\":{\"@id\":\"https:\\\/\\\/aktuelles.uni-frankfurt.de\\\/campus\\\/schliesszeiten-der-goethe-universitaet-zum-jahreswechsel-2025-2026\\\/#primaryimage\"},\"thumbnailUrl\":\"https:\\\/\\\/aktuelles.uni-frankfurt.de\\\/wp-content\\\/uploads\\\/2025\\\/12\\\/schliesszeiten-202526-650x450px.jpg\",\"keywords\":[\"Campus Bockenheim\",\"Campus Niederrad\",\"Campus Riedberg\",\"Campus Westend\",\"Sportcampus Ginnheim\"],\"articleSection\":[\"Campus\",\"Instagram\"],\"inLanguage\":\"en-GB\"},{\"@type\":\"WebPage\",\"@id\":\"https:\\\/\\\/aktuelles.uni-frankfurt.de\\\/campus\\\/schliesszeiten-der-goethe-universitaet-zum-jahreswechsel-2025-2026\\\/\",\"url\":\"https:\\\/\\\/aktuelles.uni-frankfurt.de\\\/campus\\\/schliesszeiten-der-goethe-universitaet-zum-jahreswechsel-2025-2026\\\/\",\"name\":\"Schlie\u00dfzeiten der Goethe-Universit\u00e4t zum Jahreswechsel 2025\\\/2026 | Aktuelles aus der Goethe-Universit\u00e4t Frankfurt\",\"isPartOf\":{\"@id\":\"https:\\\/\\\/aktuelles.uni-frankfurt.de\\\/#website\"},\"primaryImageOfPage\":{\"@id\":\"https:\\\/\\\/aktuelles.uni-frankfurt.de\\\/campus\\\/schliesszeiten-der-goethe-universitaet-zum-jahreswechsel-2025-2026\\\/#primaryimage\"},\"image\":{\"@id\":\"https:\\\/\\\/aktuelles.uni-frankfurt.de\\\/campus\\\/schliesszeiten-der-goethe-universitaet-zum-jahreswechsel-2025-2026\\\/#primaryimage\"},\"thumbnailUrl\":\"https:\\\/\\\/aktuelles.uni-frankfurt.de\\\/wp-content\\\/uploads\\\/2025\\\/12\\\/schliesszeiten-202526-650x450px.jpg\",\"datePublished\":\"2025-12-02T08:03:23+00:00\",\"dateModified\":\"2025-12-08T12:44:33+00:00\",\"breadcrumb\":{\"@id\":\"https:\\\/\\\/aktuelles.uni-frankfurt.de\\\/campus\\\/schliesszeiten-der-goethe-universitaet-zum-jahreswechsel-2025-2026\\\/#breadcrumb\"},\"inLanguage\":\"en-GB\",\"potentialAction\":[{\"@type\":\"ReadAction\",\"target\":[\"https:\\\/\\\/aktuelles.uni-frankfurt.de\\\/campus\\\/schliesszeiten-der-goethe-universitaet-zum-jahreswechsel-2025-2026\\\/\"]}]},{\"@type\":\"ImageObject\",\"inLanguage\":\"en-GB\",\"@id\":\"https:\\\/\\\/aktuelles.uni-frankfurt.de\\\/campus\\\/schliesszeiten-der-goethe-universitaet-zum-jahreswechsel-2025-2026\\\/#primaryimage\",\"url\":\"https:\\\/\\\/aktuelles.uni-frankfurt.de\\\/wp-content\\\/uploads\\\/2025\\\/12\\\/schliesszeiten-202526-650x450px.jpg\",\"contentUrl\":\"https:\\\/\\\/aktuelles.uni-frankfurt.de\\\/wp-content\\\/uploads\\\/2025\\\/12\\\/schliesszeiten-202526-650x450px.jpg\",\"width\":650,\"height\":450},{\"@type\":\"BreadcrumbList\",\"@id\":\"https:\\\/\\\/aktuelles.uni-frankfurt.de\\\/campus\\\/schliesszeiten-der-goethe-universitaet-zum-jahreswechsel-2025-2026\\\/#breadcrumb\",\"itemListElement\":[{\"@type\":\"ListItem\",\"position\":1,\"name\":\"Startseite\",\"item\":\"https:\\\/\\\/aktuelles.uni-frankfurt.de\\\/\"},{\"@type\":\"ListItem\",\"position\":2,\"name\":\"Schlie\u00dfzeiten der Goethe-Universit\u00e4t zum Jahreswechsel 2025\\\/2026\"}]},{\"@type\":\"WebSite\",\"@id\":\"https:\\\/\\\/aktuelles.uni-frankfurt.de\\\/#website\",\"url\":\"https:\\\/\\\/aktuelles.uni-frankfurt.de\\\/\",\"name\":\"Aktuelles aus der Goethe-Universit\u00e4t Frankfurt\",\"description\":\"Aktuelles aus der Goethe-Universit\u00e4t | Neues aus Forschung, Lehre, Studium\",\"publisher\":{\"@id\":\"https:\\\/\\\/aktuelles.uni-frankfurt.de\\\/#organization\"},\"potentialAction\":[{\"@type\":\"SearchAction\",\"target\":{\"@type\":\"EntryPoint\",\"urlTemplate\":\"https:\\\/\\\/aktuelles.uni-frankfurt.de\\\/?s={search_term_string}\"},\"query-input\":{\"@type\":\"PropertyValueSpecification\",\"valueRequired\":true,\"valueName\":\"search_term_string\"}}],\"inLanguage\":\"en-GB\"},{\"@type\":\"Organization\",\"@id\":\"https:\\\/\\\/aktuelles.uni-frankfurt.de\\\/#organization\",\"name\":\"Goethe-Universit\u00e4t\",\"url\":\"https:\\\/\\\/aktuelles.uni-frankfurt.de\\\/\",\"logo\":{\"@type\":\"ImageObject\",\"inLanguage\":\"en-GB\",\"@id\":\"https:\\\/\\\/aktuelles.uni-frankfurt.de\\\/#\\\/schema\\\/logo\\\/image\\\/\",\"url\":\"https:\\\/\\\/aktuelles.uni-frankfurt.de\\\/wp-content\\\/uploads\\\/2022\\\/03\\\/800px-Goethe-Logo.png\",\"contentUrl\":\"https:\\\/\\\/aktuelles.uni-frankfurt.de\\\/wp-content\\\/uploads\\\/2022\\\/03\\\/800px-Goethe-Logo.png\",\"width\":800,\"height\":436,\"caption\":\"Goethe-Universit\u00e4t\"},\"image\":{\"@id\":\"https:\\\/\\\/aktuelles.uni-frankfurt.de\\\/#\\\/schema\\\/logo\\\/image\\\/\"}},{\"@type\":\"Person\",\"@id\":\"https:\\\/\\\/aktuelles.uni-frankfurt.de\\\/#\\\/schema\\\/person\\\/8e55ea338fb65d1ce87a91565d1f1739\",\"name\":\"-\",\"description\":\"Dieser Beitrag wurde von der Online-Redaktion ver\u00f6ffentlicht. Wenn der Beitrag von einem Gastautoren verfasst wurde, findet sich dieser Hinweis am Ende des jeweiligen Artikels.\",\"sameAs\":[\"http:\\\/\\\/aktuelles.uni-frankfurt.de\\\/autoren\"],\"url\":\"https:\\\/\\\/aktuelles.uni-frankfurt.de\\\/en\\\/author\\\/redaktion\\\/\"}]}<\/script>\n<!-- \/ Yoast SEO plugin. -->","yoast_head_json":{"title":"Schlie\u00dfzeiten der Goethe-Universit\u00e4t zum Jahreswechsel 2025\/2026 | Aktuelles aus der Goethe-Universit\u00e4t Frankfurt","robots":{"index":"index","follow":"follow","max-snippet":"max-snippet:-1","max-image-preview":"max-image-preview:large","max-video-preview":"max-video-preview:-1"},"canonical":"https:\/\/aktuelles.uni-frankfurt.de\/en\/campus\/schliesszeiten-der-goethe-universitaet-zum-jahreswechsel-2025-2026\/","og_locale":"en_GB","og_type":"article","og_title":"Schlie\u00dfzeiten der Goethe-Universit\u00e4t zum Jahreswechsel 2025\/2026 | Aktuelles aus der Goethe-Universit\u00e4t Frankfurt","og_description":"Das Pr\u00e4sidium der Goethe-Universit\u00e4t hat die Schlie\u00dfung der Universit\u00e4t vom 20.12.2025 bis 11.01.2026 unter Beachtung von Sonderregelungen beschlossen. In diesem Zeitraum bleiben alle Geb\u00e4ude der Goethe-Universit\u00e4t geschlossen und die Regelung [&hellip;]","og_url":"https:\/\/aktuelles.uni-frankfurt.de\/en\/campus\/schliesszeiten-der-goethe-universitaet-zum-jahreswechsel-2025-2026\/","og_site_name":"Aktuelles aus der Goethe-Universit\u00e4t Frankfurt","article_published_time":"2025-12-02T08:03:23+00:00","article_modified_time":"2025-12-08T12:44:33+00:00","og_image":[{"width":650,"height":450,"url":"https:\/\/aktuelles.uni-frankfurt.de\/wp-content\/uploads\/2025\/12\/schliesszeiten-202526-650x450px.jpg","type":"image\/jpeg"}],"author":"-","twitter_card":"summary_large_image","twitter_misc":{"Written by":"-","Estimated reading time":"2 minutes"},"schema":{"@context":"https:\/\/schema.org","@graph":[{"@type":"Article","@id":"https:\/\/aktuelles.uni-frankfurt.de\/campus\/schliesszeiten-der-goethe-universitaet-zum-jahreswechsel-2025-2026\/#article","isPartOf":{"@id":"https:\/\/aktuelles.uni-frankfurt.de\/campus\/schliesszeiten-der-goethe-universitaet-zum-jahreswechsel-2025-2026\/"},"author":{"name":"-","@id":"https:\/\/aktuelles.uni-frankfurt.de\/#\/schema\/person\/8e55ea338fb65d1ce87a91565d1f1739"},"headline":"Schlie\u00dfzeiten der Goethe-Universit\u00e4t zum Jahreswechsel 2025\/2026","datePublished":"2025-12-02T08:03:23+00:00","dateModified":"2025-12-08T12:44:33+00:00","mainEntityOfPage":{"@id":"https:\/\/aktuelles.uni-frankfurt.de\/campus\/schliesszeiten-der-goethe-universitaet-zum-jahreswechsel-2025-2026\/"},"wordCount":429,"publisher":{"@id":"https:\/\/aktuelles.uni-frankfurt.de\/#organization"},"image":{"@id":"https:\/\/aktuelles.uni-frankfurt.de\/campus\/schliesszeiten-der-goethe-universitaet-zum-jahreswechsel-2025-2026\/#primaryimage"},"thumbnailUrl":"https:\/\/aktuelles.uni-frankfurt.de\/wp-content\/uploads\/2025\/12\/schliesszeiten-202526-650x450px.jpg","keywords":["Campus Bockenheim","Campus Niederrad","Campus Riedberg","Campus Westend","Sportcampus Ginnheim"],"articleSection":["Campus","Instagram"],"inLanguage":"en-GB"},{"@type":"WebPage","@id":"https:\/\/aktuelles.uni-frankfurt.de\/campus\/schliesszeiten-der-goethe-universitaet-zum-jahreswechsel-2025-2026\/","url":"https:\/\/aktuelles.uni-frankfurt.de\/campus\/schliesszeiten-der-goethe-universitaet-zum-jahreswechsel-2025-2026\/","name":"Schlie\u00dfzeiten der Goethe-Universit\u00e4t zum Jahreswechsel 2025\/2026 | Aktuelles aus der Goethe-Universit\u00e4t Frankfurt","isPartOf":{"@id":"https:\/\/aktuelles.uni-frankfurt.de\/#website"},"primaryImageOfPage":{"@id":"https:\/\/aktuelles.uni-frankfurt.de\/campus\/schliesszeiten-der-goethe-universitaet-zum-jahreswechsel-2025-2026\/#primaryimage"},"image":{"@id":"https:\/\/aktuelles.uni-frankfurt.de\/campus\/schliesszeiten-der-goethe-universitaet-zum-jahreswechsel-2025-2026\/#primaryimage"},"thumbnailUrl":"https:\/\/aktuelles.uni-frankfurt.de\/wp-content\/uploads\/2025\/12\/schliesszeiten-202526-650x450px.jpg","datePublished":"2025-12-02T08:03:23+00:00","dateModified":"2025-12-08T12:44:33+00:00","breadcrumb":{"@id":"https:\/\/aktuelles.uni-frankfurt.de\/campus\/schliesszeiten-der-goethe-universitaet-zum-jahreswechsel-2025-2026\/#breadcrumb"},"inLanguage":"en-GB","potentialAction":[{"@type":"ReadAction","target":["https:\/\/aktuelles.uni-frankfurt.de\/campus\/schliesszeiten-der-goethe-universitaet-zum-jahreswechsel-2025-2026\/"]}]},{"@type":"ImageObject","inLanguage":"en-GB","@id":"https:\/\/aktuelles.uni-frankfurt.de\/campus\/schliesszeiten-der-goethe-universitaet-zum-jahreswechsel-2025-2026\/#primaryimage","url":"https:\/\/aktuelles.uni-frankfurt.de\/wp-content\/uploads\/2025\/12\/schliesszeiten-202526-650x450px.jpg","contentUrl":"https:\/\/aktuelles.uni-frankfurt.de\/wp-content\/uploads\/2025\/12\/schliesszeiten-202526-650x450px.jpg","width":650,"height":450},{"@type":"BreadcrumbList","@id":"https:\/\/aktuelles.uni-frankfurt.de\/campus\/schliesszeiten-der-goethe-universitaet-zum-jahreswechsel-2025-2026\/#breadcrumb","itemListElement":[{"@type":"ListItem","position":1,"name":"Startseite","item":"https:\/\/aktuelles.uni-frankfurt.de\/"},{"@type":"ListItem","position":2,"name":"Schlie\u00dfzeiten der Goethe-Universit\u00e4t zum Jahreswechsel 2025\/2026"}]},{"@type":"WebSite","@id":"https:\/\/aktuelles.uni-frankfurt.de\/#website","url":"https:\/\/aktuelles.uni-frankfurt.de\/","name":"Aktuelles aus der Goethe-Universit\u00e4t Frankfurt","description":"Aktuelles aus der Goethe-Universit\u00e4t | Neues aus Forschung, Lehre, Studium","publisher":{"@id":"https:\/\/aktuelles.uni-frankfurt.de\/#organization"},"potentialAction":[{"@type":"SearchAction","target":{"@type":"EntryPoint","urlTemplate":"https:\/\/aktuelles.uni-frankfurt.de\/?s={search_term_string}"},"query-input":{"@type":"PropertyValueSpecification","valueRequired":true,"valueName":"search_term_string"}}],"inLanguage":"en-GB"},{"@type":"Organization","@id":"https:\/\/aktuelles.uni-frankfurt.de\/#organization","name":"Goethe University Frankfurt","url":"https:\/\/aktuelles.uni-frankfurt.de\/","logo":{"@type":"ImageObject","inLanguage":"en-GB","@id":"https:\/\/aktuelles.uni-frankfurt.de\/#\/schema\/logo\/image\/","url":"https:\/\/aktuelles.uni-frankfurt.de\/wp-content\/uploads\/2022\/03\/800px-Goethe-Logo.png","contentUrl":"https:\/\/aktuelles.uni-frankfurt.de\/wp-content\/uploads\/2022\/03\/800px-Goethe-Logo.png","width":800,"height":436,"caption":"Goethe-Universit\u00e4t"},"image":{"@id":"https:\/\/aktuelles.uni-frankfurt.de\/#\/schema\/logo\/image\/"}},{"@type":"Person","@id":"https:\/\/aktuelles.uni-frankfurt.de\/#\/schema\/person\/8e55ea338fb65d1ce87a91565d1f1739","name":"-","description":"Dieser Beitrag wurde von der Online-Redaktion ver\u00f6ffentlicht. Wenn der Beitrag von einem Gastautoren verfasst wurde, findet sich dieser Hinweis am Ende des jeweiligen Artikels.","sameAs":["http:\/\/aktuelles.uni-frankfurt.de\/autoren"],"url":"https:\/\/aktuelles.uni-frankfurt.de\/en\/author\/redaktion\/"}]}},"_links":{"self":[{"href":"https:\/\/aktuelles.uni-frankfurt.de\/en\/wp-json\/wp\/v2\/posts\/86610","targetHints":{"allow":["GET"]}}],"collection":[{"href":"https:\/\/aktuelles.uni-frankfurt.de\/en\/wp-json\/wp\/v2\/posts"}],"about":[{"href":"https:\/\/aktuelles.uni-frankfurt.de\/en\/wp-json\/wp\/v2\/types\/post"}],"author":[{"embeddable":true,"href":"https:\/\/aktuelles.uni-frankfurt.de\/en\/wp-json\/wp\/v2\/users\/8"}],"replies":[{"embeddable":true,"href":"https:\/\/aktuelles.uni-frankfurt.de\/en\/wp-json\/wp\/v2\/comments?post=86610"}],"version-history":[{"count":0,"href":"https:\/\/aktuelles.uni-frankfurt.de\/en\/wp-json\/wp\/v2\/posts\/86610\/revisions"}],"wp:featuredmedia":[{"embeddable":true,"href":"https:\/\/aktuelles.uni-frankfurt.de\/en\/wp-json\/wp\/v2\/media\/86635"}],"wp:attachment":[{"href":"https:\/\/aktuelles.uni-frankfurt.de\/en\/wp-json\/wp\/v2\/media?parent=86610"}],"wp:term":[{"taxonomy":"category","embeddable":true,"href":"https:\/\/aktuelles.uni-frankfurt.de\/en\/wp-json\/wp\/v2\/categories?post=86610"},{"taxonomy":"post_tag","embeddable":true,"href":"https:\/\/aktuelles.uni-frankfurt.de\/en\/wp-json\/wp\/v2\/tags?post=86610"},{"taxonomy":"post_folder","embeddable":true,"href":"https:\/\/aktuelles.uni-frankfurt.de\/en\/wp-json\/wp\/v2\/post_folder?post=86610"}],"curies":[{"name":"wp","href":"https:\/\/api.w.org\/{rel}","templated":true}]}}