{"id":86731,"date":"2025-12-12T08:00:00","date_gmt":"2025-12-12T07:00:00","guid":{"rendered":"https:\/\/aktuelles.uni-frankfurt.de\/?p=86731"},"modified":"2025-12-16T16:20:07","modified_gmt":"2025-12-16T15:20:07","slug":"daten-und-demokratie","status":"publish","type":"post","link":"https:\/\/aktuelles.uni-frankfurt.de\/en\/einblick\/daten-und-demokratie\/","title":{"rendered":"Daten und Demokratie"},"content":{"rendered":"<p><strong>Im \u00bbCenter for Critical Computational Studies\u00ab (C\u00b3S) treffen Algorithmen auf gesellschaftliche Verantwortung<\/strong><\/p>\n\n\n\n<p><strong>Digitale Technik ver\u00e4ndert unsere Welt rasant. Doch wer denkt \u00fcber die Folgen dieser Ver\u00e4nderungen nach? Das neue Center for Critical Computational Studies (C\u00b3S) der Goethe-Universit\u00e4t tut genau das \u2013 und mehr: Es verbindet Rechenkraft mit Reflexion, Informatik mit Ethik, Daten mit Demokratie. Hier geht es nicht darum, Technologien nachtr\u00e4glich zu kritisieren, sondern sie von Anfang an fair, transparent und verantwortungsvoll zu gestalten.<\/strong><\/p>\n\n\n\n<div style=\"height:20px\" aria-hidden=\"true\" class=\"wp-block-spacer\"><\/div>\n\n\n\n<figure class=\"wp-block-image aligncenter size-large\"><img fetchpriority=\"high\" decoding=\"async\" width=\"500\" height=\"346\" src=\"https:\/\/aktuelles.uni-frankfurt.de\/wp-content\/uploads\/2025\/12\/beitragsbild-daten-und-demokratie-einblick61-500x346.jpg\" alt=\"\" class=\"wp-image-86881\" srcset=\"https:\/\/aktuelles.uni-frankfurt.de\/wp-content\/uploads\/2025\/12\/beitragsbild-daten-und-demokratie-einblick61-500x346.jpg 500w, https:\/\/aktuelles.uni-frankfurt.de\/wp-content\/uploads\/2025\/12\/beitragsbild-daten-und-demokratie-einblick61-300x208.jpg 300w, https:\/\/aktuelles.uni-frankfurt.de\/wp-content\/uploads\/2025\/12\/beitragsbild-daten-und-demokratie-einblick61-18x12.jpg 18w, https:\/\/aktuelles.uni-frankfurt.de\/wp-content\/uploads\/2025\/12\/beitragsbild-daten-und-demokratie-einblick61.jpg 650w\" sizes=\"(max-width: 500px) 100vw, 500px\" \/><\/figure>\n\n\n\n<div style=\"height:20px\" aria-hidden=\"true\" class=\"wp-block-spacer\"><\/div>\n\n\n\n<p>Wenn Wissenschaftler unter anderem aus der Informatik, Philosophie, Rechtswissenschaft und Naturwissenschaft nicht nebeneinander, sondern miteinander arbeiten, entsteht etwas Neues. Genau hier setzt das im Jahr 2023 gegr\u00fcndete C\u00b3S an. Seine radikale Idee: Komputationale Technologien (Daten, Algorithmen etc.) sollen nicht erst geschaffen und dann kritisiert, sondern von Anfang an gemeinsam entwickelt werden. \u00bbDie Digitalisierung betrifft jeden Lebensbereich. Darum brauchen wir Forschung und Lehre, die nicht nur methodisch exzellent ist, sondern auch gesellschaftliche Verantwortung \u00fcbernimmt. Das C\u00b3S vernetzt dazu Professor*innen und Principal Investigators aus verschiedenen Fachbereichen der Goethe-Universit\u00e4t,\u00ab sagt Universit\u00e4tspr\u00e4sident Enrico Schleiff.<\/p>\n\n\n\n<div style=\"height:20px\" aria-hidden=\"true\" class=\"wp-block-spacer\"><\/div>\n\n\n\n<h2 class=\"wp-block-heading\">Zwei Seiten einer Medaille<\/h2>\n\n\n\n<p>Die Verschr\u00e4nkung des \u00bbKomputationalen\u00ab mit dem \u00bbKritischen\u00ab ist das Herzst\u00fcck des Zentrums. Das C\u00b3S erforscht, wie digitale Technologien Gesellschaft formen und umgekehrt. Der komputationale Ansatz fragt: Wie k\u00f6nnen wir Systeme berechnen, modellieren, optimieren? Der kritische Ansatz dagegen fragt: Wer profitiert, wer wird ausgeschlossen, was bedeutet das f\u00fcr Demokratie und Gerechtigkeit? Beide Perspektiven geh\u00f6ren zusammen. Und nur gemeinsam k\u00f6nnen sie Zukunft gestalten.<\/p>\n\n\n\n<div style=\"height:20px\" aria-hidden=\"true\" class=\"wp-block-spacer\"><\/div>\n\n\n\n<h2 class=\"wp-block-heading\">Forschung und Lehre, die beides kann<\/h2>\n\n\n\n<p>Genau das geschieht im C\u00b3S. Ob beispielsweise bei Smart Cities oder Klimamodellen \u2013 das C\u00b3S bringt Technik und Verantwortung zusammen. Die Informatik und die Naturwissenschaften entwickeln Verfahren mit h\u00f6chster Pr\u00e4zision. Die Sozial- und Geisteswissenschaften reflektieren, ob diese fair, nachvollziehbar und legitim sind. So entstehen L\u00f6sungen, die technisch stark und gesellschaftlich vertr\u00e4glich sind.<\/p>\n\n\n\n<div style=\"height:20px\" aria-hidden=\"true\" class=\"wp-block-spacer\"><\/div>\n\n\n\n<h2 class=\"wp-block-heading\">Das Selbstverst\u00e4ndnis<\/h2>\n\n\n\n<p>\u00bbWeder soll das eine K (das Kritische oder das Komputationale) das andere K blockieren noch soll ein K dominieren. Beides soll sich erg\u00e4nzen, damit wir unsere digitalen Zuk\u00fcnfte aktiv gestalten k\u00f6nnen\u00ab, erkl\u00e4rt Prof. Christoph Burchard, Gr\u00fcndungssprecher des Zentrums. Diese Idee soll auch die sich im Aufbau befindliche Lehre pr\u00e4gen: Cross-disziplin\u00e4re Lehrinhalte, also Lehrangebote, die Wissen, Methoden oder Perspektiven aus mehreren wissenschaftlichen Disziplinen verbinden, sollen nicht nur Kompetenzen vermitteln, sondern auch eine kritisch-komputationale Haltung f\u00f6rdern. Das Ziel besteht darin, vertrauensw\u00fcrdige und nachhaltige Technologien zu entwickeln und verantwortungsvoll anzuwenden.<\/p>\n\n\n\n<div style=\"height:20px\" aria-hidden=\"true\" class=\"wp-block-spacer\"><\/div>\n\n\n\n<h2 class=\"wp-block-heading\">Investitionen in und Verantwortung f\u00fcr die Zukunft<\/h2>\n\n\n\n<p>Bis Ende des Jahres werden am Center for Critical Computational Studies sechs und mehr Professoren ihre Stellen angetreten haben. Insgesamt sind mindestens zw\u00f6lf neue Professuren geplant. Zudem soll der ehemalige Bio-Campus an der Siesmayerstra\u00dfe als Zukunftscampus reaktiviert werden. Mit alledem unterstreicht die Universit\u00e4t ihr langfristiges Engagement und zeigt, dass sie Verantwortung f\u00fcr die digitale Transformation \u00fcbernimmt. Frankfurt bietet mit seinen Schwerpunkten in Klima- und Sozialforschung, Informatik und Recht ein ideales Umfeld daf\u00fcr. Am Ende geht es um Vertrauen. Technologie soll nicht nur funktionieren, sondern auch gerechtfertigt sein. Das C\u00b3S steht f\u00fcr Wissenschaft, die unsere digitale Gegenwart nicht nur denkt, sondern gestaltet. <\/p>\n\n\n\n<p class=\"has-text-align-right\"><em>Autorin: Heike J\u00fcngst<\/em><\/p>\n\n\n\n<p><\/p>","protected":false},"excerpt":{"rendered":"<p>Im \u00bbCenter for Critical Computational Studies\u00ab (C\u00b3S) treffen Algorithmen auf gesellschaftliche Verantwortung Digitale Technik ver\u00e4ndert unsere Welt rasant. Doch wer denkt \u00fcber die Folgen dieser Ver\u00e4nderungen nach? Das neue Center [&hellip;]<\/p>\n","protected":false},"author":8,"featured_media":86881,"comment_status":"closed","ping_status":"closed","sticky":false,"template":"","format":"standard","meta":{"_eb_attr":"","_price":"","_stock":"","_tribe_ticket_header":"","_tribe_default_ticket_provider":"","_ticket_start_date":"","_ticket_end_date":"","_tribe_ticket_show_description":"","_tribe_ticket_show_not_going":false,"_tribe_ticket_use_global_stock":"","_tribe_ticket_global_stock_level":"","_global_stock_mode":"","_global_stock_cap":"","_tribe_rsvp_for_event":"","_tribe_ticket_going_count":"","_tribe_ticket_not_going_count":"","_tribe_tickets_list":"[]","_tribe_ticket_has_attendee_info_fields":false,"footnotes":""},"categories":[266],"tags":[80,420],"post_folder":[],"class_list":["post-86731","post","type-post","status-publish","format-standard","has-post-thumbnail","hentry","category-einblick","tag-alumni","tag-einblick-61"],"yoast_head":"<!-- This site is optimized with the Yoast SEO plugin v27.5 - https:\/\/yoast.com\/product\/yoast-seo-wordpress\/ -->\n<title>Daten und Demokratie | Aktuelles aus der Goethe-Universit\u00e4t Frankfurt<\/title>\n<meta name=\"robots\" content=\"index, follow, max-snippet:-1, max-image-preview:large, max-video-preview:-1\" \/>\n<link rel=\"canonical\" href=\"https:\/\/aktuelles.uni-frankfurt.de\/en\/einblick\/daten-und-demokratie\/\" \/>\n<meta property=\"og:locale\" content=\"en_GB\" \/>\n<meta property=\"og:type\" content=\"article\" \/>\n<meta property=\"og:title\" content=\"Daten und Demokratie | Aktuelles aus der Goethe-Universit\u00e4t Frankfurt\" \/>\n<meta property=\"og:description\" content=\"Im \u00bbCenter for Critical Computational Studies\u00ab (C\u00b3S) treffen Algorithmen auf gesellschaftliche Verantwortung Digitale Technik ver\u00e4ndert unsere Welt rasant. Doch wer denkt \u00fcber die Folgen dieser Ver\u00e4nderungen nach? Das neue Center [&hellip;]\" \/>\n<meta property=\"og:url\" content=\"https:\/\/aktuelles.uni-frankfurt.de\/en\/einblick\/daten-und-demokratie\/\" \/>\n<meta property=\"og:site_name\" content=\"Aktuelles aus der Goethe-Universit\u00e4t Frankfurt\" \/>\n<meta property=\"article:published_time\" content=\"2025-12-12T07:00:00+00:00\" \/>\n<meta property=\"article:modified_time\" content=\"2025-12-16T15:20:07+00:00\" \/>\n<meta property=\"og:image\" content=\"https:\/\/aktuelles.uni-frankfurt.de\/wp-content\/uploads\/2025\/12\/beitragsbild-daten-und-demokratie-einblick61.jpg\" \/>\n\t<meta property=\"og:image:width\" content=\"650\" \/>\n\t<meta property=\"og:image:height\" content=\"450\" \/>\n\t<meta property=\"og:image:type\" content=\"image\/jpeg\" \/>\n<meta name=\"author\" content=\"-\" \/>\n<meta name=\"twitter:card\" content=\"summary_large_image\" \/>\n<meta name=\"twitter:label1\" content=\"Written by\" \/>\n\t<meta name=\"twitter:data1\" content=\"-\" \/>\n\t<meta name=\"twitter:label2\" content=\"Estimated reading time\" \/>\n\t<meta name=\"twitter:data2\" content=\"3 minutes\" \/>\n<script type=\"application\/ld+json\" class=\"yoast-schema-graph\">{\"@context\":\"https:\\\/\\\/schema.org\",\"@graph\":[{\"@type\":\"Article\",\"@id\":\"https:\\\/\\\/aktuelles.uni-frankfurt.de\\\/einblick\\\/daten-und-demokratie\\\/#article\",\"isPartOf\":{\"@id\":\"https:\\\/\\\/aktuelles.uni-frankfurt.de\\\/einblick\\\/daten-und-demokratie\\\/\"},\"author\":{\"name\":\"-\",\"@id\":\"https:\\\/\\\/aktuelles.uni-frankfurt.de\\\/#\\\/schema\\\/person\\\/8e55ea338fb65d1ce87a91565d1f1739\"},\"headline\":\"Daten und Demokratie\",\"datePublished\":\"2025-12-12T07:00:00+00:00\",\"dateModified\":\"2025-12-16T15:20:07+00:00\",\"mainEntityOfPage\":{\"@id\":\"https:\\\/\\\/aktuelles.uni-frankfurt.de\\\/einblick\\\/daten-und-demokratie\\\/\"},\"wordCount\":532,\"publisher\":{\"@id\":\"https:\\\/\\\/aktuelles.uni-frankfurt.de\\\/#organization\"},\"image\":{\"@id\":\"https:\\\/\\\/aktuelles.uni-frankfurt.de\\\/einblick\\\/daten-und-demokratie\\\/#primaryimage\"},\"thumbnailUrl\":\"https:\\\/\\\/aktuelles.uni-frankfurt.de\\\/wp-content\\\/uploads\\\/2025\\\/12\\\/beitragsbild-daten-und-demokratie-einblick61.jpg\",\"keywords\":[\"Alumni\",\"EinBlick 61\"],\"articleSection\":[\"EinBlick\"],\"inLanguage\":\"en-GB\"},{\"@type\":\"WebPage\",\"@id\":\"https:\\\/\\\/aktuelles.uni-frankfurt.de\\\/einblick\\\/daten-und-demokratie\\\/\",\"url\":\"https:\\\/\\\/aktuelles.uni-frankfurt.de\\\/einblick\\\/daten-und-demokratie\\\/\",\"name\":\"Daten und Demokratie | Aktuelles aus der Goethe-Universit\u00e4t Frankfurt\",\"isPartOf\":{\"@id\":\"https:\\\/\\\/aktuelles.uni-frankfurt.de\\\/#website\"},\"primaryImageOfPage\":{\"@id\":\"https:\\\/\\\/aktuelles.uni-frankfurt.de\\\/einblick\\\/daten-und-demokratie\\\/#primaryimage\"},\"image\":{\"@id\":\"https:\\\/\\\/aktuelles.uni-frankfurt.de\\\/einblick\\\/daten-und-demokratie\\\/#primaryimage\"},\"thumbnailUrl\":\"https:\\\/\\\/aktuelles.uni-frankfurt.de\\\/wp-content\\\/uploads\\\/2025\\\/12\\\/beitragsbild-daten-und-demokratie-einblick61.jpg\",\"datePublished\":\"2025-12-12T07:00:00+00:00\",\"dateModified\":\"2025-12-16T15:20:07+00:00\",\"breadcrumb\":{\"@id\":\"https:\\\/\\\/aktuelles.uni-frankfurt.de\\\/einblick\\\/daten-und-demokratie\\\/#breadcrumb\"},\"inLanguage\":\"en-GB\",\"potentialAction\":[{\"@type\":\"ReadAction\",\"target\":[\"https:\\\/\\\/aktuelles.uni-frankfurt.de\\\/einblick\\\/daten-und-demokratie\\\/\"]}]},{\"@type\":\"ImageObject\",\"inLanguage\":\"en-GB\",\"@id\":\"https:\\\/\\\/aktuelles.uni-frankfurt.de\\\/einblick\\\/daten-und-demokratie\\\/#primaryimage\",\"url\":\"https:\\\/\\\/aktuelles.uni-frankfurt.de\\\/wp-content\\\/uploads\\\/2025\\\/12\\\/beitragsbild-daten-und-demokratie-einblick61.jpg\",\"contentUrl\":\"https:\\\/\\\/aktuelles.uni-frankfurt.de\\\/wp-content\\\/uploads\\\/2025\\\/12\\\/beitragsbild-daten-und-demokratie-einblick61.jpg\",\"width\":650,\"height\":450,\"caption\":\"View of a crowd with a network of connections. Big data, smart city, wifi concept\"},{\"@type\":\"BreadcrumbList\",\"@id\":\"https:\\\/\\\/aktuelles.uni-frankfurt.de\\\/einblick\\\/daten-und-demokratie\\\/#breadcrumb\",\"itemListElement\":[{\"@type\":\"ListItem\",\"position\":1,\"name\":\"Startseite\",\"item\":\"https:\\\/\\\/aktuelles.uni-frankfurt.de\\\/\"},{\"@type\":\"ListItem\",\"position\":2,\"name\":\"Daten und Demokratie\"}]},{\"@type\":\"WebSite\",\"@id\":\"https:\\\/\\\/aktuelles.uni-frankfurt.de\\\/#website\",\"url\":\"https:\\\/\\\/aktuelles.uni-frankfurt.de\\\/\",\"name\":\"Aktuelles aus der Goethe-Universit\u00e4t Frankfurt\",\"description\":\"Aktuelles aus der Goethe-Universit\u00e4t | Neues aus Forschung, Lehre, Studium\",\"publisher\":{\"@id\":\"https:\\\/\\\/aktuelles.uni-frankfurt.de\\\/#organization\"},\"potentialAction\":[{\"@type\":\"SearchAction\",\"target\":{\"@type\":\"EntryPoint\",\"urlTemplate\":\"https:\\\/\\\/aktuelles.uni-frankfurt.de\\\/?s={search_term_string}\"},\"query-input\":{\"@type\":\"PropertyValueSpecification\",\"valueRequired\":true,\"valueName\":\"search_term_string\"}}],\"inLanguage\":\"en-GB\"},{\"@type\":\"Organization\",\"@id\":\"https:\\\/\\\/aktuelles.uni-frankfurt.de\\\/#organization\",\"name\":\"Goethe-Universit\u00e4t\",\"url\":\"https:\\\/\\\/aktuelles.uni-frankfurt.de\\\/\",\"logo\":{\"@type\":\"ImageObject\",\"inLanguage\":\"en-GB\",\"@id\":\"https:\\\/\\\/aktuelles.uni-frankfurt.de\\\/#\\\/schema\\\/logo\\\/image\\\/\",\"url\":\"https:\\\/\\\/aktuelles.uni-frankfurt.de\\\/wp-content\\\/uploads\\\/2022\\\/03\\\/800px-Goethe-Logo.png\",\"contentUrl\":\"https:\\\/\\\/aktuelles.uni-frankfurt.de\\\/wp-content\\\/uploads\\\/2022\\\/03\\\/800px-Goethe-Logo.png\",\"width\":800,\"height\":436,\"caption\":\"Goethe-Universit\u00e4t\"},\"image\":{\"@id\":\"https:\\\/\\\/aktuelles.uni-frankfurt.de\\\/#\\\/schema\\\/logo\\\/image\\\/\"}},{\"@type\":\"Person\",\"@id\":\"https:\\\/\\\/aktuelles.uni-frankfurt.de\\\/#\\\/schema\\\/person\\\/8e55ea338fb65d1ce87a91565d1f1739\",\"name\":\"-\",\"description\":\"Dieser Beitrag wurde von der Online-Redaktion ver\u00f6ffentlicht. Wenn der Beitrag von einem Gastautoren verfasst wurde, findet sich dieser Hinweis am Ende des jeweiligen Artikels.\",\"sameAs\":[\"http:\\\/\\\/aktuelles.uni-frankfurt.de\\\/autoren\"],\"url\":\"https:\\\/\\\/aktuelles.uni-frankfurt.de\\\/en\\\/author\\\/redaktion\\\/\"}]}<\/script>\n<!-- \/ Yoast SEO plugin. -->","yoast_head_json":{"title":"Daten und Demokratie | Aktuelles aus der Goethe-Universit\u00e4t Frankfurt","robots":{"index":"index","follow":"follow","max-snippet":"max-snippet:-1","max-image-preview":"max-image-preview:large","max-video-preview":"max-video-preview:-1"},"canonical":"https:\/\/aktuelles.uni-frankfurt.de\/en\/einblick\/daten-und-demokratie\/","og_locale":"en_GB","og_type":"article","og_title":"Daten und Demokratie | Aktuelles aus der Goethe-Universit\u00e4t Frankfurt","og_description":"Im \u00bbCenter for Critical Computational Studies\u00ab (C\u00b3S) treffen Algorithmen auf gesellschaftliche Verantwortung Digitale Technik ver\u00e4ndert unsere Welt rasant. Doch wer denkt \u00fcber die Folgen dieser Ver\u00e4nderungen nach? Das neue Center [&hellip;]","og_url":"https:\/\/aktuelles.uni-frankfurt.de\/en\/einblick\/daten-und-demokratie\/","og_site_name":"Aktuelles aus der Goethe-Universit\u00e4t Frankfurt","article_published_time":"2025-12-12T07:00:00+00:00","article_modified_time":"2025-12-16T15:20:07+00:00","og_image":[{"width":650,"height":450,"url":"https:\/\/aktuelles.uni-frankfurt.de\/wp-content\/uploads\/2025\/12\/beitragsbild-daten-und-demokratie-einblick61.jpg","type":"image\/jpeg"}],"author":"-","twitter_card":"summary_large_image","twitter_misc":{"Written by":"-","Estimated reading time":"3 minutes"},"schema":{"@context":"https:\/\/schema.org","@graph":[{"@type":"Article","@id":"https:\/\/aktuelles.uni-frankfurt.de\/einblick\/daten-und-demokratie\/#article","isPartOf":{"@id":"https:\/\/aktuelles.uni-frankfurt.de\/einblick\/daten-und-demokratie\/"},"author":{"name":"-","@id":"https:\/\/aktuelles.uni-frankfurt.de\/#\/schema\/person\/8e55ea338fb65d1ce87a91565d1f1739"},"headline":"Daten und Demokratie","datePublished":"2025-12-12T07:00:00+00:00","dateModified":"2025-12-16T15:20:07+00:00","mainEntityOfPage":{"@id":"https:\/\/aktuelles.uni-frankfurt.de\/einblick\/daten-und-demokratie\/"},"wordCount":532,"publisher":{"@id":"https:\/\/aktuelles.uni-frankfurt.de\/#organization"},"image":{"@id":"https:\/\/aktuelles.uni-frankfurt.de\/einblick\/daten-und-demokratie\/#primaryimage"},"thumbnailUrl":"https:\/\/aktuelles.uni-frankfurt.de\/wp-content\/uploads\/2025\/12\/beitragsbild-daten-und-demokratie-einblick61.jpg","keywords":["Alumni","EinBlick 61"],"articleSection":["EinBlick"],"inLanguage":"en-GB"},{"@type":"WebPage","@id":"https:\/\/aktuelles.uni-frankfurt.de\/einblick\/daten-und-demokratie\/","url":"https:\/\/aktuelles.uni-frankfurt.de\/einblick\/daten-und-demokratie\/","name":"Daten und Demokratie | Aktuelles aus der Goethe-Universit\u00e4t Frankfurt","isPartOf":{"@id":"https:\/\/aktuelles.uni-frankfurt.de\/#website"},"primaryImageOfPage":{"@id":"https:\/\/aktuelles.uni-frankfurt.de\/einblick\/daten-und-demokratie\/#primaryimage"},"image":{"@id":"https:\/\/aktuelles.uni-frankfurt.de\/einblick\/daten-und-demokratie\/#primaryimage"},"thumbnailUrl":"https:\/\/aktuelles.uni-frankfurt.de\/wp-content\/uploads\/2025\/12\/beitragsbild-daten-und-demokratie-einblick61.jpg","datePublished":"2025-12-12T07:00:00+00:00","dateModified":"2025-12-16T15:20:07+00:00","breadcrumb":{"@id":"https:\/\/aktuelles.uni-frankfurt.de\/einblick\/daten-und-demokratie\/#breadcrumb"},"inLanguage":"en-GB","potentialAction":[{"@type":"ReadAction","target":["https:\/\/aktuelles.uni-frankfurt.de\/einblick\/daten-und-demokratie\/"]}]},{"@type":"ImageObject","inLanguage":"en-GB","@id":"https:\/\/aktuelles.uni-frankfurt.de\/einblick\/daten-und-demokratie\/#primaryimage","url":"https:\/\/aktuelles.uni-frankfurt.de\/wp-content\/uploads\/2025\/12\/beitragsbild-daten-und-demokratie-einblick61.jpg","contentUrl":"https:\/\/aktuelles.uni-frankfurt.de\/wp-content\/uploads\/2025\/12\/beitragsbild-daten-und-demokratie-einblick61.jpg","width":650,"height":450,"caption":"View of a crowd with a network of connections. Big data, smart city, wifi concept"},{"@type":"BreadcrumbList","@id":"https:\/\/aktuelles.uni-frankfurt.de\/einblick\/daten-und-demokratie\/#breadcrumb","itemListElement":[{"@type":"ListItem","position":1,"name":"Startseite","item":"https:\/\/aktuelles.uni-frankfurt.de\/"},{"@type":"ListItem","position":2,"name":"Daten und Demokratie"}]},{"@type":"WebSite","@id":"https:\/\/aktuelles.uni-frankfurt.de\/#website","url":"https:\/\/aktuelles.uni-frankfurt.de\/","name":"Aktuelles aus der Goethe-Universit\u00e4t Frankfurt","description":"Aktuelles aus der Goethe-Universit\u00e4t | Neues aus Forschung, Lehre, Studium","publisher":{"@id":"https:\/\/aktuelles.uni-frankfurt.de\/#organization"},"potentialAction":[{"@type":"SearchAction","target":{"@type":"EntryPoint","urlTemplate":"https:\/\/aktuelles.uni-frankfurt.de\/?s={search_term_string}"},"query-input":{"@type":"PropertyValueSpecification","valueRequired":true,"valueName":"search_term_string"}}],"inLanguage":"en-GB"},{"@type":"Organization","@id":"https:\/\/aktuelles.uni-frankfurt.de\/#organization","name":"Goethe University Frankfurt","url":"https:\/\/aktuelles.uni-frankfurt.de\/","logo":{"@type":"ImageObject","inLanguage":"en-GB","@id":"https:\/\/aktuelles.uni-frankfurt.de\/#\/schema\/logo\/image\/","url":"https:\/\/aktuelles.uni-frankfurt.de\/wp-content\/uploads\/2022\/03\/800px-Goethe-Logo.png","contentUrl":"https:\/\/aktuelles.uni-frankfurt.de\/wp-content\/uploads\/2022\/03\/800px-Goethe-Logo.png","width":800,"height":436,"caption":"Goethe-Universit\u00e4t"},"image":{"@id":"https:\/\/aktuelles.uni-frankfurt.de\/#\/schema\/logo\/image\/"}},{"@type":"Person","@id":"https:\/\/aktuelles.uni-frankfurt.de\/#\/schema\/person\/8e55ea338fb65d1ce87a91565d1f1739","name":"-","description":"Dieser Beitrag wurde von der Online-Redaktion ver\u00f6ffentlicht. Wenn der Beitrag von einem Gastautoren verfasst wurde, findet sich dieser Hinweis am Ende des jeweiligen Artikels.","sameAs":["http:\/\/aktuelles.uni-frankfurt.de\/autoren"],"url":"https:\/\/aktuelles.uni-frankfurt.de\/en\/author\/redaktion\/"}]}},"_links":{"self":[{"href":"https:\/\/aktuelles.uni-frankfurt.de\/en\/wp-json\/wp\/v2\/posts\/86731","targetHints":{"allow":["GET"]}}],"collection":[{"href":"https:\/\/aktuelles.uni-frankfurt.de\/en\/wp-json\/wp\/v2\/posts"}],"about":[{"href":"https:\/\/aktuelles.uni-frankfurt.de\/en\/wp-json\/wp\/v2\/types\/post"}],"author":[{"embeddable":true,"href":"https:\/\/aktuelles.uni-frankfurt.de\/en\/wp-json\/wp\/v2\/users\/8"}],"replies":[{"embeddable":true,"href":"https:\/\/aktuelles.uni-frankfurt.de\/en\/wp-json\/wp\/v2\/comments?post=86731"}],"version-history":[{"count":0,"href":"https:\/\/aktuelles.uni-frankfurt.de\/en\/wp-json\/wp\/v2\/posts\/86731\/revisions"}],"wp:featuredmedia":[{"embeddable":true,"href":"https:\/\/aktuelles.uni-frankfurt.de\/en\/wp-json\/wp\/v2\/media\/86881"}],"wp:attachment":[{"href":"https:\/\/aktuelles.uni-frankfurt.de\/en\/wp-json\/wp\/v2\/media?parent=86731"}],"wp:term":[{"taxonomy":"category","embeddable":true,"href":"https:\/\/aktuelles.uni-frankfurt.de\/en\/wp-json\/wp\/v2\/categories?post=86731"},{"taxonomy":"post_tag","embeddable":true,"href":"https:\/\/aktuelles.uni-frankfurt.de\/en\/wp-json\/wp\/v2\/tags?post=86731"},{"taxonomy":"post_folder","embeddable":true,"href":"https:\/\/aktuelles.uni-frankfurt.de\/en\/wp-json\/wp\/v2\/post_folder?post=86731"}],"curies":[{"name":"wp","href":"https:\/\/api.w.org\/{rel}","templated":true}]}}