{"id":86870,"date":"2025-12-09T12:19:16","date_gmt":"2025-12-09T11:19:16","guid":{"rendered":"https:\/\/aktuelles.uni-frankfurt.de\/?p=86870"},"modified":"2025-12-10T14:52:32","modified_gmt":"2025-12-10T13:52:32","slug":"belege-fuer-interreligioeses-zusammenleben-in-vorderasien","status":"publish","type":"post","link":"https:\/\/aktuelles.uni-frankfurt.de\/en\/forschung\/belege-fuer-interreligioeses-zusammenleben-in-vorderasien\/","title":{"rendered":"Belege f\u00fcr interreligi\u00f6ses Zusammenleben in Vorderasien"},"content":{"rendered":"<p><em>Arch\u00e4ologenteam der Goethe-Universit\u00e4t kehrt mit neuen Erkenntnissen \u00fcber die Zeit vor 1500 Jahren von Grabung im Irak zur\u00fcck<\/em>.<\/p>\n\n\n\n<div style=\"height:20px\" aria-hidden=\"true\" class=\"wp-block-spacer\"><\/div>\n\n\n\n<figure class=\"wp-block-image aligncenter size-full\"><img fetchpriority=\"high\" decoding=\"async\" width=\"650\" height=\"450\" src=\"https:\/\/aktuelles.uni-frankfurt.de\/wp-content\/uploads\/2025\/12\/archaeologie-1-wicke-650x450px.jpg?ver=1765371729\" alt=\"Gird-\u00ee Kazhaw in der Abendd\u00e4mmerung. \u00a9 DFG-Projekt L\u00e4ndliche Siedlungen der Sasaniden-Zeit, Tamm\/Wicke\" class=\"wp-image-86871\" srcset=\"https:\/\/aktuelles.uni-frankfurt.de\/wp-content\/uploads\/2025\/12\/archaeologie-1-wicke-650x450px.jpg 650w, https:\/\/aktuelles.uni-frankfurt.de\/wp-content\/uploads\/2025\/12\/archaeologie-1-wicke-650x450px-300x208.jpg 300w, https:\/\/aktuelles.uni-frankfurt.de\/wp-content\/uploads\/2025\/12\/archaeologie-1-wicke-650x450px-500x346.jpg 500w, https:\/\/aktuelles.uni-frankfurt.de\/wp-content\/uploads\/2025\/12\/archaeologie-1-wicke-650x450px-18x12.jpg 18w\" sizes=\"(max-width: 650px) 100vw, 650px\" \/><figcaption class=\"wp-element-caption\">Gird-\u00ee Kazhaw in der Abendd\u00e4mmerung. \u00a9 DFG-Projekt L\u00e4ndliche Siedlungen der Sasaniden-Zeit, Tamm\/Wicke<\/figcaption><\/figure>\n\n\n\n<div style=\"height:20px\" aria-hidden=\"true\" class=\"wp-block-spacer\"><\/div>\n\n\n\n<p><strong>In der Region des heutigen Irak haben im f\u00fcnften Jahrhundert Christen und Zoroastrier mutma\u00dflich friedlich nebeneinander gelebt: Diese Erkenntnis konnte ein Team von Arch\u00e4ologinnen und Arch\u00e4ologen der Goethe-Universit\u00e4t im Zuge einer dreij\u00e4hrigen Forschung best\u00e4tigen.<\/strong><\/p>\n\n\n\n<p>Ohne Funde, aber daf\u00fcr mit vielen neuen Erkenntnissen ist das Arch\u00e4ologenteam um Dr. Alexander Tamm (Universit\u00e4t Erlangen-N\u00fcrnberg) und Prof. Dirk Wicke (Institut f\u00fcr Arch\u00e4ologische Wissenschaften) von ihren Feldforschungen aus dem Nordirak zur\u00fcckgekehrt. In den vergangenen Monaten hat das zehnk\u00f6pfige Team einen Geb\u00e4udekomplex am Fundplatz Gird-\u00ee Kazhaw im kurdischen Gebiet des Irak untersucht. Der schon seit 2015 bekannte Bau wurde wahrscheinlich um 500 nach Christus errichtet. Doch welchem Zweck er gedient hat, war bislang nicht sicher.<\/p>\n\n\n\n<p>Die f\u00fcnf quadratischen Pfeiler aus Bruchsteinen, teils mit wei\u00dfem Gips verputzt, hatten vermuten lassen, dass es sich um einen Kirchenbau handeln k\u00f6nnte. Geophysikalische Untersuchungen hatten gezeigt, dass noch weitere Mauerz\u00fcge unter der Erde liegen, so dass diese \u201eKirche\u201c zun\u00e4chst als Teil eines gr\u00f6\u00dferen Klosterkomplexes gedeutet worden war. Insbesondere auch das Verh\u00e4ltnis zu einem direkt angrenzenden Siedlungsh\u00fcgel mit einer kleinen sasanidischen Befestigungsanlage aus dem 5. bis 6. Jahrhundert nach Christus ist noch ungekl\u00e4rt. Diese Befestigungsanlage ist \u00fcberlagert von einem islamischen Friedhof.<\/p>\n\n\n\n<p>Das Team aus Frankfurt setzte mit seinen Grabungen in diesem Sp\u00e4tsommer in zwei Arealen an: einer Fl\u00e4chengrabung um den Pfeilerbau (Areal A) und einer Untersuchung des islamischen Friedhofes (Areal B) mit Schwerpunkt auf der anthropologischen Dokumentation (Abb. 1). Relativ dicht traten in Areal A unter der Oberfl\u00e4che Ziegelmauern sowie B\u00f6den aus Stampflehm und sp\u00e4ter auch aus Steinen und gebrochenen Ziegeln zu Tage. Eine gro\u00dfe \u00dcberraschung war die Entdeckung weiterer Steinpfeiler, die die Existenz einer m\u00f6glicherweise dreischiffigen Anlage mit Mittelschiff in Nordwest-S\u00fcd\u00f6stlicher Richtung nahelegen, wie sie bereits in der fr\u00fchchristlichen Sakralarchitektur dieser Region belegt sind. Ungew\u00f6hnlich ist die Gr\u00f6\u00dfe des Mittelschiffes von vermutlich 25 auf 5 Metern (Abb. 2). Ob es sich bei den angrenzenden R\u00e4umen aber tats\u00e4chlich um eine Klosteranlage handelt, wird die Forschung in den n\u00e4chsten Jahren kl\u00e4ren m\u00fcssen.<\/p>\n\n\n\n<div style=\"height:20px\" aria-hidden=\"true\" class=\"wp-block-spacer\"><\/div>\n\n\n\n<figure class=\"wp-block-image aligncenter size-full\"><img decoding=\"async\" width=\"650\" height=\"450\" src=\"https:\/\/aktuelles.uni-frankfurt.de\/wp-content\/uploads\/2025\/12\/archaeologie-2-wicke-650x450px.jpg?ver=1765371831\" alt=\"Abb. 2: Pfeiler aus Bruchsteinen in Areal A. \u00a9 DFG-Projekt L\u00e4ndliche Siedlungen der Sasaniden-Zeit, Tamm\/Wicke\" class=\"wp-image-86874\" srcset=\"https:\/\/aktuelles.uni-frankfurt.de\/wp-content\/uploads\/2025\/12\/archaeologie-2-wicke-650x450px.jpg 650w, https:\/\/aktuelles.uni-frankfurt.de\/wp-content\/uploads\/2025\/12\/archaeologie-2-wicke-650x450px-300x208.jpg 300w, https:\/\/aktuelles.uni-frankfurt.de\/wp-content\/uploads\/2025\/12\/archaeologie-2-wicke-650x450px-500x346.jpg 500w, https:\/\/aktuelles.uni-frankfurt.de\/wp-content\/uploads\/2025\/12\/archaeologie-2-wicke-650x450px-18x12.jpg 18w\" sizes=\"(max-width: 650px) 100vw, 650px\" \/><figcaption class=\"wp-element-caption\">Abb. 2: Pfeiler aus Bruchsteinen in Areal A. \u00a9 DFG-Projekt L\u00e4ndliche Siedlungen der Sasaniden-Zeit, Tamm\/Wicke<\/figcaption><\/figure>\n\n\n\n<div style=\"height:20px\" aria-hidden=\"true\" class=\"wp-block-spacer\"><\/div>\n\n\n\n<p>Ebenfalls eine gro\u00dfe \u00dcberraschung in Areal A war die Entdeckung eines Raumes mit einem Boden aus sauber gefugten, gebrannten Ziegeln, an dessen nord\u00f6stlichem Kopfende ein Halbrund angedeutet ist (Abb. 3). Hauptindizien f\u00fcr die Nutzung der Geb\u00e4ude als christlicher Versammlungsort ist bislang neben der Architektur der Fund einer Gef\u00e4\u00dfscherbe mit der Darstellung eines Malteserkreuzes (Abb. 4). Diese fr\u00fche Datierung f\u00fcr ein Kirchengeb\u00e4ude ist in der Region nicht verwunderlich, finden sich doch vergleichbare Anlagen im nordsyrischen und nordmesopotamischen Raum in gr\u00f6\u00dferer Zahl. (Zu dieser Thematik fand am 24.\/25.10.25 ein internationaler Workshop in Frankfurt statt.)<\/p>\n\n\n\n<div style=\"height:20px\" aria-hidden=\"true\" class=\"wp-block-spacer\"><\/div>\n\n\n\n<figure class=\"wp-block-image aligncenter size-full\"><img decoding=\"async\" width=\"650\" height=\"867\" src=\"https:\/\/aktuelles.uni-frankfurt.de\/wp-content\/uploads\/2025\/12\/archaeologie-3-wicke-650x450px.jpg?ver=1765371856\" alt=\"Abb. 3: Scherbe mit eingeritztem Kreuzdekor. \u00a9 DFG-Projekt L\u00e4ndliche Siedlungen der Sasaniden-Zeit, Tamm\/Wicke\" class=\"wp-image-86875\" srcset=\"https:\/\/aktuelles.uni-frankfurt.de\/wp-content\/uploads\/2025\/12\/archaeologie-3-wicke-650x450px.jpg 650w, https:\/\/aktuelles.uni-frankfurt.de\/wp-content\/uploads\/2025\/12\/archaeologie-3-wicke-650x450px-225x300.jpg 225w, https:\/\/aktuelles.uni-frankfurt.de\/wp-content\/uploads\/2025\/12\/archaeologie-3-wicke-650x450px-375x500.jpg 375w, https:\/\/aktuelles.uni-frankfurt.de\/wp-content\/uploads\/2025\/12\/archaeologie-3-wicke-650x450px-9x12.jpg 9w\" sizes=\"(max-width: 650px) 100vw, 650px\" \/><figcaption class=\"wp-element-caption\">Abb. 3: Scherbe mit eingeritztem Kreuzdekor. \u00a9 DFG-Projekt L\u00e4ndliche Siedlungen der Sasaniden-Zeit, Tamm\/Wicke<\/figcaption><\/figure>\n\n\n\n<div style=\"height:20px\" aria-hidden=\"true\" class=\"wp-block-spacer\"><\/div>\n\n\n\n<figure class=\"wp-block-image aligncenter size-full\"><img loading=\"lazy\" decoding=\"async\" width=\"650\" height=\"582\" src=\"https:\/\/aktuelles.uni-frankfurt.de\/wp-content\/uploads\/2025\/12\/archaeologie-4-wicke-650x450px.jpg?ver=1765371878\" alt=\"Abb. 4: Raum mit Backsteinboden. \u00a9 DFG-Projekt L\u00e4ndliche Siedlungen der Sasaniden-Zeit, Tamm\/Wicke\" class=\"wp-image-86876\" srcset=\"https:\/\/aktuelles.uni-frankfurt.de\/wp-content\/uploads\/2025\/12\/archaeologie-4-wicke-650x450px.jpg 650w, https:\/\/aktuelles.uni-frankfurt.de\/wp-content\/uploads\/2025\/12\/archaeologie-4-wicke-650x450px-300x269.jpg 300w, https:\/\/aktuelles.uni-frankfurt.de\/wp-content\/uploads\/2025\/12\/archaeologie-4-wicke-650x450px-500x448.jpg 500w, https:\/\/aktuelles.uni-frankfurt.de\/wp-content\/uploads\/2025\/12\/archaeologie-4-wicke-650x450px-13x12.jpg 13w\" sizes=\"(max-width: 650px) 100vw, 650px\" \/><figcaption class=\"wp-element-caption\">Abb. 4: Raum mit Backsteinboden. \u00a9 DFG-Projekt L\u00e4ndliche Siedlungen der Sasaniden-Zeit, Tamm\/Wicke<\/figcaption><\/figure>\n\n\n\n<div style=\"height:20px\" aria-hidden=\"true\" class=\"wp-block-spacer\"><\/div>\n\n\n\n<p>Besonders relevant f\u00fcr die Forschungen zu religi\u00f6sen Nachbarschaften, wie sie zuk\u00fcnftig im Rahmen des ab 2026 bewilligten LOEWE-Zentrums \u201eDynamiken des Religi\u00f6sen\u201c verfolgt werden, ist die N\u00e4he zur oben beschriebenen sasanidischen Anlage. Sollten die beiden Bauten tats\u00e4chlich aus derselben Zeit stammen, w\u00fcrde das bedeuten, dass Zoroastrier, die Anh\u00e4nger der Religion Zarathustras waren, und Christen damals nebeneinander lebten. Wann genau in Kazhaw die Hinwendung zum Islam geschah, wovon die islamischen Gr\u00e4ber Zeugnis ablegen (s. Abb. 5), ist ebenfalls Teil des Forschungsprogramms.<\/p>\n\n\n\n<div style=\"height:20px\" aria-hidden=\"true\" class=\"wp-block-spacer\"><\/div>\n\n\n\n<figure class=\"wp-block-image aligncenter size-full\"><img loading=\"lazy\" decoding=\"async\" width=\"650\" height=\"450\" src=\"https:\/\/aktuelles.uni-frankfurt.de\/wp-content\/uploads\/2025\/12\/archaeologie-5-wicke-650x450px.jpg?ver=1765371765\" alt=\"Abb. 5: Freilegung eines Grabes in Areal B. \u00a9 DFG-Projekt L\u00e4ndliche Siedlungen der Sasaniden-Zeit, Tamm\/Wicke\" class=\"wp-image-86873\" srcset=\"https:\/\/aktuelles.uni-frankfurt.de\/wp-content\/uploads\/2025\/12\/archaeologie-5-wicke-650x450px.jpg 650w, https:\/\/aktuelles.uni-frankfurt.de\/wp-content\/uploads\/2025\/12\/archaeologie-5-wicke-650x450px-300x208.jpg 300w, https:\/\/aktuelles.uni-frankfurt.de\/wp-content\/uploads\/2025\/12\/archaeologie-5-wicke-650x450px-500x346.jpg 500w, https:\/\/aktuelles.uni-frankfurt.de\/wp-content\/uploads\/2025\/12\/archaeologie-5-wicke-650x450px-18x12.jpg 18w\" sizes=\"(max-width: 650px) 100vw, 650px\" \/><figcaption class=\"wp-element-caption\">Abb. 5: Freilegung eines Grabes in Areal B. \u00a9 DFG-Projekt L\u00e4ndliche Siedlungen der Sasaniden-Zeit, Tamm\/Wicke<\/figcaption><\/figure>\n\n\n\n<div style=\"height:20px\" aria-hidden=\"true\" class=\"wp-block-spacer\"><\/div>\n\n\n\n<p>Die Ausgrabungen in Kazhaw sind Teil eines gr\u00f6\u00dfer angelegten Forschungsprojektes von Dr. Tamm und Prof. Wicke zu l\u00e4ndlichen Gemeinschaften und Siedlungen in der Shahrizor-Ebene im Nordirak. L\u00e4ndliche und kleine Orte wurden bislang in der arch\u00e4ologischen Forschung kaum beachtet, das Hauptaugenmerk galt meist den Hauptst\u00e4dten der antiken Gro\u00dfreiche. Sicher stellten diese die Motoren der kulturellen Entwicklungen in der Antike dar, die wirtschaftliche Basis der Versorgung jedoch wurde im l\u00e4ndlichen Raum geschaffen. Ohne diese Basis w\u00e4re das kulturelle Leben in den Metropolen nicht m\u00f6glich gewesen. Im kommenden Jahr sollen die Arbeiten in Kazhaw mit dem Einsatz arch\u00e4ometrischer Methoden, insbesondere der Arch\u00e4obotanik, Zoologie und forensischen Anthropologie fortgesetzt werden. Ziel ist zu erforschen, wie sich das Leben in den freigelegten Mauern abgespielt hat.<\/p>\n\n\n\n<div style=\"height:20px\" aria-hidden=\"true\" class=\"wp-block-spacer\"><\/div>\n\n\n\n<p class=\"has-background\" style=\"background-color:#eeeeee\"><strong>Publikation <\/strong>(im Vorfeld der Grabung): Dean Mahmoud, Alexander Tamm, Dirk Wicke, Sasaniden im Nordirak. Vorl\u00e4ufiger Bericht zu den Ausgrabungen in Gird-\u00ee Qalrakh 2023\u20132024, in: Mitteilungen der Deutschen Orient Gesellschaft Nr. 157, 2025; 117 bis 159<\/p>\n\n\n\n<div style=\"height:20px\" aria-hidden=\"true\" class=\"wp-block-spacer\"><\/div>\n\n\n\n<p class=\"has-background\" style=\"background-color:#eeeeee\"><strong>Weitere Informationen<\/strong><br>Prof. Dr. Dirk Wicke<br>Institut f\u00fcr arch\u00e4ologische Wissenschaften<br>Goethe University Frankfurt<br>Telefon: 069 798-32317<br>E-Mail: <a href=\"mailto:wicke@em.uni-frankfurt.de\" target=\"_blank\" rel=\"noreferrer noopener\">wicke@em.uni-frankfurt.de<\/a><\/p>\n\n\n\n<p><\/p>","protected":false},"excerpt":{"rendered":"<p>Arch\u00e4ologenteam der Goethe-Universit\u00e4t kehrt mit neuen Erkenntnissen \u00fcber die Zeit vor 1500 Jahren von Grabung im Irak zur\u00fcck. In der Region des heutigen Irak haben im f\u00fcnften Jahrhundert Christen und [&hellip;]<\/p>\n","protected":false},"author":5,"featured_media":86871,"comment_status":"closed","ping_status":"closed","sticky":false,"template":"","format":"standard","meta":{"_eb_attr":"","_price":"","_stock":"","_tribe_ticket_header":"","_tribe_default_ticket_provider":"","_ticket_start_date":"","_ticket_end_date":"","_tribe_ticket_show_description":"","_tribe_ticket_show_not_going":false,"_tribe_ticket_use_global_stock":"","_tribe_ticket_global_stock_level":"","_global_stock_mode":"","_global_stock_cap":"","_tribe_rsvp_for_event":"","_tribe_ticket_going_count":"","_tribe_ticket_not_going_count":"","_tribe_tickets_list":"[]","_tribe_ticket_has_attendee_info_fields":false,"footnotes":""},"categories":[3],"tags":[44],"post_folder":[],"class_list":["post-86870","post","type-post","status-publish","format-standard","has-post-thumbnail","hentry","category-forschung","tag-sprach-und-kulturwissenschaften"],"yoast_head":"<!-- This site is optimized with the Yoast SEO plugin v27.5 - https:\/\/yoast.com\/product\/yoast-seo-wordpress\/ -->\n<title>Belege f\u00fcr interreligi\u00f6ses Zusammenleben in Vorderasien | Aktuelles aus der Goethe-Universit\u00e4t Frankfurt<\/title>\n<meta name=\"robots\" content=\"index, follow, max-snippet:-1, max-image-preview:large, max-video-preview:-1\" \/>\n<link rel=\"canonical\" href=\"https:\/\/aktuelles.uni-frankfurt.de\/en\/forschung\/belege-fuer-interreligioeses-zusammenleben-in-vorderasien\/\" \/>\n<meta property=\"og:locale\" content=\"en_GB\" \/>\n<meta property=\"og:type\" content=\"article\" \/>\n<meta property=\"og:title\" content=\"Belege f\u00fcr interreligi\u00f6ses Zusammenleben in Vorderasien | Aktuelles aus der Goethe-Universit\u00e4t Frankfurt\" \/>\n<meta property=\"og:description\" content=\"Arch\u00e4ologenteam der Goethe-Universit\u00e4t kehrt mit neuen Erkenntnissen \u00fcber die Zeit vor 1500 Jahren von Grabung im Irak zur\u00fcck. In der Region des heutigen Irak haben im f\u00fcnften Jahrhundert Christen und [&hellip;]\" \/>\n<meta property=\"og:url\" content=\"https:\/\/aktuelles.uni-frankfurt.de\/en\/forschung\/belege-fuer-interreligioeses-zusammenleben-in-vorderasien\/\" \/>\n<meta property=\"og:site_name\" content=\"Aktuelles aus der Goethe-Universit\u00e4t Frankfurt\" \/>\n<meta property=\"article:published_time\" content=\"2025-12-09T11:19:16+00:00\" \/>\n<meta property=\"article:modified_time\" content=\"2025-12-10T13:52:32+00:00\" \/>\n<meta property=\"og:image\" content=\"https:\/\/aktuelles.uni-frankfurt.de\/wp-content\/uploads\/2025\/12\/archaeologie-1-wicke-650x450px.jpg?ver=1765371729\" \/>\n\t<meta property=\"og:image:width\" content=\"650\" \/>\n\t<meta property=\"og:image:height\" content=\"450\" \/>\n\t<meta property=\"og:image:type\" content=\"image\/jpeg\" \/>\n<meta name=\"author\" content=\"Dr. Anke Sauter\" \/>\n<meta name=\"twitter:card\" content=\"summary_large_image\" \/>\n<meta name=\"twitter:label1\" content=\"Written by\" \/>\n\t<meta name=\"twitter:data1\" content=\"Dr. Anke Sauter\" \/>\n\t<meta name=\"twitter:label2\" content=\"Estimated reading time\" \/>\n\t<meta name=\"twitter:data2\" content=\"4 minutes\" \/>\n<script type=\"application\/ld+json\" class=\"yoast-schema-graph\">{\"@context\":\"https:\\\/\\\/schema.org\",\"@graph\":[{\"@type\":\"Article\",\"@id\":\"https:\\\/\\\/aktuelles.uni-frankfurt.de\\\/forschung\\\/belege-fuer-interreligioeses-zusammenleben-in-vorderasien\\\/#article\",\"isPartOf\":{\"@id\":\"https:\\\/\\\/aktuelles.uni-frankfurt.de\\\/forschung\\\/belege-fuer-interreligioeses-zusammenleben-in-vorderasien\\\/\"},\"author\":{\"name\":\"Dr. Anke Sauter\",\"@id\":\"https:\\\/\\\/aktuelles.uni-frankfurt.de\\\/#\\\/schema\\\/person\\\/1b9eb6fa6c6aed90031661dd4e37970d\"},\"headline\":\"Belege f\u00fcr interreligi\u00f6ses Zusammenleben in Vorderasien\",\"datePublished\":\"2025-12-09T11:19:16+00:00\",\"dateModified\":\"2025-12-10T13:52:32+00:00\",\"mainEntityOfPage\":{\"@id\":\"https:\\\/\\\/aktuelles.uni-frankfurt.de\\\/forschung\\\/belege-fuer-interreligioeses-zusammenleben-in-vorderasien\\\/\"},\"wordCount\":816,\"publisher\":{\"@id\":\"https:\\\/\\\/aktuelles.uni-frankfurt.de\\\/#organization\"},\"image\":{\"@id\":\"https:\\\/\\\/aktuelles.uni-frankfurt.de\\\/forschung\\\/belege-fuer-interreligioeses-zusammenleben-in-vorderasien\\\/#primaryimage\"},\"thumbnailUrl\":\"https:\\\/\\\/aktuelles.uni-frankfurt.de\\\/wp-content\\\/uploads\\\/2025\\\/12\\\/archaeologie-1-wicke-650x450px.jpg?ver=1765371729\",\"keywords\":[\"Sprach- und Kulturwissenschaften\"],\"articleSection\":[\"Forschung\"],\"inLanguage\":\"en-GB\"},{\"@type\":\"WebPage\",\"@id\":\"https:\\\/\\\/aktuelles.uni-frankfurt.de\\\/forschung\\\/belege-fuer-interreligioeses-zusammenleben-in-vorderasien\\\/\",\"url\":\"https:\\\/\\\/aktuelles.uni-frankfurt.de\\\/forschung\\\/belege-fuer-interreligioeses-zusammenleben-in-vorderasien\\\/\",\"name\":\"Belege f\u00fcr interreligi\u00f6ses Zusammenleben in Vorderasien | Aktuelles aus der Goethe-Universit\u00e4t Frankfurt\",\"isPartOf\":{\"@id\":\"https:\\\/\\\/aktuelles.uni-frankfurt.de\\\/#website\"},\"primaryImageOfPage\":{\"@id\":\"https:\\\/\\\/aktuelles.uni-frankfurt.de\\\/forschung\\\/belege-fuer-interreligioeses-zusammenleben-in-vorderasien\\\/#primaryimage\"},\"image\":{\"@id\":\"https:\\\/\\\/aktuelles.uni-frankfurt.de\\\/forschung\\\/belege-fuer-interreligioeses-zusammenleben-in-vorderasien\\\/#primaryimage\"},\"thumbnailUrl\":\"https:\\\/\\\/aktuelles.uni-frankfurt.de\\\/wp-content\\\/uploads\\\/2025\\\/12\\\/archaeologie-1-wicke-650x450px.jpg?ver=1765371729\",\"datePublished\":\"2025-12-09T11:19:16+00:00\",\"dateModified\":\"2025-12-10T13:52:32+00:00\",\"breadcrumb\":{\"@id\":\"https:\\\/\\\/aktuelles.uni-frankfurt.de\\\/forschung\\\/belege-fuer-interreligioeses-zusammenleben-in-vorderasien\\\/#breadcrumb\"},\"inLanguage\":\"en-GB\",\"potentialAction\":[{\"@type\":\"ReadAction\",\"target\":[\"https:\\\/\\\/aktuelles.uni-frankfurt.de\\\/forschung\\\/belege-fuer-interreligioeses-zusammenleben-in-vorderasien\\\/\"]}]},{\"@type\":\"ImageObject\",\"inLanguage\":\"en-GB\",\"@id\":\"https:\\\/\\\/aktuelles.uni-frankfurt.de\\\/forschung\\\/belege-fuer-interreligioeses-zusammenleben-in-vorderasien\\\/#primaryimage\",\"url\":\"https:\\\/\\\/aktuelles.uni-frankfurt.de\\\/wp-content\\\/uploads\\\/2025\\\/12\\\/archaeologie-1-wicke-650x450px.jpg?ver=1765371729\",\"contentUrl\":\"https:\\\/\\\/aktuelles.uni-frankfurt.de\\\/wp-content\\\/uploads\\\/2025\\\/12\\\/archaeologie-1-wicke-650x450px.jpg?ver=1765371729\",\"width\":650,\"height\":450,\"caption\":\"Gird-\u00ee Kazhaw in der Abendd\u00e4mmerung. \u00a9 DFG-Projekt L\u00e4ndliche Siedlungen der Sasaniden-Zeit, Tamm\\\/Wicke\"},{\"@type\":\"BreadcrumbList\",\"@id\":\"https:\\\/\\\/aktuelles.uni-frankfurt.de\\\/forschung\\\/belege-fuer-interreligioeses-zusammenleben-in-vorderasien\\\/#breadcrumb\",\"itemListElement\":[{\"@type\":\"ListItem\",\"position\":1,\"name\":\"Startseite\",\"item\":\"https:\\\/\\\/aktuelles.uni-frankfurt.de\\\/\"},{\"@type\":\"ListItem\",\"position\":2,\"name\":\"Belege f\u00fcr interreligi\u00f6ses Zusammenleben in Vorderasien\"}]},{\"@type\":\"WebSite\",\"@id\":\"https:\\\/\\\/aktuelles.uni-frankfurt.de\\\/#website\",\"url\":\"https:\\\/\\\/aktuelles.uni-frankfurt.de\\\/\",\"name\":\"Aktuelles aus der Goethe-Universit\u00e4t Frankfurt\",\"description\":\"Aktuelles aus der Goethe-Universit\u00e4t | Neues aus Forschung, Lehre, Studium\",\"publisher\":{\"@id\":\"https:\\\/\\\/aktuelles.uni-frankfurt.de\\\/#organization\"},\"potentialAction\":[{\"@type\":\"SearchAction\",\"target\":{\"@type\":\"EntryPoint\",\"urlTemplate\":\"https:\\\/\\\/aktuelles.uni-frankfurt.de\\\/?s={search_term_string}\"},\"query-input\":{\"@type\":\"PropertyValueSpecification\",\"valueRequired\":true,\"valueName\":\"search_term_string\"}}],\"inLanguage\":\"en-GB\"},{\"@type\":\"Organization\",\"@id\":\"https:\\\/\\\/aktuelles.uni-frankfurt.de\\\/#organization\",\"name\":\"Goethe-Universit\u00e4t\",\"url\":\"https:\\\/\\\/aktuelles.uni-frankfurt.de\\\/\",\"logo\":{\"@type\":\"ImageObject\",\"inLanguage\":\"en-GB\",\"@id\":\"https:\\\/\\\/aktuelles.uni-frankfurt.de\\\/#\\\/schema\\\/logo\\\/image\\\/\",\"url\":\"https:\\\/\\\/aktuelles.uni-frankfurt.de\\\/wp-content\\\/uploads\\\/2022\\\/03\\\/800px-Goethe-Logo.png\",\"contentUrl\":\"https:\\\/\\\/aktuelles.uni-frankfurt.de\\\/wp-content\\\/uploads\\\/2022\\\/03\\\/800px-Goethe-Logo.png\",\"width\":800,\"height\":436,\"caption\":\"Goethe-Universit\u00e4t\"},\"image\":{\"@id\":\"https:\\\/\\\/aktuelles.uni-frankfurt.de\\\/#\\\/schema\\\/logo\\\/image\\\/\"}},{\"@type\":\"Person\",\"@id\":\"https:\\\/\\\/aktuelles.uni-frankfurt.de\\\/#\\\/schema\\\/person\\\/1b9eb6fa6c6aed90031661dd4e37970d\",\"name\":\"Dr. Anke Sauter\",\"description\":\"Dr. Anke Sauter hat in Bamberg Germanistik, Journalistik und Geografie studiert, mit einer Dissertation \u00fcber den Sprachlehrer und Fremdwortpuristen Eduard Engel wurde sie promoviert. Sie arbeitet als Wissenschaftsredakteurin in der Abteilung Marketing und Kommunikation der Goethe-Universit\u00e4t.\",\"sameAs\":[\"http:\\\/\\\/aktuelles.uni-frankfurt.de\\\/\"],\"url\":\"https:\\\/\\\/aktuelles.uni-frankfurt.de\\\/en\\\/author\\\/dr-ankesauter\\\/\"}]}<\/script>\n<!-- \/ Yoast SEO plugin. -->","yoast_head_json":{"title":"Belege f\u00fcr interreligi\u00f6ses Zusammenleben in Vorderasien | Aktuelles aus der Goethe-Universit\u00e4t Frankfurt","robots":{"index":"index","follow":"follow","max-snippet":"max-snippet:-1","max-image-preview":"max-image-preview:large","max-video-preview":"max-video-preview:-1"},"canonical":"https:\/\/aktuelles.uni-frankfurt.de\/en\/forschung\/belege-fuer-interreligioeses-zusammenleben-in-vorderasien\/","og_locale":"en_GB","og_type":"article","og_title":"Belege f\u00fcr interreligi\u00f6ses Zusammenleben in Vorderasien | Aktuelles aus der Goethe-Universit\u00e4t Frankfurt","og_description":"Arch\u00e4ologenteam der Goethe-Universit\u00e4t kehrt mit neuen Erkenntnissen \u00fcber die Zeit vor 1500 Jahren von Grabung im Irak zur\u00fcck. In der Region des heutigen Irak haben im f\u00fcnften Jahrhundert Christen und [&hellip;]","og_url":"https:\/\/aktuelles.uni-frankfurt.de\/en\/forschung\/belege-fuer-interreligioeses-zusammenleben-in-vorderasien\/","og_site_name":"Aktuelles aus der Goethe-Universit\u00e4t Frankfurt","article_published_time":"2025-12-09T11:19:16+00:00","article_modified_time":"2025-12-10T13:52:32+00:00","og_image":[{"width":650,"height":450,"url":"https:\/\/aktuelles.uni-frankfurt.de\/wp-content\/uploads\/2025\/12\/archaeologie-1-wicke-650x450px.jpg?ver=1765371729","type":"image\/jpeg"}],"author":"Dr. Anke Sauter","twitter_card":"summary_large_image","twitter_misc":{"Written by":"Dr. Anke Sauter","Estimated reading time":"4 minutes"},"schema":{"@context":"https:\/\/schema.org","@graph":[{"@type":"Article","@id":"https:\/\/aktuelles.uni-frankfurt.de\/forschung\/belege-fuer-interreligioeses-zusammenleben-in-vorderasien\/#article","isPartOf":{"@id":"https:\/\/aktuelles.uni-frankfurt.de\/forschung\/belege-fuer-interreligioeses-zusammenleben-in-vorderasien\/"},"author":{"name":"Dr. Anke Sauter","@id":"https:\/\/aktuelles.uni-frankfurt.de\/#\/schema\/person\/1b9eb6fa6c6aed90031661dd4e37970d"},"headline":"Belege f\u00fcr interreligi\u00f6ses Zusammenleben in Vorderasien","datePublished":"2025-12-09T11:19:16+00:00","dateModified":"2025-12-10T13:52:32+00:00","mainEntityOfPage":{"@id":"https:\/\/aktuelles.uni-frankfurt.de\/forschung\/belege-fuer-interreligioeses-zusammenleben-in-vorderasien\/"},"wordCount":816,"publisher":{"@id":"https:\/\/aktuelles.uni-frankfurt.de\/#organization"},"image":{"@id":"https:\/\/aktuelles.uni-frankfurt.de\/forschung\/belege-fuer-interreligioeses-zusammenleben-in-vorderasien\/#primaryimage"},"thumbnailUrl":"https:\/\/aktuelles.uni-frankfurt.de\/wp-content\/uploads\/2025\/12\/archaeologie-1-wicke-650x450px.jpg?ver=1765371729","keywords":["Sprach- und Kulturwissenschaften"],"articleSection":["Forschung"],"inLanguage":"en-GB"},{"@type":"WebPage","@id":"https:\/\/aktuelles.uni-frankfurt.de\/forschung\/belege-fuer-interreligioeses-zusammenleben-in-vorderasien\/","url":"https:\/\/aktuelles.uni-frankfurt.de\/forschung\/belege-fuer-interreligioeses-zusammenleben-in-vorderasien\/","name":"Belege f\u00fcr interreligi\u00f6ses Zusammenleben in Vorderasien | Aktuelles aus der Goethe-Universit\u00e4t Frankfurt","isPartOf":{"@id":"https:\/\/aktuelles.uni-frankfurt.de\/#website"},"primaryImageOfPage":{"@id":"https:\/\/aktuelles.uni-frankfurt.de\/forschung\/belege-fuer-interreligioeses-zusammenleben-in-vorderasien\/#primaryimage"},"image":{"@id":"https:\/\/aktuelles.uni-frankfurt.de\/forschung\/belege-fuer-interreligioeses-zusammenleben-in-vorderasien\/#primaryimage"},"thumbnailUrl":"https:\/\/aktuelles.uni-frankfurt.de\/wp-content\/uploads\/2025\/12\/archaeologie-1-wicke-650x450px.jpg?ver=1765371729","datePublished":"2025-12-09T11:19:16+00:00","dateModified":"2025-12-10T13:52:32+00:00","breadcrumb":{"@id":"https:\/\/aktuelles.uni-frankfurt.de\/forschung\/belege-fuer-interreligioeses-zusammenleben-in-vorderasien\/#breadcrumb"},"inLanguage":"en-GB","potentialAction":[{"@type":"ReadAction","target":["https:\/\/aktuelles.uni-frankfurt.de\/forschung\/belege-fuer-interreligioeses-zusammenleben-in-vorderasien\/"]}]},{"@type":"ImageObject","inLanguage":"en-GB","@id":"https:\/\/aktuelles.uni-frankfurt.de\/forschung\/belege-fuer-interreligioeses-zusammenleben-in-vorderasien\/#primaryimage","url":"https:\/\/aktuelles.uni-frankfurt.de\/wp-content\/uploads\/2025\/12\/archaeologie-1-wicke-650x450px.jpg?ver=1765371729","contentUrl":"https:\/\/aktuelles.uni-frankfurt.de\/wp-content\/uploads\/2025\/12\/archaeologie-1-wicke-650x450px.jpg?ver=1765371729","width":650,"height":450,"caption":"Gird-\u00ee Kazhaw in der Abendd\u00e4mmerung. \u00a9 DFG-Projekt L\u00e4ndliche Siedlungen der Sasaniden-Zeit, Tamm\/Wicke"},{"@type":"BreadcrumbList","@id":"https:\/\/aktuelles.uni-frankfurt.de\/forschung\/belege-fuer-interreligioeses-zusammenleben-in-vorderasien\/#breadcrumb","itemListElement":[{"@type":"ListItem","position":1,"name":"Startseite","item":"https:\/\/aktuelles.uni-frankfurt.de\/"},{"@type":"ListItem","position":2,"name":"Belege f\u00fcr interreligi\u00f6ses Zusammenleben in Vorderasien"}]},{"@type":"WebSite","@id":"https:\/\/aktuelles.uni-frankfurt.de\/#website","url":"https:\/\/aktuelles.uni-frankfurt.de\/","name":"Aktuelles aus der Goethe-Universit\u00e4t Frankfurt","description":"Aktuelles aus der Goethe-Universit\u00e4t | Neues aus Forschung, Lehre, Studium","publisher":{"@id":"https:\/\/aktuelles.uni-frankfurt.de\/#organization"},"potentialAction":[{"@type":"SearchAction","target":{"@type":"EntryPoint","urlTemplate":"https:\/\/aktuelles.uni-frankfurt.de\/?s={search_term_string}"},"query-input":{"@type":"PropertyValueSpecification","valueRequired":true,"valueName":"search_term_string"}}],"inLanguage":"en-GB"},{"@type":"Organization","@id":"https:\/\/aktuelles.uni-frankfurt.de\/#organization","name":"Goethe University Frankfurt","url":"https:\/\/aktuelles.uni-frankfurt.de\/","logo":{"@type":"ImageObject","inLanguage":"en-GB","@id":"https:\/\/aktuelles.uni-frankfurt.de\/#\/schema\/logo\/image\/","url":"https:\/\/aktuelles.uni-frankfurt.de\/wp-content\/uploads\/2022\/03\/800px-Goethe-Logo.png","contentUrl":"https:\/\/aktuelles.uni-frankfurt.de\/wp-content\/uploads\/2022\/03\/800px-Goethe-Logo.png","width":800,"height":436,"caption":"Goethe-Universit\u00e4t"},"image":{"@id":"https:\/\/aktuelles.uni-frankfurt.de\/#\/schema\/logo\/image\/"}},{"@type":"Person","@id":"https:\/\/aktuelles.uni-frankfurt.de\/#\/schema\/person\/1b9eb6fa6c6aed90031661dd4e37970d","name":"Dr. Anke Sauter","description":"Dr. Anke Sauter hat in Bamberg Germanistik, Journalistik und Geografie studiert, mit einer Dissertation \u00fcber den Sprachlehrer und Fremdwortpuristen Eduard Engel wurde sie promoviert. Sie arbeitet als Wissenschaftsredakteurin in der Abteilung Marketing und Kommunikation der Goethe-Universit\u00e4t.","sameAs":["http:\/\/aktuelles.uni-frankfurt.de\/"],"url":"https:\/\/aktuelles.uni-frankfurt.de\/en\/author\/dr-ankesauter\/"}]}},"_links":{"self":[{"href":"https:\/\/aktuelles.uni-frankfurt.de\/en\/wp-json\/wp\/v2\/posts\/86870","targetHints":{"allow":["GET"]}}],"collection":[{"href":"https:\/\/aktuelles.uni-frankfurt.de\/en\/wp-json\/wp\/v2\/posts"}],"about":[{"href":"https:\/\/aktuelles.uni-frankfurt.de\/en\/wp-json\/wp\/v2\/types\/post"}],"author":[{"embeddable":true,"href":"https:\/\/aktuelles.uni-frankfurt.de\/en\/wp-json\/wp\/v2\/users\/5"}],"replies":[{"embeddable":true,"href":"https:\/\/aktuelles.uni-frankfurt.de\/en\/wp-json\/wp\/v2\/comments?post=86870"}],"version-history":[{"count":0,"href":"https:\/\/aktuelles.uni-frankfurt.de\/en\/wp-json\/wp\/v2\/posts\/86870\/revisions"}],"wp:featuredmedia":[{"embeddable":true,"href":"https:\/\/aktuelles.uni-frankfurt.de\/en\/wp-json\/wp\/v2\/media\/86871"}],"wp:attachment":[{"href":"https:\/\/aktuelles.uni-frankfurt.de\/en\/wp-json\/wp\/v2\/media?parent=86870"}],"wp:term":[{"taxonomy":"category","embeddable":true,"href":"https:\/\/aktuelles.uni-frankfurt.de\/en\/wp-json\/wp\/v2\/categories?post=86870"},{"taxonomy":"post_tag","embeddable":true,"href":"https:\/\/aktuelles.uni-frankfurt.de\/en\/wp-json\/wp\/v2\/tags?post=86870"},{"taxonomy":"post_folder","embeddable":true,"href":"https:\/\/aktuelles.uni-frankfurt.de\/en\/wp-json\/wp\/v2\/post_folder?post=86870"}],"curies":[{"name":"wp","href":"https:\/\/api.w.org\/{rel}","templated":true}]}}