{"id":86897,"date":"2025-12-11T13:26:23","date_gmt":"2025-12-11T12:26:23","guid":{"rendered":"https:\/\/aktuelles.uni-frankfurt.de\/?p=86897"},"modified":"2025-12-11T13:27:35","modified_gmt":"2025-12-11T12:27:35","slug":"transformationen-politischer-gewalt-im-fokus-hessisches-forschungszentrum-trace-geht-in-die-zweite-phase","status":"publish","type":"post","link":"https:\/\/aktuelles.uni-frankfurt.de\/en\/forschung\/transformationen-politischer-gewalt-im-fokus-hessisches-forschungszentrum-trace-geht-in-die-zweite-phase\/","title":{"rendered":"Transformationen politischer Gewalt im Fokus: Hessisches Forschungszentrum \u201eTraCe\u201c geht in die zweite Phase"},"content":{"rendered":"<p><strong>Wandel des Kriegsgeschehens, Gewalt gegen zivilgesellschaftliche Akteure, Diskussionen um Gerechtigkeit und Rechtfertigung \u2013 diese drei gesellschaftlichen Dynamiken nimmt das Forschungszentrum \u201eTransformations of Political Violence\u201c (TraCe) in seiner zweiten F\u00f6rderphase in den Blick. Nach positiver Evaluation hat das Bundesministerium f\u00fcr Forschung, Technologie und Raumfahrt (BMFTR) die finanzielle Unterst\u00fctzung f\u00fcr weitere zwei Jahre bis 2028 bewilligt. TraCe b\u00fcndelt seit 2022 die Erforschung politischer Gewalt durch die vier hessischen Universit\u00e4ten Philipps-Universit\u00e4t Marburg, Justus-Liebig-Universit\u00e4t Gie\u00dfen, Goethe-Universit\u00e4t Frankfurt, Technische Universit\u00e4t Darmstadt sowie des PRIF \u2013 Leibniz-Institut f\u00fcr Friedens- und Konfliktforschung, welches das Forschungszentrum und dessen Wissenstransferaktivit\u00e4ten koordiniert.<\/strong><\/p>\n\n\n\n<div style=\"height:20px\" aria-hidden=\"true\" class=\"wp-block-spacer\"><\/div>\n\n\n\n<figure class=\"wp-block-image aligncenter size-full\"><img fetchpriority=\"high\" decoding=\"async\" width=\"650\" height=\"450\" src=\"https:\/\/aktuelles.uni-frankfurt.de\/wp-content\/uploads\/2025\/12\/trace-verlaengerung-650x450px.jpg\" alt=\"Das Forschungszentrum \u201eTraCe\u201c, das sich mit den ver\u00e4nderten Formen politischer Gewalt befasst, kann seine Arbeit fortsetzen. Astrid Erll, Professorin f\u00fcr englische Literaturen und Kulturen an der Goethe-Universit\u00e4t, ist Co-Sprecherin des vom PRIF koordinierten Verbundes. \u00a9 TraCe\/PRIF\" class=\"wp-image-86898\" srcset=\"https:\/\/aktuelles.uni-frankfurt.de\/wp-content\/uploads\/2025\/12\/trace-verlaengerung-650x450px.jpg 650w, https:\/\/aktuelles.uni-frankfurt.de\/wp-content\/uploads\/2025\/12\/trace-verlaengerung-650x450px-300x208.jpg 300w, https:\/\/aktuelles.uni-frankfurt.de\/wp-content\/uploads\/2025\/12\/trace-verlaengerung-650x450px-500x346.jpg 500w, https:\/\/aktuelles.uni-frankfurt.de\/wp-content\/uploads\/2025\/12\/trace-verlaengerung-650x450px-18x12.jpg 18w\" sizes=\"(max-width: 650px) 100vw, 650px\" \/><figcaption class=\"wp-element-caption\">Das Forschungszentrum \u201eTraCe\u201c, das sich mit den ver\u00e4nderten Formen politischer Gewalt befasst, kann seine Arbeit fortsetzen. Astrid Erll, Professorin f\u00fcr englische Literaturen und Kulturen an der Goethe-Universit\u00e4t, ist Co-Sprecherin des vom PRIF koordinierten Verbundes. \u00a9 TraCe\/PRIF<\/figcaption><\/figure>\n\n\n\n<div style=\"height:20px\" aria-hidden=\"true\" class=\"wp-block-spacer\"><\/div>\n\n\n\n<p>\u201eIn der zweiten F\u00f6rderphase m\u00f6chten wir an unser gemeinsames Engagement in Forschung, Lehre und Wissenstransfer ankn\u00fcpfen. Gleichzeitig hat unsere intensive Zusammenarbeit im Lichte gesellschaftlicher Entwicklungen gezeigt, dass neue Querschnittsthemen erforscht werden m\u00fcssen\u201c, sagt Prof. Dr. Jonas Wolff, Co-Sprecher von TraCe und Vorstandsmitglied am PRIF.<\/p>\n\n\n\n<p>Eines dieser Querschnittsthemen ist die Gewalt gegen soziale Aktivist:innen. Laut Berichten zivilgesellschaftlicher Organisationen wie Front Line Defenders und Global Witness werden j\u00e4hrlich weltweit zwischen 300 und 400 Menschen get\u00f6tet, die sich friedlich f\u00fcr Menschenrechte einsetzen \u2013 und das ist nur die Spitze des Eisbergs. Die Gewalt umfasst auch Formen digitaler Gewalt gegen Umweltaktivist:innen, die selbst unter den Folgen von Ressourcenausbeutung und Klimawandel leiden. \u201eNur durch die Zusammenarbeit \u00fcber Disziplinen hinweg l\u00e4sst sich verstehen, wie und mit welchen Folgen sich politische Gewalt etwa im Zuge des technologischen Wandels oder im Kontext globaler Umweltver\u00e4nderungen transformiert\u201c, sagt Prof. Dr. Dr. h.c. Astrid Erll, Co-Sprecherin von TraCe und Professorin f\u00fcr englischsprachige Literaturen und Kulturen an der Goethe-Universit\u00e4t Frankfurt.<\/p>\n\n\n\n<p>Die interdisziplin\u00e4re Arbeit von TraCe untersucht weiterhin die sich ver\u00e4ndernden Erscheinungsformen politischer Gewalt im Zusammenhang mit dem technologischen, politischen und gesellschaftlichen Wandel, den Wandel der Institutionen, die Gewalt erm\u00f6glichen oder einschr\u00e4nken, sowie die Art und Weise, wie politische Gewalt interpretiert und gerechtfertigt wird. Das \u00fcbergreifende Ziel des Verbundes ist es, Strategien zur Eind\u00e4mmung von Gewalt zu identifizieren.<\/p>\n\n\n\n<p>Ein zentrales Anliegen des Verbundes bleibt auch der dialogische Wissenstransfer in Politik, Medien und Zivilgesellschaft. Die bisherigen Transferaktivit\u00e4ten umfassen Podcastfolgen, \u00f6ffentliche Podiumsdiskussionen, Dialogveranstaltungen in Br\u00fcssel und Berlin, Workshops mit Praxispartnern \u2013 unter anderem eine Kooperationsausstellung mit der Kunsthalle Gie\u00dfen \u2013 sowie zwei eigene Publikationsreihen.<\/p>\n\n\n\n<div style=\"height:20px\" aria-hidden=\"true\" class=\"wp-block-spacer\"><\/div>\n\n\n\n<p class=\"has-background\" style=\"background-color:#eeeeee\"><strong>Quelle:<\/strong> <a href=\"https:\/\/www.prif.org\/ueber-uns\/details-1\/transformationen-politischer-gewalt-weiter-erforschen\" target=\"_blank\" rel=\"noreferrer noopener\">Pressemitteilung des PRIF \u2192<\/a><\/p>\n\n\n\n<p><\/p>","protected":false},"excerpt":{"rendered":"<p>Wandel des Kriegsgeschehens, Gewalt gegen zivilgesellschaftliche Akteure, Diskussionen um Gerechtigkeit und Rechtfertigung \u2013 diese drei gesellschaftlichen Dynamiken nimmt das Forschungszentrum \u201eTransformations of Political Violence\u201c (TraCe) in seiner zweiten F\u00f6rderphase in [&hellip;]<\/p>\n","protected":false},"author":8,"featured_media":86898,"comment_status":"closed","ping_status":"closed","sticky":false,"template":"","format":"standard","meta":{"_eb_attr":"","_price":"","_stock":"","_tribe_ticket_header":"","_tribe_default_ticket_provider":"","_ticket_start_date":"","_ticket_end_date":"","_tribe_ticket_show_description":"","_tribe_ticket_show_not_going":false,"_tribe_ticket_use_global_stock":"","_tribe_ticket_global_stock_level":"","_global_stock_mode":"","_global_stock_cap":"","_tribe_rsvp_for_event":"","_tribe_ticket_going_count":"","_tribe_ticket_not_going_count":"","_tribe_tickets_list":"[]","_tribe_ticket_has_attendee_info_fields":false,"footnotes":""},"categories":[3],"tags":[147],"post_folder":[],"class_list":["post-86897","post","type-post","status-publish","format-standard","has-post-thumbnail","hentry","category-forschung","tag-politikwissenschaft"],"yoast_head":"<!-- This site is optimized with the Yoast SEO plugin v27.5 - https:\/\/yoast.com\/product\/yoast-seo-wordpress\/ -->\n<title>Transformationen politischer Gewalt im Fokus: Hessisches Forschungszentrum \u201eTraCe\u201c geht in die zweite Phase | Aktuelles aus der Goethe-Universit\u00e4t Frankfurt<\/title>\n<meta name=\"robots\" content=\"index, follow, max-snippet:-1, max-image-preview:large, max-video-preview:-1\" \/>\n<link rel=\"canonical\" href=\"https:\/\/aktuelles.uni-frankfurt.de\/en\/forschung\/transformationen-politischer-gewalt-im-fokus-hessisches-forschungszentrum-trace-geht-in-die-zweite-phase\/\" \/>\n<meta property=\"og:locale\" content=\"en_GB\" \/>\n<meta property=\"og:type\" content=\"article\" \/>\n<meta property=\"og:title\" content=\"Transformationen politischer Gewalt im Fokus: Hessisches Forschungszentrum \u201eTraCe\u201c geht in die zweite Phase | Aktuelles aus der Goethe-Universit\u00e4t Frankfurt\" \/>\n<meta property=\"og:description\" content=\"Wandel des Kriegsgeschehens, Gewalt gegen zivilgesellschaftliche Akteure, Diskussionen um Gerechtigkeit und Rechtfertigung \u2013 diese drei gesellschaftlichen Dynamiken nimmt das Forschungszentrum \u201eTransformations of Political Violence\u201c (TraCe) in seiner zweiten F\u00f6rderphase in [&hellip;]\" \/>\n<meta property=\"og:url\" content=\"https:\/\/aktuelles.uni-frankfurt.de\/en\/forschung\/transformationen-politischer-gewalt-im-fokus-hessisches-forschungszentrum-trace-geht-in-die-zweite-phase\/\" \/>\n<meta property=\"og:site_name\" content=\"Aktuelles aus der Goethe-Universit\u00e4t Frankfurt\" \/>\n<meta property=\"article:published_time\" content=\"2025-12-11T12:26:23+00:00\" \/>\n<meta property=\"article:modified_time\" content=\"2025-12-11T12:27:35+00:00\" \/>\n<meta property=\"og:image\" content=\"https:\/\/aktuelles.uni-frankfurt.de\/wp-content\/uploads\/2025\/12\/trace-verlaengerung-650x450px.jpg\" \/>\n\t<meta property=\"og:image:width\" content=\"650\" \/>\n\t<meta property=\"og:image:height\" content=\"450\" \/>\n\t<meta property=\"og:image:type\" content=\"image\/jpeg\" \/>\n<meta name=\"author\" content=\"-\" \/>\n<meta name=\"twitter:card\" content=\"summary_large_image\" \/>\n<meta name=\"twitter:label1\" content=\"Written by\" \/>\n\t<meta name=\"twitter:data1\" content=\"-\" \/>\n\t<meta name=\"twitter:label2\" content=\"Estimated reading time\" \/>\n\t<meta name=\"twitter:data2\" content=\"2 minutes\" \/>\n<script type=\"application\/ld+json\" class=\"yoast-schema-graph\">{\"@context\":\"https:\\\/\\\/schema.org\",\"@graph\":[{\"@type\":\"Article\",\"@id\":\"https:\\\/\\\/aktuelles.uni-frankfurt.de\\\/forschung\\\/transformationen-politischer-gewalt-im-fokus-hessisches-forschungszentrum-trace-geht-in-die-zweite-phase\\\/#article\",\"isPartOf\":{\"@id\":\"https:\\\/\\\/aktuelles.uni-frankfurt.de\\\/forschung\\\/transformationen-politischer-gewalt-im-fokus-hessisches-forschungszentrum-trace-geht-in-die-zweite-phase\\\/\"},\"author\":{\"name\":\"-\",\"@id\":\"https:\\\/\\\/aktuelles.uni-frankfurt.de\\\/#\\\/schema\\\/person\\\/8e55ea338fb65d1ce87a91565d1f1739\"},\"headline\":\"Transformationen politischer Gewalt im Fokus: Hessisches Forschungszentrum \u201eTraCe\u201c geht in die zweite Phase\",\"datePublished\":\"2025-12-11T12:26:23+00:00\",\"dateModified\":\"2025-12-11T12:27:35+00:00\",\"mainEntityOfPage\":{\"@id\":\"https:\\\/\\\/aktuelles.uni-frankfurt.de\\\/forschung\\\/transformationen-politischer-gewalt-im-fokus-hessisches-forschungszentrum-trace-geht-in-die-zweite-phase\\\/\"},\"wordCount\":433,\"publisher\":{\"@id\":\"https:\\\/\\\/aktuelles.uni-frankfurt.de\\\/#organization\"},\"image\":{\"@id\":\"https:\\\/\\\/aktuelles.uni-frankfurt.de\\\/forschung\\\/transformationen-politischer-gewalt-im-fokus-hessisches-forschungszentrum-trace-geht-in-die-zweite-phase\\\/#primaryimage\"},\"thumbnailUrl\":\"https:\\\/\\\/aktuelles.uni-frankfurt.de\\\/wp-content\\\/uploads\\\/2025\\\/12\\\/trace-verlaengerung-650x450px.jpg\",\"keywords\":[\"Politikwissenschaft\"],\"articleSection\":[\"Forschung\"],\"inLanguage\":\"en-GB\"},{\"@type\":\"WebPage\",\"@id\":\"https:\\\/\\\/aktuelles.uni-frankfurt.de\\\/forschung\\\/transformationen-politischer-gewalt-im-fokus-hessisches-forschungszentrum-trace-geht-in-die-zweite-phase\\\/\",\"url\":\"https:\\\/\\\/aktuelles.uni-frankfurt.de\\\/forschung\\\/transformationen-politischer-gewalt-im-fokus-hessisches-forschungszentrum-trace-geht-in-die-zweite-phase\\\/\",\"name\":\"Transformationen politischer Gewalt im Fokus: Hessisches Forschungszentrum \u201eTraCe\u201c geht in die zweite Phase | Aktuelles aus der Goethe-Universit\u00e4t Frankfurt\",\"isPartOf\":{\"@id\":\"https:\\\/\\\/aktuelles.uni-frankfurt.de\\\/#website\"},\"primaryImageOfPage\":{\"@id\":\"https:\\\/\\\/aktuelles.uni-frankfurt.de\\\/forschung\\\/transformationen-politischer-gewalt-im-fokus-hessisches-forschungszentrum-trace-geht-in-die-zweite-phase\\\/#primaryimage\"},\"image\":{\"@id\":\"https:\\\/\\\/aktuelles.uni-frankfurt.de\\\/forschung\\\/transformationen-politischer-gewalt-im-fokus-hessisches-forschungszentrum-trace-geht-in-die-zweite-phase\\\/#primaryimage\"},\"thumbnailUrl\":\"https:\\\/\\\/aktuelles.uni-frankfurt.de\\\/wp-content\\\/uploads\\\/2025\\\/12\\\/trace-verlaengerung-650x450px.jpg\",\"datePublished\":\"2025-12-11T12:26:23+00:00\",\"dateModified\":\"2025-12-11T12:27:35+00:00\",\"breadcrumb\":{\"@id\":\"https:\\\/\\\/aktuelles.uni-frankfurt.de\\\/forschung\\\/transformationen-politischer-gewalt-im-fokus-hessisches-forschungszentrum-trace-geht-in-die-zweite-phase\\\/#breadcrumb\"},\"inLanguage\":\"en-GB\",\"potentialAction\":[{\"@type\":\"ReadAction\",\"target\":[\"https:\\\/\\\/aktuelles.uni-frankfurt.de\\\/forschung\\\/transformationen-politischer-gewalt-im-fokus-hessisches-forschungszentrum-trace-geht-in-die-zweite-phase\\\/\"]}]},{\"@type\":\"ImageObject\",\"inLanguage\":\"en-GB\",\"@id\":\"https:\\\/\\\/aktuelles.uni-frankfurt.de\\\/forschung\\\/transformationen-politischer-gewalt-im-fokus-hessisches-forschungszentrum-trace-geht-in-die-zweite-phase\\\/#primaryimage\",\"url\":\"https:\\\/\\\/aktuelles.uni-frankfurt.de\\\/wp-content\\\/uploads\\\/2025\\\/12\\\/trace-verlaengerung-650x450px.jpg\",\"contentUrl\":\"https:\\\/\\\/aktuelles.uni-frankfurt.de\\\/wp-content\\\/uploads\\\/2025\\\/12\\\/trace-verlaengerung-650x450px.jpg\",\"width\":650,\"height\":450,\"caption\":\"Das Forschungszentrum \u201eTraCe\u201c, das sich mit den ver\u00e4nderten Formen politischer Gewalt befasst, kann seine Arbeit fortsetzen. Astrid Erll, Professorin f\u00fcr englische Literaturen und Kulturen an der Goethe-Universit\u00e4t, ist Co-Sprecherin des vom PRIF koordinierten Verbundes. \u00a9 TraCe\\\/PRIF\"},{\"@type\":\"BreadcrumbList\",\"@id\":\"https:\\\/\\\/aktuelles.uni-frankfurt.de\\\/forschung\\\/transformationen-politischer-gewalt-im-fokus-hessisches-forschungszentrum-trace-geht-in-die-zweite-phase\\\/#breadcrumb\",\"itemListElement\":[{\"@type\":\"ListItem\",\"position\":1,\"name\":\"Startseite\",\"item\":\"https:\\\/\\\/aktuelles.uni-frankfurt.de\\\/\"},{\"@type\":\"ListItem\",\"position\":2,\"name\":\"Transformationen politischer Gewalt im Fokus: Hessisches Forschungszentrum \u201eTraCe\u201c geht in die zweite Phase\"}]},{\"@type\":\"WebSite\",\"@id\":\"https:\\\/\\\/aktuelles.uni-frankfurt.de\\\/#website\",\"url\":\"https:\\\/\\\/aktuelles.uni-frankfurt.de\\\/\",\"name\":\"Aktuelles aus der Goethe-Universit\u00e4t Frankfurt\",\"description\":\"Aktuelles aus der Goethe-Universit\u00e4t | Neues aus Forschung, Lehre, Studium\",\"publisher\":{\"@id\":\"https:\\\/\\\/aktuelles.uni-frankfurt.de\\\/#organization\"},\"potentialAction\":[{\"@type\":\"SearchAction\",\"target\":{\"@type\":\"EntryPoint\",\"urlTemplate\":\"https:\\\/\\\/aktuelles.uni-frankfurt.de\\\/?s={search_term_string}\"},\"query-input\":{\"@type\":\"PropertyValueSpecification\",\"valueRequired\":true,\"valueName\":\"search_term_string\"}}],\"inLanguage\":\"en-GB\"},{\"@type\":\"Organization\",\"@id\":\"https:\\\/\\\/aktuelles.uni-frankfurt.de\\\/#organization\",\"name\":\"Goethe-Universit\u00e4t\",\"url\":\"https:\\\/\\\/aktuelles.uni-frankfurt.de\\\/\",\"logo\":{\"@type\":\"ImageObject\",\"inLanguage\":\"en-GB\",\"@id\":\"https:\\\/\\\/aktuelles.uni-frankfurt.de\\\/#\\\/schema\\\/logo\\\/image\\\/\",\"url\":\"https:\\\/\\\/aktuelles.uni-frankfurt.de\\\/wp-content\\\/uploads\\\/2022\\\/03\\\/800px-Goethe-Logo.png\",\"contentUrl\":\"https:\\\/\\\/aktuelles.uni-frankfurt.de\\\/wp-content\\\/uploads\\\/2022\\\/03\\\/800px-Goethe-Logo.png\",\"width\":800,\"height\":436,\"caption\":\"Goethe-Universit\u00e4t\"},\"image\":{\"@id\":\"https:\\\/\\\/aktuelles.uni-frankfurt.de\\\/#\\\/schema\\\/logo\\\/image\\\/\"}},{\"@type\":\"Person\",\"@id\":\"https:\\\/\\\/aktuelles.uni-frankfurt.de\\\/#\\\/schema\\\/person\\\/8e55ea338fb65d1ce87a91565d1f1739\",\"name\":\"-\",\"description\":\"Dieser Beitrag wurde von der Online-Redaktion ver\u00f6ffentlicht. Wenn der Beitrag von einem Gastautoren verfasst wurde, findet sich dieser Hinweis am Ende des jeweiligen Artikels.\",\"sameAs\":[\"http:\\\/\\\/aktuelles.uni-frankfurt.de\\\/autoren\"],\"url\":\"https:\\\/\\\/aktuelles.uni-frankfurt.de\\\/en\\\/author\\\/redaktion\\\/\"}]}<\/script>\n<!-- \/ Yoast SEO plugin. -->","yoast_head_json":{"title":"Transformationen politischer Gewalt im Fokus: Hessisches Forschungszentrum \u201eTraCe\u201c geht in die zweite Phase | Aktuelles aus der Goethe-Universit\u00e4t Frankfurt","robots":{"index":"index","follow":"follow","max-snippet":"max-snippet:-1","max-image-preview":"max-image-preview:large","max-video-preview":"max-video-preview:-1"},"canonical":"https:\/\/aktuelles.uni-frankfurt.de\/en\/forschung\/transformationen-politischer-gewalt-im-fokus-hessisches-forschungszentrum-trace-geht-in-die-zweite-phase\/","og_locale":"en_GB","og_type":"article","og_title":"Transformationen politischer Gewalt im Fokus: Hessisches Forschungszentrum \u201eTraCe\u201c geht in die zweite Phase | Aktuelles aus der Goethe-Universit\u00e4t Frankfurt","og_description":"Wandel des Kriegsgeschehens, Gewalt gegen zivilgesellschaftliche Akteure, Diskussionen um Gerechtigkeit und Rechtfertigung \u2013 diese drei gesellschaftlichen Dynamiken nimmt das Forschungszentrum \u201eTransformations of Political Violence\u201c (TraCe) in seiner zweiten F\u00f6rderphase in [&hellip;]","og_url":"https:\/\/aktuelles.uni-frankfurt.de\/en\/forschung\/transformationen-politischer-gewalt-im-fokus-hessisches-forschungszentrum-trace-geht-in-die-zweite-phase\/","og_site_name":"Aktuelles aus der Goethe-Universit\u00e4t Frankfurt","article_published_time":"2025-12-11T12:26:23+00:00","article_modified_time":"2025-12-11T12:27:35+00:00","og_image":[{"width":650,"height":450,"url":"https:\/\/aktuelles.uni-frankfurt.de\/wp-content\/uploads\/2025\/12\/trace-verlaengerung-650x450px.jpg","type":"image\/jpeg"}],"author":"-","twitter_card":"summary_large_image","twitter_misc":{"Written by":"-","Estimated reading time":"2 minutes"},"schema":{"@context":"https:\/\/schema.org","@graph":[{"@type":"Article","@id":"https:\/\/aktuelles.uni-frankfurt.de\/forschung\/transformationen-politischer-gewalt-im-fokus-hessisches-forschungszentrum-trace-geht-in-die-zweite-phase\/#article","isPartOf":{"@id":"https:\/\/aktuelles.uni-frankfurt.de\/forschung\/transformationen-politischer-gewalt-im-fokus-hessisches-forschungszentrum-trace-geht-in-die-zweite-phase\/"},"author":{"name":"-","@id":"https:\/\/aktuelles.uni-frankfurt.de\/#\/schema\/person\/8e55ea338fb65d1ce87a91565d1f1739"},"headline":"Transformationen politischer Gewalt im Fokus: Hessisches Forschungszentrum \u201eTraCe\u201c geht in die zweite Phase","datePublished":"2025-12-11T12:26:23+00:00","dateModified":"2025-12-11T12:27:35+00:00","mainEntityOfPage":{"@id":"https:\/\/aktuelles.uni-frankfurt.de\/forschung\/transformationen-politischer-gewalt-im-fokus-hessisches-forschungszentrum-trace-geht-in-die-zweite-phase\/"},"wordCount":433,"publisher":{"@id":"https:\/\/aktuelles.uni-frankfurt.de\/#organization"},"image":{"@id":"https:\/\/aktuelles.uni-frankfurt.de\/forschung\/transformationen-politischer-gewalt-im-fokus-hessisches-forschungszentrum-trace-geht-in-die-zweite-phase\/#primaryimage"},"thumbnailUrl":"https:\/\/aktuelles.uni-frankfurt.de\/wp-content\/uploads\/2025\/12\/trace-verlaengerung-650x450px.jpg","keywords":["Politikwissenschaft"],"articleSection":["Forschung"],"inLanguage":"en-GB"},{"@type":"WebPage","@id":"https:\/\/aktuelles.uni-frankfurt.de\/forschung\/transformationen-politischer-gewalt-im-fokus-hessisches-forschungszentrum-trace-geht-in-die-zweite-phase\/","url":"https:\/\/aktuelles.uni-frankfurt.de\/forschung\/transformationen-politischer-gewalt-im-fokus-hessisches-forschungszentrum-trace-geht-in-die-zweite-phase\/","name":"Transformationen politischer Gewalt im Fokus: Hessisches Forschungszentrum \u201eTraCe\u201c geht in die zweite Phase | Aktuelles aus der Goethe-Universit\u00e4t Frankfurt","isPartOf":{"@id":"https:\/\/aktuelles.uni-frankfurt.de\/#website"},"primaryImageOfPage":{"@id":"https:\/\/aktuelles.uni-frankfurt.de\/forschung\/transformationen-politischer-gewalt-im-fokus-hessisches-forschungszentrum-trace-geht-in-die-zweite-phase\/#primaryimage"},"image":{"@id":"https:\/\/aktuelles.uni-frankfurt.de\/forschung\/transformationen-politischer-gewalt-im-fokus-hessisches-forschungszentrum-trace-geht-in-die-zweite-phase\/#primaryimage"},"thumbnailUrl":"https:\/\/aktuelles.uni-frankfurt.de\/wp-content\/uploads\/2025\/12\/trace-verlaengerung-650x450px.jpg","datePublished":"2025-12-11T12:26:23+00:00","dateModified":"2025-12-11T12:27:35+00:00","breadcrumb":{"@id":"https:\/\/aktuelles.uni-frankfurt.de\/forschung\/transformationen-politischer-gewalt-im-fokus-hessisches-forschungszentrum-trace-geht-in-die-zweite-phase\/#breadcrumb"},"inLanguage":"en-GB","potentialAction":[{"@type":"ReadAction","target":["https:\/\/aktuelles.uni-frankfurt.de\/forschung\/transformationen-politischer-gewalt-im-fokus-hessisches-forschungszentrum-trace-geht-in-die-zweite-phase\/"]}]},{"@type":"ImageObject","inLanguage":"en-GB","@id":"https:\/\/aktuelles.uni-frankfurt.de\/forschung\/transformationen-politischer-gewalt-im-fokus-hessisches-forschungszentrum-trace-geht-in-die-zweite-phase\/#primaryimage","url":"https:\/\/aktuelles.uni-frankfurt.de\/wp-content\/uploads\/2025\/12\/trace-verlaengerung-650x450px.jpg","contentUrl":"https:\/\/aktuelles.uni-frankfurt.de\/wp-content\/uploads\/2025\/12\/trace-verlaengerung-650x450px.jpg","width":650,"height":450,"caption":"Das Forschungszentrum \u201eTraCe\u201c, das sich mit den ver\u00e4nderten Formen politischer Gewalt befasst, kann seine Arbeit fortsetzen. Astrid Erll, Professorin f\u00fcr englische Literaturen und Kulturen an der Goethe-Universit\u00e4t, ist Co-Sprecherin des vom PRIF koordinierten Verbundes. \u00a9 TraCe\/PRIF"},{"@type":"BreadcrumbList","@id":"https:\/\/aktuelles.uni-frankfurt.de\/forschung\/transformationen-politischer-gewalt-im-fokus-hessisches-forschungszentrum-trace-geht-in-die-zweite-phase\/#breadcrumb","itemListElement":[{"@type":"ListItem","position":1,"name":"Startseite","item":"https:\/\/aktuelles.uni-frankfurt.de\/"},{"@type":"ListItem","position":2,"name":"Transformationen politischer Gewalt im Fokus: Hessisches Forschungszentrum \u201eTraCe\u201c geht in die zweite Phase"}]},{"@type":"WebSite","@id":"https:\/\/aktuelles.uni-frankfurt.de\/#website","url":"https:\/\/aktuelles.uni-frankfurt.de\/","name":"Aktuelles aus der Goethe-Universit\u00e4t Frankfurt","description":"Aktuelles aus der Goethe-Universit\u00e4t | Neues aus Forschung, Lehre, Studium","publisher":{"@id":"https:\/\/aktuelles.uni-frankfurt.de\/#organization"},"potentialAction":[{"@type":"SearchAction","target":{"@type":"EntryPoint","urlTemplate":"https:\/\/aktuelles.uni-frankfurt.de\/?s={search_term_string}"},"query-input":{"@type":"PropertyValueSpecification","valueRequired":true,"valueName":"search_term_string"}}],"inLanguage":"en-GB"},{"@type":"Organization","@id":"https:\/\/aktuelles.uni-frankfurt.de\/#organization","name":"Goethe University Frankfurt","url":"https:\/\/aktuelles.uni-frankfurt.de\/","logo":{"@type":"ImageObject","inLanguage":"en-GB","@id":"https:\/\/aktuelles.uni-frankfurt.de\/#\/schema\/logo\/image\/","url":"https:\/\/aktuelles.uni-frankfurt.de\/wp-content\/uploads\/2022\/03\/800px-Goethe-Logo.png","contentUrl":"https:\/\/aktuelles.uni-frankfurt.de\/wp-content\/uploads\/2022\/03\/800px-Goethe-Logo.png","width":800,"height":436,"caption":"Goethe-Universit\u00e4t"},"image":{"@id":"https:\/\/aktuelles.uni-frankfurt.de\/#\/schema\/logo\/image\/"}},{"@type":"Person","@id":"https:\/\/aktuelles.uni-frankfurt.de\/#\/schema\/person\/8e55ea338fb65d1ce87a91565d1f1739","name":"-","description":"Dieser Beitrag wurde von der Online-Redaktion ver\u00f6ffentlicht. Wenn der Beitrag von einem Gastautoren verfasst wurde, findet sich dieser Hinweis am Ende des jeweiligen Artikels.","sameAs":["http:\/\/aktuelles.uni-frankfurt.de\/autoren"],"url":"https:\/\/aktuelles.uni-frankfurt.de\/en\/author\/redaktion\/"}]}},"_links":{"self":[{"href":"https:\/\/aktuelles.uni-frankfurt.de\/en\/wp-json\/wp\/v2\/posts\/86897","targetHints":{"allow":["GET"]}}],"collection":[{"href":"https:\/\/aktuelles.uni-frankfurt.de\/en\/wp-json\/wp\/v2\/posts"}],"about":[{"href":"https:\/\/aktuelles.uni-frankfurt.de\/en\/wp-json\/wp\/v2\/types\/post"}],"author":[{"embeddable":true,"href":"https:\/\/aktuelles.uni-frankfurt.de\/en\/wp-json\/wp\/v2\/users\/8"}],"replies":[{"embeddable":true,"href":"https:\/\/aktuelles.uni-frankfurt.de\/en\/wp-json\/wp\/v2\/comments?post=86897"}],"version-history":[{"count":0,"href":"https:\/\/aktuelles.uni-frankfurt.de\/en\/wp-json\/wp\/v2\/posts\/86897\/revisions"}],"wp:featuredmedia":[{"embeddable":true,"href":"https:\/\/aktuelles.uni-frankfurt.de\/en\/wp-json\/wp\/v2\/media\/86898"}],"wp:attachment":[{"href":"https:\/\/aktuelles.uni-frankfurt.de\/en\/wp-json\/wp\/v2\/media?parent=86897"}],"wp:term":[{"taxonomy":"category","embeddable":true,"href":"https:\/\/aktuelles.uni-frankfurt.de\/en\/wp-json\/wp\/v2\/categories?post=86897"},{"taxonomy":"post_tag","embeddable":true,"href":"https:\/\/aktuelles.uni-frankfurt.de\/en\/wp-json\/wp\/v2\/tags?post=86897"},{"taxonomy":"post_folder","embeddable":true,"href":"https:\/\/aktuelles.uni-frankfurt.de\/en\/wp-json\/wp\/v2\/post_folder?post=86897"}],"curies":[{"name":"wp","href":"https:\/\/api.w.org\/{rel}","templated":true}]}}