{"id":86919,"date":"2025-12-12T13:04:24","date_gmt":"2025-12-12T12:04:24","guid":{"rendered":"https:\/\/aktuelles.uni-frankfurt.de\/?p=86919"},"modified":"2025-12-15T11:35:55","modified_gmt":"2025-12-15T10:35:55","slug":"fuehrungskraefte-und-gesellschaftlicher-zusammenhalt","status":"publish","type":"post","link":"https:\/\/aktuelles.uni-frankfurt.de\/en\/forschung\/fuehrungskraefte-und-gesellschaftlicher-zusammenhalt\/","title":{"rendered":"F\u00fchrungskr\u00e4fte und gesellschaftlicher Zusammenhalt"},"content":{"rendered":"<p><em>DFG bewilligt neue Kolleg-Forschungsgruppe an der Goethe-Universit\u00e4t<\/em><\/p>\n\n\n\n<p><strong>Die Gegenwart ist gepr\u00e4gt von Krisen, gesellschaftlicher Polarisierung und Fragmentierung. Bei der St\u00e4rkung des Zusammenhalts kommt F\u00fchrungskr\u00e4ften eine besondere Rolle zu: Darauf basiert die Grundidee zur interdisziplin\u00e4ren Kolleg-Forschungsgruppe, die die Deutsche Forschungsgemeinschaft (DFG) heute bewilligt hat. Das in Psychologie und Wirtschaftswissenschaften angesiedelte Kolleg \u201eGoethe Leadership Centre\u201c wird zun\u00e4chst f\u00fcr vier Jahre am Thema forschen. Zudem gab die DFG bekannt, dass die F\u00f6rderung der Forschungsgruppe QUAST, in der es um die Vorhersage der Eigenschaften von Quantenmaterialien geht, verl\u00e4ngert wurde.<\/strong><\/p>\n\n\n\n<div style=\"height:20px\" aria-hidden=\"true\" class=\"wp-block-spacer\"><\/div>\n\n\n\n<figure class=\"wp-block-image aligncenter size-full\"><img fetchpriority=\"high\" decoding=\"async\" width=\"650\" height=\"450\" src=\"https:\/\/aktuelles.uni-frankfurt.de\/wp-content\/uploads\/2025\/12\/forschungsgruppe-kosefeld-van-dick-650x450px.jpg\" alt=\"Die neue Kolleg-Forschungsgruppe zur Identity Leadership kann mit der Arbeit beginnen, die DFG hat das Projekt f\u00fcr zun\u00e4chst vier Jahre bewilligt. Das Team von Prof. Rolf van Dick mit Lea Weigand von der Universit\u00e4t Mainz, Kooperationspartnerin von Michael Kosfeld. \u00a9 Goethe-Universit\u00e4t\" class=\"wp-image-86920\" srcset=\"https:\/\/aktuelles.uni-frankfurt.de\/wp-content\/uploads\/2025\/12\/forschungsgruppe-kosefeld-van-dick-650x450px.jpg 650w, https:\/\/aktuelles.uni-frankfurt.de\/wp-content\/uploads\/2025\/12\/forschungsgruppe-kosefeld-van-dick-650x450px-300x208.jpg 300w, https:\/\/aktuelles.uni-frankfurt.de\/wp-content\/uploads\/2025\/12\/forschungsgruppe-kosefeld-van-dick-650x450px-500x346.jpg 500w, https:\/\/aktuelles.uni-frankfurt.de\/wp-content\/uploads\/2025\/12\/forschungsgruppe-kosefeld-van-dick-650x450px-18x12.jpg 18w\" sizes=\"(max-width: 650px) 100vw, 650px\" \/><figcaption class=\"wp-element-caption\">Die neue Kolleg-Forschungsgruppe zur Identity Leadership kann mit der Arbeit beginnen, die DFG hat das Projekt f\u00fcr zun\u00e4chst vier Jahre bewilligt. Das Team von Prof. Rolf van Dick mit Lea Weigand von der Universit\u00e4t Mainz, Kooperationspartnerin von Michael Kosfeld. \u00a9 Goethe-Universit\u00e4t<\/figcaption><\/figure>\n\n\n\n<div style=\"height:20px\" aria-hidden=\"true\" class=\"wp-block-spacer\"><\/div>\n\n\n\n<p><a href=\"https:\/\/aktuelles.uni-frankfurt.de\/english\/leadership-and-social-cohesion\/\" target=\"_blank\" rel=\"noreferrer noopener\">EN Version<\/a><\/p>\n\n\n\n<p>Wie k\u00f6nnen F\u00fchrungskr\u00e4fte das Gemeinschaftsgef\u00fchl der Besch\u00e4ftigten f\u00f6rdern, um so Kooperationsbereitschaft, Wohlbefinden und Resilienz zu verbessern? Dieser Frage widmet sich die neue Kolleg-Forschungsgruppe aus Psychologie und Wirtschaftswissenschaften an der Goethe-Universit\u00e4t unter dem Titel <strong>\u201eF\u00fchrung neu denken: Identit\u00e4tsbasierte F\u00fchrung als gruppenorientiertes Instrument zur Analyse und Bew\u00e4ltigung der Herausforderungen unserer Zeit\u201c <\/strong>bzw. <strong>\u201eGoethe Leadership Centre \u2013 Centre of Advanced Studies\u201c<\/strong>. Beantragt wurde das Kolleg von Rolf van Dick, Professor f\u00fcr Sozialpsychologie, und Michael Kosfeld, Professor f\u00fcr Betriebswirtschaftslehre, insbesondere Organisation und Management. Angesiedelt sein wird das Centre am Forschungskolleg Humanwissenschaften in Bad Homburg.<\/p>\n\n\n\n<p>\u201eDie neue Kolleg-Forschungsgruppe trifft den Nerv unserer Zeit. Das Auseinanderdriften der Gesellschaft, wie wir es seit einigen Jahren beobachten m\u00fcssen, bedarf dringend einer ganzheitlichen Betrachtung. Dass die Arbeitswelt eine wichtige Rolle f\u00fcr die Gesamtgesellschaft spielt, liegt auf der Hand. Ich freue mich, dass an der Goethe-Universit\u00e4t die wissenschaftliche Basis f\u00fcr die richtige Weichenstellung gelegt wird\u201c, sagt Universit\u00e4tspr\u00e4sident Prof. Enrico Schleiff.<\/p>\n\n\n\n<p>\u201eWir sind sehr stolz darauf, dass unser Antrag bewilligt wurde. Der Br\u00fcckenschlag zwischen Psychologie und Wirtschaftswissenschaften war wohl sehr \u00fcberzeugend. Wir wollen die Neukonzeption von F\u00fchrung in einer polarisierten Welt erm\u00f6glichen \u2013 mit evidenzbasierten Instrumenten f\u00fcr mehr gesellschaftlichen Zusammenhalt\u201c, sagt Prof. Rolf van Dick, der zun\u00e4chst als Sprecher fungieren wird. Es handele sich um die erste Kolleg-Forschungsgruppe die die DFG in der Psychologie je bewilligt hat.<\/p>\n\n\n\n<p>Dass die Art und Weise der F\u00fchrung \u00fcber die Identifikation einer Gruppe als solcher entscheidend ist, sei eigentlich trivial, erkl\u00e4rt van Dick. Es sei ein gro\u00dfer Unterschied, ob eine Person in herausgehobener Stellung f\u00fcr andere den Kurs vorgebe oder ob es ihr zu vermitteln gel\u00e4nge: \u201eIch bin einer von euch, setze mich f\u00fcr die Gruppe ein, f\u00fcr unsere gemeinsamen Ziele\u201c. Dieses Konzept von \u201eidentity leadership\u201c sei jedoch erg\u00e4nzungsbed\u00fcrftig: Denn das Hineinwirken in die eigene Gruppe und das Verwirklichen von Gruppeninteressen allein mache noch keine integrative F\u00fchrungsfigur, wie das Beispiel von US-Pr\u00e4sident Trump deutlich macht.<br>Nun wollen van Dick und Kosfeld gemeinsam ein Konzept entwickeln f\u00fcr das Forschungsprogramm der n\u00e4chsten vier Jahre. Dabei soll ein Modell von identit\u00e4tsstiftender F\u00fchrung (weiter)entwickelt werden, das Erkenntnisse aus beiden F\u00e4chern integriert sowie den Gedanken von Allgemeinwohl und von \u201eshared leadership\u201c. Identit\u00e4tsstiftende Methoden der F\u00fchrung sollen auch kulturvergleichend evaluiert werden. \u201eHier wollen wir auch qualitativ vorgehen und offen fragen. Vielleicht gibt es in anderen Kulturen ganz andere Formen der identit\u00e4tsstiftenden F\u00fchrung\u201c, sagt van Dick.<\/p>\n\n\n\n<div style=\"height:20px\" aria-hidden=\"true\" class=\"wp-block-spacer\"><\/div>\n\n\n\n<figure class=\"wp-block-image aligncenter size-full\"><img decoding=\"async\" width=\"650\" height=\"450\" src=\"https:\/\/aktuelles.uni-frankfurt.de\/wp-content\/uploads\/2025\/12\/kosefeld-van-dick-650x450px.jpg\" alt=\"Michael Kosfeld und Rolf van Dick haben bei der DFG erfolgreich eine interdisziplin\u00e4re Kolleg-Forschungsgruppe beantragt. (beide Bilder \u00a9 Uwe Dettmar)\" class=\"wp-image-86921\" srcset=\"https:\/\/aktuelles.uni-frankfurt.de\/wp-content\/uploads\/2025\/12\/kosefeld-van-dick-650x450px.jpg 650w, https:\/\/aktuelles.uni-frankfurt.de\/wp-content\/uploads\/2025\/12\/kosefeld-van-dick-650x450px-300x208.jpg 300w, https:\/\/aktuelles.uni-frankfurt.de\/wp-content\/uploads\/2025\/12\/kosefeld-van-dick-650x450px-500x346.jpg 500w, https:\/\/aktuelles.uni-frankfurt.de\/wp-content\/uploads\/2025\/12\/kosefeld-van-dick-650x450px-18x12.jpg 18w\" sizes=\"(max-width: 650px) 100vw, 650px\" \/><figcaption class=\"wp-element-caption\">Michael Kosfeld und Rolf van Dick haben bei der DFG erfolgreich eine interdisziplin\u00e4re Kolleg-Forschungsgruppe beantragt. \u00a9 Uwe Dettmar<\/figcaption><\/figure>\n\n\n\n<div style=\"height:20px\" aria-hidden=\"true\" class=\"wp-block-spacer\"><\/div>\n\n\n\n<p>Die Kolleg-Forschungsgruppe kann auf umfangreiche Vorarbeiten der beiden Hauptantragsteller aufbauen: In der Psychologie hat Rolf van Dick, der zu den meistzitierten Wissenschaftlern der Goethe-Universit\u00e4t z\u00e4hlt, mit seinem Team das Konzept der Identity Leadership im Rahmen des globalen GILD-Netzwerks weltweit untersucht und gezeigt, wie Identifikation mit Innovation, Vertrauen und reduzierter Ersch\u00f6pfung zusammenh\u00e4ngt. W\u00e4hrend der Corona-Pandemie konnte er belegen, dass ein identit\u00e4tsstiftender F\u00fchrungsstil bei den Besch\u00e4ftigten pandemiegerechte Verhaltensweisen st\u00e4rkte. Auf der wirtschaftswissenschaftlichen Seite zeigen die Experimente von Michael Kosfeld, wie sich die Verbundenheit mit einem gemeinsamen Ziel auf die Kooperationsqualit\u00e4t im Team auswirkt. \u201eMichael Kosfeld und ich wissen, dass wir gut zusammenarbeiten. Wir haben zwar unterschiedliche Methoden und Ideen, aber wir untersuchen dieselben Ph\u00e4nomene\u201c, sagt van Dick.<\/p>\n\n\n\n<p>Die neue Kolleg-Forschungsgruppe umfasst ein Fellowship-Programm mit Rudolf Kerschreiter und Alex Haslam als dauerhaften Fellows, 20 weiteren Senior- und Juniorfellows sowie 60 Kurzzeitg\u00e4sten. Im Sinne der Nachwuchsf\u00f6rderung sind zwei Postdoc-Stellen vorgesehen, eine W1-Professur (Tenure Track) und eine h\u00e4lftige Vergabe der Fellowships an Nachwuchskr\u00e4fte. Jedes Jahr soll es einen Workshop geben, alle zwei Jahre eine Konferenz. In einem w\u00f6chentlichen Forum tauschen sich die beteiligten Wissenschaftlerinnen und Wissenschaftler zeitnah \u00fcber aktuelle Fragen und Ergebnisse aus. Im Sommer 2026 will man mit der Besetzung der Stellen beginnen, f\u00fcr Herbst\/Winter 2026 werden die ersten Fellows nach Frankfurt eingeladen.<\/p>\n\n\n\n<p>F\u00fcr die erste F\u00f6rderphase stehen etwas mehr als 3 Millionen Euro zur Verf\u00fcgung. Auch f\u00fcr eine zweite F\u00f6rderphase, die nach vier Jahren zu beantragen w\u00e4re, haben van Dick und Kosfeld schon \u00dcberlegungen angestellt: \u201eEingebettet in Frankfurts Forschungslandschaft mit dem Center for Leadership and Behavior in Organizations (CLBO) und dem Frankfurt Laboratory for Experimental Economic Research (FLEX), w\u00fcrden wir das Spektrum um Themen wie KI, Digitalisierung oder dem demographischen Wandel erweitern\u201c, stellt Rolf van Dick in Aussicht.<\/p>\n\n\n\n<div style=\"height:20px\" aria-hidden=\"true\" class=\"wp-block-spacer\"><\/div>\n\n\n\n<p class=\"has-background\" style=\"background-color:#eeeeee\"><strong>Kolleg-Forschungsgruppen<\/strong> sind ein speziell auf geistes- und sozialwissenschaftliche Arbeitsformen zugeschnittenes F\u00f6rderangebot. Das Format erm\u00f6glicht ein Zusammenwirken besonders ausgewiesener Wissenschaftlerinnen und Wissenschaftler zur Weiterentwicklung eines geistes- und sozialwissenschaftlichen Forschungsthemas an einem Ort. Die Beteiligten finden dabei Gelegenheit, selbst intensiv zu forschen; zudem ist ein Fellow-Programm f\u00fcr G\u00e4ste aus dem In- und Ausland vorgesehen, die f\u00fcr bis zu zwei Jahre eingeladen werden und anschlie\u00dfend mit der Kolleg-Forschungsgruppe verbunden bleiben. Die Gesamtf\u00f6rderdauer betr\u00e4gt bis zu acht Jahre.<\/p>\n\n\n\n<div style=\"height:20px\" aria-hidden=\"true\" class=\"wp-block-spacer\"><\/div>\n\n\n\n<p class=\"has-background\" style=\"background-color:#eeeeee\">F\u00fcr eine weitere F\u00f6rderperiode wird die <strong>Forschungsgruppe QUAST<\/strong> um ihre Sprecherin Prof. Maria Roser Valent\u00ed von Institut f\u00fcr Theoretische Physik der Goethe-Universit\u00e4t verl\u00e4ngert. Als Verbund mit Wissenschaftlerinnen und Wissenschaftlern aus Deutschland, \u00d6sterreich und der Schweiz untersucht QUAST, wie sich die Eigenschaften neuer Materialien besser vorhersagen lassen. Die Forschenden besch\u00e4ftigen sich mit der Entwicklung der sogenannten Vielteilchentheorie, um zuverl\u00e4ssige quantitative Vorhersagen topologischer und dynamischer Quantenph\u00e4nomene in Festk\u00f6rpern zu erreichen. Die Eigenschaften vieler neuartiger Quantenmaterialien, wie die vor kurzem entdeckten Weyl-Kondo-Semimetalle, basieren auf r\u00e4umlich-zeitlichen elektronischen Korrelationen, deren Vielteilchen-Natur schwer mathematisch zu beschreiben ist. QUAST will diese Herausforderung durch koordinierte theoretische Methodenentwicklungen und konzertierte Experimente angehen. Die Forschungsgruppe wird von der Deutschen Forschungsgemeinschaft (DFG) gemeinsam mit dem \u00f6sterreichischen Fonds zur F\u00f6rderung der wissenschaftlichen Forschung (FWF) und dem Schweizerischen Nationalfonds (SFN) im Rahmen der D-A-CH-Zusammenarbeit gef\u00f6rdert.<\/p>\n\n\n\n<div style=\"height:20px\" aria-hidden=\"true\" class=\"wp-block-spacer\"><\/div>\n\n\n\n<p class=\"has-background\" style=\"background-color:#eeeeee\"><strong>Weitere Informationen<\/strong>:<br><br><strong>Prof. Dr. Rolf van Dick<\/strong><br>Institut f\u00fcr Psychologie<br>Goethe University Frankfurt<br>Telefon: 069 798- 35285<br>E-Mail: <a href=\"mailto:van.Dick@psych.uni-frankfurt.de\" target=\"_blank\" rel=\"noreferrer noopener\">van.Dick@psych.uni-frankfurt.de<\/a><br><br><strong>Prof. Dr. Roser Valent\u00ed<\/strong><br>Institut f\u00fcr Theoretische Physik<br>Goethe University Frankfurt<br>Telefon: 069 798- 47816<br>E-Mail: <a href=\"mailto:valenti@itp.uni-frankfurt.de\" target=\"_blank\" rel=\"noreferrer noopener\">valenti@itp.uni-frankfurt.de<\/a><br><a href=\"https:\/\/for5249.org\/\" target=\"_blank\" rel=\"noreferrer noopener\">Website \u2192<\/a><\/p>\n\n\n\n<p><\/p>","protected":false},"excerpt":{"rendered":"<p>DFG bewilligt neue Kolleg-Forschungsgruppe an der Goethe-Universit\u00e4t Die Gegenwart ist gepr\u00e4gt von Krisen, gesellschaftlicher Polarisierung und Fragmentierung. Bei der St\u00e4rkung des Zusammenhalts kommt F\u00fchrungskr\u00e4ften eine besondere Rolle zu: Darauf basiert [&hellip;]<\/p>\n","protected":false},"author":5,"featured_media":86920,"comment_status":"closed","ping_status":"closed","sticky":false,"template":"","format":"standard","meta":{"_eb_attr":"","_price":"","_stock":"","_tribe_ticket_header":"","_tribe_default_ticket_provider":"","_ticket_start_date":"","_ticket_end_date":"","_tribe_ticket_show_description":"","_tribe_ticket_show_not_going":false,"_tribe_ticket_use_global_stock":"","_tribe_ticket_global_stock_level":"","_global_stock_mode":"","_global_stock_cap":"","_tribe_rsvp_for_event":"","_tribe_ticket_going_count":"","_tribe_ticket_not_going_count":"","_tribe_tickets_list":"[]","_tribe_ticket_has_attendee_info_fields":false,"footnotes":""},"categories":[3],"tags":[23,50,22],"post_folder":[],"class_list":["post-86919","post","type-post","status-publish","format-standard","has-post-thumbnail","hentry","category-forschung","tag-physik","tag-psychologie","tag-wirtschaftswissenschaften"],"yoast_head":"<!-- This site is optimized with the Yoast SEO plugin v27.5 - https:\/\/yoast.com\/product\/yoast-seo-wordpress\/ -->\n<title>F\u00fchrungskr\u00e4fte und gesellschaftlicher Zusammenhalt | Aktuelles aus der Goethe-Universit\u00e4t Frankfurt<\/title>\n<meta name=\"robots\" content=\"index, follow, max-snippet:-1, max-image-preview:large, max-video-preview:-1\" \/>\n<link rel=\"canonical\" href=\"https:\/\/aktuelles.uni-frankfurt.de\/en\/forschung\/fuehrungskraefte-und-gesellschaftlicher-zusammenhalt\/\" \/>\n<meta property=\"og:locale\" content=\"en_GB\" \/>\n<meta property=\"og:type\" content=\"article\" \/>\n<meta property=\"og:title\" content=\"F\u00fchrungskr\u00e4fte und gesellschaftlicher Zusammenhalt | Aktuelles aus der Goethe-Universit\u00e4t Frankfurt\" \/>\n<meta property=\"og:description\" content=\"DFG bewilligt neue Kolleg-Forschungsgruppe an der Goethe-Universit\u00e4t Die Gegenwart ist gepr\u00e4gt von Krisen, gesellschaftlicher Polarisierung und Fragmentierung. Bei der St\u00e4rkung des Zusammenhalts kommt F\u00fchrungskr\u00e4ften eine besondere Rolle zu: Darauf basiert [&hellip;]\" \/>\n<meta property=\"og:url\" content=\"https:\/\/aktuelles.uni-frankfurt.de\/en\/forschung\/fuehrungskraefte-und-gesellschaftlicher-zusammenhalt\/\" \/>\n<meta property=\"og:site_name\" content=\"Aktuelles aus der Goethe-Universit\u00e4t Frankfurt\" \/>\n<meta property=\"article:published_time\" content=\"2025-12-12T12:04:24+00:00\" \/>\n<meta property=\"article:modified_time\" content=\"2025-12-15T10:35:55+00:00\" \/>\n<meta property=\"og:image\" content=\"https:\/\/aktuelles.uni-frankfurt.de\/wp-content\/uploads\/2025\/12\/forschungsgruppe-kosefeld-van-dick-650x450px.jpg\" \/>\n\t<meta property=\"og:image:width\" content=\"650\" \/>\n\t<meta property=\"og:image:height\" content=\"450\" \/>\n\t<meta property=\"og:image:type\" content=\"image\/jpeg\" \/>\n<meta name=\"author\" content=\"Dr. Anke Sauter\" \/>\n<meta name=\"twitter:card\" content=\"summary_large_image\" \/>\n<meta name=\"twitter:label1\" content=\"Written by\" \/>\n\t<meta name=\"twitter:data1\" content=\"Dr. Anke Sauter\" \/>\n\t<meta name=\"twitter:label2\" content=\"Estimated reading time\" \/>\n\t<meta name=\"twitter:data2\" content=\"6 minutes\" \/>\n<script type=\"application\/ld+json\" class=\"yoast-schema-graph\">{\"@context\":\"https:\\\/\\\/schema.org\",\"@graph\":[{\"@type\":\"Article\",\"@id\":\"https:\\\/\\\/aktuelles.uni-frankfurt.de\\\/forschung\\\/fuehrungskraefte-und-gesellschaftlicher-zusammenhalt\\\/#article\",\"isPartOf\":{\"@id\":\"https:\\\/\\\/aktuelles.uni-frankfurt.de\\\/forschung\\\/fuehrungskraefte-und-gesellschaftlicher-zusammenhalt\\\/\"},\"author\":{\"name\":\"Dr. Anke Sauter\",\"@id\":\"https:\\\/\\\/aktuelles.uni-frankfurt.de\\\/#\\\/schema\\\/person\\\/1b9eb6fa6c6aed90031661dd4e37970d\"},\"headline\":\"F\u00fchrungskr\u00e4fte und gesellschaftlicher Zusammenhalt\",\"datePublished\":\"2025-12-12T12:04:24+00:00\",\"dateModified\":\"2025-12-15T10:35:55+00:00\",\"mainEntityOfPage\":{\"@id\":\"https:\\\/\\\/aktuelles.uni-frankfurt.de\\\/forschung\\\/fuehrungskraefte-und-gesellschaftlicher-zusammenhalt\\\/\"},\"wordCount\":1164,\"publisher\":{\"@id\":\"https:\\\/\\\/aktuelles.uni-frankfurt.de\\\/#organization\"},\"image\":{\"@id\":\"https:\\\/\\\/aktuelles.uni-frankfurt.de\\\/forschung\\\/fuehrungskraefte-und-gesellschaftlicher-zusammenhalt\\\/#primaryimage\"},\"thumbnailUrl\":\"https:\\\/\\\/aktuelles.uni-frankfurt.de\\\/wp-content\\\/uploads\\\/2025\\\/12\\\/forschungsgruppe-kosefeld-van-dick-650x450px.jpg\",\"keywords\":[\"Physik\",\"Psychologie\",\"Wirtschaftswissenschaften\"],\"articleSection\":[\"Forschung\"],\"inLanguage\":\"en-GB\"},{\"@type\":\"WebPage\",\"@id\":\"https:\\\/\\\/aktuelles.uni-frankfurt.de\\\/forschung\\\/fuehrungskraefte-und-gesellschaftlicher-zusammenhalt\\\/\",\"url\":\"https:\\\/\\\/aktuelles.uni-frankfurt.de\\\/forschung\\\/fuehrungskraefte-und-gesellschaftlicher-zusammenhalt\\\/\",\"name\":\"F\u00fchrungskr\u00e4fte und gesellschaftlicher Zusammenhalt | Aktuelles aus der Goethe-Universit\u00e4t Frankfurt\",\"isPartOf\":{\"@id\":\"https:\\\/\\\/aktuelles.uni-frankfurt.de\\\/#website\"},\"primaryImageOfPage\":{\"@id\":\"https:\\\/\\\/aktuelles.uni-frankfurt.de\\\/forschung\\\/fuehrungskraefte-und-gesellschaftlicher-zusammenhalt\\\/#primaryimage\"},\"image\":{\"@id\":\"https:\\\/\\\/aktuelles.uni-frankfurt.de\\\/forschung\\\/fuehrungskraefte-und-gesellschaftlicher-zusammenhalt\\\/#primaryimage\"},\"thumbnailUrl\":\"https:\\\/\\\/aktuelles.uni-frankfurt.de\\\/wp-content\\\/uploads\\\/2025\\\/12\\\/forschungsgruppe-kosefeld-van-dick-650x450px.jpg\",\"datePublished\":\"2025-12-12T12:04:24+00:00\",\"dateModified\":\"2025-12-15T10:35:55+00:00\",\"breadcrumb\":{\"@id\":\"https:\\\/\\\/aktuelles.uni-frankfurt.de\\\/forschung\\\/fuehrungskraefte-und-gesellschaftlicher-zusammenhalt\\\/#breadcrumb\"},\"inLanguage\":\"en-GB\",\"potentialAction\":[{\"@type\":\"ReadAction\",\"target\":[\"https:\\\/\\\/aktuelles.uni-frankfurt.de\\\/forschung\\\/fuehrungskraefte-und-gesellschaftlicher-zusammenhalt\\\/\"]}]},{\"@type\":\"ImageObject\",\"inLanguage\":\"en-GB\",\"@id\":\"https:\\\/\\\/aktuelles.uni-frankfurt.de\\\/forschung\\\/fuehrungskraefte-und-gesellschaftlicher-zusammenhalt\\\/#primaryimage\",\"url\":\"https:\\\/\\\/aktuelles.uni-frankfurt.de\\\/wp-content\\\/uploads\\\/2025\\\/12\\\/forschungsgruppe-kosefeld-van-dick-650x450px.jpg\",\"contentUrl\":\"https:\\\/\\\/aktuelles.uni-frankfurt.de\\\/wp-content\\\/uploads\\\/2025\\\/12\\\/forschungsgruppe-kosefeld-van-dick-650x450px.jpg\",\"width\":650,\"height\":450,\"caption\":\"Die neue Kolleg-Forschungsgruppe zur Identity Leadership kann mit der Arbeit beginnen, die DFG hat das Projekt f\u00fcr zun\u00e4chst vier Jahre bewilligt. Das Team von Prof. Rolf van Dick mit Lea Weigand von der Universit\u00e4t Mainz, Kooperationspartnerin von Michael Kosfeld. \u00a9 Goethe-Universit\u00e4t\"},{\"@type\":\"BreadcrumbList\",\"@id\":\"https:\\\/\\\/aktuelles.uni-frankfurt.de\\\/forschung\\\/fuehrungskraefte-und-gesellschaftlicher-zusammenhalt\\\/#breadcrumb\",\"itemListElement\":[{\"@type\":\"ListItem\",\"position\":1,\"name\":\"Startseite\",\"item\":\"https:\\\/\\\/aktuelles.uni-frankfurt.de\\\/\"},{\"@type\":\"ListItem\",\"position\":2,\"name\":\"F\u00fchrungskr\u00e4fte und gesellschaftlicher Zusammenhalt\"}]},{\"@type\":\"WebSite\",\"@id\":\"https:\\\/\\\/aktuelles.uni-frankfurt.de\\\/#website\",\"url\":\"https:\\\/\\\/aktuelles.uni-frankfurt.de\\\/\",\"name\":\"Aktuelles aus der Goethe-Universit\u00e4t Frankfurt\",\"description\":\"Aktuelles aus der Goethe-Universit\u00e4t | Neues aus Forschung, Lehre, Studium\",\"publisher\":{\"@id\":\"https:\\\/\\\/aktuelles.uni-frankfurt.de\\\/#organization\"},\"potentialAction\":[{\"@type\":\"SearchAction\",\"target\":{\"@type\":\"EntryPoint\",\"urlTemplate\":\"https:\\\/\\\/aktuelles.uni-frankfurt.de\\\/?s={search_term_string}\"},\"query-input\":{\"@type\":\"PropertyValueSpecification\",\"valueRequired\":true,\"valueName\":\"search_term_string\"}}],\"inLanguage\":\"en-GB\"},{\"@type\":\"Organization\",\"@id\":\"https:\\\/\\\/aktuelles.uni-frankfurt.de\\\/#organization\",\"name\":\"Goethe-Universit\u00e4t\",\"url\":\"https:\\\/\\\/aktuelles.uni-frankfurt.de\\\/\",\"logo\":{\"@type\":\"ImageObject\",\"inLanguage\":\"en-GB\",\"@id\":\"https:\\\/\\\/aktuelles.uni-frankfurt.de\\\/#\\\/schema\\\/logo\\\/image\\\/\",\"url\":\"https:\\\/\\\/aktuelles.uni-frankfurt.de\\\/wp-content\\\/uploads\\\/2022\\\/03\\\/800px-Goethe-Logo.png\",\"contentUrl\":\"https:\\\/\\\/aktuelles.uni-frankfurt.de\\\/wp-content\\\/uploads\\\/2022\\\/03\\\/800px-Goethe-Logo.png\",\"width\":800,\"height\":436,\"caption\":\"Goethe-Universit\u00e4t\"},\"image\":{\"@id\":\"https:\\\/\\\/aktuelles.uni-frankfurt.de\\\/#\\\/schema\\\/logo\\\/image\\\/\"}},{\"@type\":\"Person\",\"@id\":\"https:\\\/\\\/aktuelles.uni-frankfurt.de\\\/#\\\/schema\\\/person\\\/1b9eb6fa6c6aed90031661dd4e37970d\",\"name\":\"Dr. Anke Sauter\",\"description\":\"Dr. Anke Sauter hat in Bamberg Germanistik, Journalistik und Geografie studiert, mit einer Dissertation \u00fcber den Sprachlehrer und Fremdwortpuristen Eduard Engel wurde sie promoviert. Sie arbeitet als Wissenschaftsredakteurin in der Abteilung Marketing und Kommunikation der Goethe-Universit\u00e4t.\",\"sameAs\":[\"http:\\\/\\\/aktuelles.uni-frankfurt.de\\\/\"],\"url\":\"https:\\\/\\\/aktuelles.uni-frankfurt.de\\\/en\\\/author\\\/dr-ankesauter\\\/\"}]}<\/script>\n<!-- \/ Yoast SEO plugin. -->","yoast_head_json":{"title":"F\u00fchrungskr\u00e4fte und gesellschaftlicher Zusammenhalt | Aktuelles aus der Goethe-Universit\u00e4t Frankfurt","robots":{"index":"index","follow":"follow","max-snippet":"max-snippet:-1","max-image-preview":"max-image-preview:large","max-video-preview":"max-video-preview:-1"},"canonical":"https:\/\/aktuelles.uni-frankfurt.de\/en\/forschung\/fuehrungskraefte-und-gesellschaftlicher-zusammenhalt\/","og_locale":"en_GB","og_type":"article","og_title":"F\u00fchrungskr\u00e4fte und gesellschaftlicher Zusammenhalt | Aktuelles aus der Goethe-Universit\u00e4t Frankfurt","og_description":"DFG bewilligt neue Kolleg-Forschungsgruppe an der Goethe-Universit\u00e4t Die Gegenwart ist gepr\u00e4gt von Krisen, gesellschaftlicher Polarisierung und Fragmentierung. Bei der St\u00e4rkung des Zusammenhalts kommt F\u00fchrungskr\u00e4ften eine besondere Rolle zu: Darauf basiert [&hellip;]","og_url":"https:\/\/aktuelles.uni-frankfurt.de\/en\/forschung\/fuehrungskraefte-und-gesellschaftlicher-zusammenhalt\/","og_site_name":"Aktuelles aus der Goethe-Universit\u00e4t Frankfurt","article_published_time":"2025-12-12T12:04:24+00:00","article_modified_time":"2025-12-15T10:35:55+00:00","og_image":[{"width":650,"height":450,"url":"https:\/\/aktuelles.uni-frankfurt.de\/wp-content\/uploads\/2025\/12\/forschungsgruppe-kosefeld-van-dick-650x450px.jpg","type":"image\/jpeg"}],"author":"Dr. Anke Sauter","twitter_card":"summary_large_image","twitter_misc":{"Written by":"Dr. Anke Sauter","Estimated reading time":"6 minutes"},"schema":{"@context":"https:\/\/schema.org","@graph":[{"@type":"Article","@id":"https:\/\/aktuelles.uni-frankfurt.de\/forschung\/fuehrungskraefte-und-gesellschaftlicher-zusammenhalt\/#article","isPartOf":{"@id":"https:\/\/aktuelles.uni-frankfurt.de\/forschung\/fuehrungskraefte-und-gesellschaftlicher-zusammenhalt\/"},"author":{"name":"Dr. Anke Sauter","@id":"https:\/\/aktuelles.uni-frankfurt.de\/#\/schema\/person\/1b9eb6fa6c6aed90031661dd4e37970d"},"headline":"F\u00fchrungskr\u00e4fte und gesellschaftlicher Zusammenhalt","datePublished":"2025-12-12T12:04:24+00:00","dateModified":"2025-12-15T10:35:55+00:00","mainEntityOfPage":{"@id":"https:\/\/aktuelles.uni-frankfurt.de\/forschung\/fuehrungskraefte-und-gesellschaftlicher-zusammenhalt\/"},"wordCount":1164,"publisher":{"@id":"https:\/\/aktuelles.uni-frankfurt.de\/#organization"},"image":{"@id":"https:\/\/aktuelles.uni-frankfurt.de\/forschung\/fuehrungskraefte-und-gesellschaftlicher-zusammenhalt\/#primaryimage"},"thumbnailUrl":"https:\/\/aktuelles.uni-frankfurt.de\/wp-content\/uploads\/2025\/12\/forschungsgruppe-kosefeld-van-dick-650x450px.jpg","keywords":["Physik","Psychologie","Wirtschaftswissenschaften"],"articleSection":["Forschung"],"inLanguage":"en-GB"},{"@type":"WebPage","@id":"https:\/\/aktuelles.uni-frankfurt.de\/forschung\/fuehrungskraefte-und-gesellschaftlicher-zusammenhalt\/","url":"https:\/\/aktuelles.uni-frankfurt.de\/forschung\/fuehrungskraefte-und-gesellschaftlicher-zusammenhalt\/","name":"F\u00fchrungskr\u00e4fte und gesellschaftlicher Zusammenhalt | Aktuelles aus der Goethe-Universit\u00e4t Frankfurt","isPartOf":{"@id":"https:\/\/aktuelles.uni-frankfurt.de\/#website"},"primaryImageOfPage":{"@id":"https:\/\/aktuelles.uni-frankfurt.de\/forschung\/fuehrungskraefte-und-gesellschaftlicher-zusammenhalt\/#primaryimage"},"image":{"@id":"https:\/\/aktuelles.uni-frankfurt.de\/forschung\/fuehrungskraefte-und-gesellschaftlicher-zusammenhalt\/#primaryimage"},"thumbnailUrl":"https:\/\/aktuelles.uni-frankfurt.de\/wp-content\/uploads\/2025\/12\/forschungsgruppe-kosefeld-van-dick-650x450px.jpg","datePublished":"2025-12-12T12:04:24+00:00","dateModified":"2025-12-15T10:35:55+00:00","breadcrumb":{"@id":"https:\/\/aktuelles.uni-frankfurt.de\/forschung\/fuehrungskraefte-und-gesellschaftlicher-zusammenhalt\/#breadcrumb"},"inLanguage":"en-GB","potentialAction":[{"@type":"ReadAction","target":["https:\/\/aktuelles.uni-frankfurt.de\/forschung\/fuehrungskraefte-und-gesellschaftlicher-zusammenhalt\/"]}]},{"@type":"ImageObject","inLanguage":"en-GB","@id":"https:\/\/aktuelles.uni-frankfurt.de\/forschung\/fuehrungskraefte-und-gesellschaftlicher-zusammenhalt\/#primaryimage","url":"https:\/\/aktuelles.uni-frankfurt.de\/wp-content\/uploads\/2025\/12\/forschungsgruppe-kosefeld-van-dick-650x450px.jpg","contentUrl":"https:\/\/aktuelles.uni-frankfurt.de\/wp-content\/uploads\/2025\/12\/forschungsgruppe-kosefeld-van-dick-650x450px.jpg","width":650,"height":450,"caption":"Die neue Kolleg-Forschungsgruppe zur Identity Leadership kann mit der Arbeit beginnen, die DFG hat das Projekt f\u00fcr zun\u00e4chst vier Jahre bewilligt. Das Team von Prof. Rolf van Dick mit Lea Weigand von der Universit\u00e4t Mainz, Kooperationspartnerin von Michael Kosfeld. \u00a9 Goethe-Universit\u00e4t"},{"@type":"BreadcrumbList","@id":"https:\/\/aktuelles.uni-frankfurt.de\/forschung\/fuehrungskraefte-und-gesellschaftlicher-zusammenhalt\/#breadcrumb","itemListElement":[{"@type":"ListItem","position":1,"name":"Startseite","item":"https:\/\/aktuelles.uni-frankfurt.de\/"},{"@type":"ListItem","position":2,"name":"F\u00fchrungskr\u00e4fte und gesellschaftlicher Zusammenhalt"}]},{"@type":"WebSite","@id":"https:\/\/aktuelles.uni-frankfurt.de\/#website","url":"https:\/\/aktuelles.uni-frankfurt.de\/","name":"Aktuelles aus der Goethe-Universit\u00e4t Frankfurt","description":"Aktuelles aus der Goethe-Universit\u00e4t | Neues aus Forschung, Lehre, Studium","publisher":{"@id":"https:\/\/aktuelles.uni-frankfurt.de\/#organization"},"potentialAction":[{"@type":"SearchAction","target":{"@type":"EntryPoint","urlTemplate":"https:\/\/aktuelles.uni-frankfurt.de\/?s={search_term_string}"},"query-input":{"@type":"PropertyValueSpecification","valueRequired":true,"valueName":"search_term_string"}}],"inLanguage":"en-GB"},{"@type":"Organization","@id":"https:\/\/aktuelles.uni-frankfurt.de\/#organization","name":"Goethe University Frankfurt","url":"https:\/\/aktuelles.uni-frankfurt.de\/","logo":{"@type":"ImageObject","inLanguage":"en-GB","@id":"https:\/\/aktuelles.uni-frankfurt.de\/#\/schema\/logo\/image\/","url":"https:\/\/aktuelles.uni-frankfurt.de\/wp-content\/uploads\/2022\/03\/800px-Goethe-Logo.png","contentUrl":"https:\/\/aktuelles.uni-frankfurt.de\/wp-content\/uploads\/2022\/03\/800px-Goethe-Logo.png","width":800,"height":436,"caption":"Goethe-Universit\u00e4t"},"image":{"@id":"https:\/\/aktuelles.uni-frankfurt.de\/#\/schema\/logo\/image\/"}},{"@type":"Person","@id":"https:\/\/aktuelles.uni-frankfurt.de\/#\/schema\/person\/1b9eb6fa6c6aed90031661dd4e37970d","name":"Dr. Anke Sauter","description":"Dr. Anke Sauter hat in Bamberg Germanistik, Journalistik und Geografie studiert, mit einer Dissertation \u00fcber den Sprachlehrer und Fremdwortpuristen Eduard Engel wurde sie promoviert. Sie arbeitet als Wissenschaftsredakteurin in der Abteilung Marketing und Kommunikation der Goethe-Universit\u00e4t.","sameAs":["http:\/\/aktuelles.uni-frankfurt.de\/"],"url":"https:\/\/aktuelles.uni-frankfurt.de\/en\/author\/dr-ankesauter\/"}]}},"_links":{"self":[{"href":"https:\/\/aktuelles.uni-frankfurt.de\/en\/wp-json\/wp\/v2\/posts\/86919","targetHints":{"allow":["GET"]}}],"collection":[{"href":"https:\/\/aktuelles.uni-frankfurt.de\/en\/wp-json\/wp\/v2\/posts"}],"about":[{"href":"https:\/\/aktuelles.uni-frankfurt.de\/en\/wp-json\/wp\/v2\/types\/post"}],"author":[{"embeddable":true,"href":"https:\/\/aktuelles.uni-frankfurt.de\/en\/wp-json\/wp\/v2\/users\/5"}],"replies":[{"embeddable":true,"href":"https:\/\/aktuelles.uni-frankfurt.de\/en\/wp-json\/wp\/v2\/comments?post=86919"}],"version-history":[{"count":0,"href":"https:\/\/aktuelles.uni-frankfurt.de\/en\/wp-json\/wp\/v2\/posts\/86919\/revisions"}],"wp:featuredmedia":[{"embeddable":true,"href":"https:\/\/aktuelles.uni-frankfurt.de\/en\/wp-json\/wp\/v2\/media\/86920"}],"wp:attachment":[{"href":"https:\/\/aktuelles.uni-frankfurt.de\/en\/wp-json\/wp\/v2\/media?parent=86919"}],"wp:term":[{"taxonomy":"category","embeddable":true,"href":"https:\/\/aktuelles.uni-frankfurt.de\/en\/wp-json\/wp\/v2\/categories?post=86919"},{"taxonomy":"post_tag","embeddable":true,"href":"https:\/\/aktuelles.uni-frankfurt.de\/en\/wp-json\/wp\/v2\/tags?post=86919"},{"taxonomy":"post_folder","embeddable":true,"href":"https:\/\/aktuelles.uni-frankfurt.de\/en\/wp-json\/wp\/v2\/post_folder?post=86919"}],"curies":[{"name":"wp","href":"https:\/\/api.w.org\/{rel}","templated":true}]}}