{"id":87546,"date":"2026-02-25T08:57:14","date_gmt":"2026-02-25T07:57:14","guid":{"rendered":"https:\/\/aktuelles.uni-frankfurt.de\/?p=87546"},"modified":"2026-02-27T20:10:44","modified_gmt":"2026-02-27T19:10:44","slug":"aus-der-wissenschaft-zu-ministerien-behoerden-medien-oder-ngos-dialog-mit-praxisvertreterinnen-zu-karrierechancen-und-wegen","status":"publish","type":"post","link":"https:\/\/aktuelles.uni-frankfurt.de\/en\/veranstaltungen\/aus-der-wissenschaft-zu-ministerien-behoerden-medien-oder-ngos-dialog-mit-praxisvertreterinnen-zu-karrierechancen-und-wegen\/","title":{"rendered":"Aus der Wissenschaft zu Ministerien\/Beh\u00f6rden, Medien oder NGOs? Dialog mit Praxisvertreter*innen zu Karrierechancen und -wegen"},"content":{"rendered":"<p><a href=\"https:\/\/aktuelles.uni-frankfurt.de\/english\/from-academia-to-ministries-agencies-media-or-ngos-a-dialog-with-practitioners-on-career-opportunities-and-paths\/\" type=\"post\" id=\"87549\">English Version<\/a><\/p>\n\n\n\n<p><strong>Welche Karrierechancen haben Promovierende und Postdocs bei Ministerien und den ihnen unterstellten Beh\u00f6rden, bei Medien und zivilgesellschaftlichen Verb\u00e4nden? Wie gelingt der Einstieg? Und \u00fcber welche Kan\u00e4le und Formate kann wissenschaftliche Expertise die Praxis erreichen? Das konnten Early Career Researchers der Rhein-Main-Universit\u00e4ten am 30. Januar mit Expert*innen aus der Praxis diskutieren \u2013 organisiert von GRADE, der Goethe Research Academy for Early Career Researchers, in Kooperation mit dem Erasmus+ ENGAGEgreeen Projekt und dem Mercator Science Policy Fellowship Programm der RMU.<\/strong><\/p>\n\n\n\n<div style=\"height:20px\" aria-hidden=\"true\" class=\"wp-block-spacer\"><\/div>\n\n\n\n<figure class=\"wp-block-image aligncenter size-full\"><img fetchpriority=\"high\" decoding=\"async\" width=\"650\" height=\"450\" src=\"https:\/\/aktuelles.uni-frankfurt.de\/wp-content\/uploads\/2026\/02\/grade-msfp-2026-sandevski-1.jpg\" alt=\"\" class=\"wp-image-87547\" srcset=\"https:\/\/aktuelles.uni-frankfurt.de\/wp-content\/uploads\/2026\/02\/grade-msfp-2026-sandevski-1.jpg 650w, https:\/\/aktuelles.uni-frankfurt.de\/wp-content\/uploads\/2026\/02\/grade-msfp-2026-sandevski-1-300x208.jpg 300w, https:\/\/aktuelles.uni-frankfurt.de\/wp-content\/uploads\/2026\/02\/grade-msfp-2026-sandevski-1-500x346.jpg 500w, https:\/\/aktuelles.uni-frankfurt.de\/wp-content\/uploads\/2026\/02\/grade-msfp-2026-sandevski-1-18x12.jpg 18w\" sizes=\"(max-width: 650px) 100vw, 650px\" \/><\/figure>\n\n\n\n<div style=\"height:20px\" aria-hidden=\"true\" class=\"wp-block-spacer\"><\/div>\n\n\n\n<p>GRADE unterst\u00fctzt Promovierende und Postdocs bei der Vorbereitung auf wissenschaftliche und au\u00dferwissenschaftliche Karrierewege. Die gro\u00dfe Mehrheit von ihnen verl\u00e4sst auf Dauer die Wissenschaft. Aber weil sie w\u00e4hrend Promotion und Postdoc-Phase mit vollem Einsatz f\u00fcr die Wissenschaft unterwegs sind, haben viele von ihnen einen erheblichen Orientierungsbedarf, was ihre Perspektiven in anderen T\u00e4tigkeitsfeldern betrifft. Gl\u00fccklicherweise sind durch die &nbsp;Mercator Science Policy Fellowships und ENGAGEgreen regelm\u00e4\u00dfig zahlreiche Expert*innen f\u00fcr au\u00dferwissenschaftliche Karrierewege an den RMU zu Gast. Die Teilnehmer*arbeiten in Ministerien und nachgeordneten Beh\u00f6rden, internationalen Organisationen, zivilgesellschaftlichen Verb\u00e4nden oder wissenschaftsnahem Journalismus. Im Rahmen eines ma\u00dfgeschneiderten Gespr\u00e4chsprogramms diskutieren sie an den Rhein-Main-Universit\u00e4ten f\u00fcr ihre Arbeit relevante Themen mit einschl\u00e4gigen Wissenschaftler*innen. Gleichzeitig geben sie Early Career Researchers Einblicke, wie sie als Mitarbeiter*innen in Politik, Verwaltung, Verb\u00e4nden und Medien dazu beitragen k\u00f6nnen, wissenschaftliche Erkenntnisse in politische Diskussions- und Entscheidungsprozesse einzubringen.<\/p>\n\n\n\n<figure class=\"wp-block-image alignright size-full is-resized\"><img decoding=\"async\" width=\"450\" height=\"650\" src=\"https:\/\/aktuelles.uni-frankfurt.de\/wp-content\/uploads\/2026\/02\/grade-msfp-2026-sandevski-2.jpg\" alt=\"\" class=\"wp-image-87548\" style=\"object-fit:cover;width:350px;height:500px\" srcset=\"https:\/\/aktuelles.uni-frankfurt.de\/wp-content\/uploads\/2026\/02\/grade-msfp-2026-sandevski-2.jpg 450w, https:\/\/aktuelles.uni-frankfurt.de\/wp-content\/uploads\/2026\/02\/grade-msfp-2026-sandevski-2-208x300.jpg 208w, https:\/\/aktuelles.uni-frankfurt.de\/wp-content\/uploads\/2026\/02\/grade-msfp-2026-sandevski-2-346x500.jpg 346w, https:\/\/aktuelles.uni-frankfurt.de\/wp-content\/uploads\/2026\/02\/grade-msfp-2026-sandevski-2-8x12.jpg 8w\" sizes=\"(max-width: 450px) 100vw, 450px\" \/><\/figure>\n\n\n\n<p>Im Rahmen eines World Cafes diskutierten Early Career Researchers und Praxisvertreter*innen am 30. Januar, welchen Bedarf die Praxis an wissenschaftlicher Expertise hat, wie sich die Arbeitsweisen in der Wissenschaft und der Praxis unterscheiden, welche Kompetenzen und Erfahrungen wichtig f\u00fcr den Einstieg in die jeweiligen Berufsfeldern sind und welche H\u00fcrden es beim Wechsel von der einen auf die andere Seite zu \u00fcberwinden gibt. Die gute Nachricht: Wissenschaftler*innen bringen viele wichtige Qualifikationen f\u00fcr eine erfolgreiche au\u00dferwissenschaftliche Karriere mit. Dazu geh\u00f6ren Fachkenntnisse, etwa f\u00fcr die Regulierung von Gefahrstoffen im Hessischen Umweltministerium. Wichtiger noch sind ihre im Rahmen von Promotion und Postdoc-Phase erworbenen fach\u00fcbergreifenden Kompetenzen: etwa Selbstorganisation und der schnelle und sichere Umgang mit gro\u00dfen Informationsmengen.<\/p>\n\n\n\n<p>Auch in Ministerien und nachgeordneten Beh\u00f6rden gibt es inzwischen vielf\u00e4ltige Einstiegsm\u00f6glichkeiten, die Kandidat*innen ohne das fr\u00fcher \u00fcbliche juristische Staatsexamen offenstehen. Aber nat\u00fcrlich wird dort und in anderen Praxisfeldern nicht rein wissenschaftlich gearbeitet. So ist es oft wichtiger, schnell zu einem kompakten Ergebnis zu kommen, als eine Frage abschlie\u00dfend zu beantworten \u2013 etwa wenn in der Staatskanzlei von Rheinland-Pfalz eine Vorlage f\u00fcr den Ministerpr\u00e4sidenten erstellt oder in der Redaktion des MDR ein tagesaktuelles Thema eingeordnet werden muss. Gut aufbereitete wissenschaftliche Erkenntnisse k\u00f6nnen durchaus politisches Handeln und \u00f6ffentliche Diskurse beeinflussen \u2013 aber nur im Zusammenspiel mit anderen Einflussfaktoren. F\u00fcr die Arbeit von Ministerien spielen etwa die Vorgaben der Hausleitung und die parlamentarischen Mehrheitsverh\u00e4ltnisse eine gro\u00dfe Rolle. Und beide k\u00f6nnen sich auch pl\u00f6tzlich wandeln \u2013 mit ganz konkreten Auswirkungen auf die Arbeit, von denen die Praxisvertreter*innen berichten k\u00f6nnen.<\/p>\n\n\n\n<p>Die Teilnehmer*innen konnten viele neue Eindr\u00fccke, Einblicke, und neugekn\u00fcpfte Kontakte mitnehmen. Besonders lobten sie die vielf\u00e4ltigen Perspektiven und die offene und ehrliche Diskussionsatmosph\u00e4re. Der n\u00e4chste Termin soll Anfang 2027 stattfinden.<\/p>\n\n\n\n<div style=\"height:20px\" aria-hidden=\"true\" class=\"wp-block-spacer\"><\/div>\n\n\n\n<p><em>Autor: Dr. Matthias K\u00f6hler (GRADE)<\/em><\/p>","protected":false},"excerpt":{"rendered":"<p>English Version Welche Karrierechancen haben Promovierende und Postdocs bei Ministerien und den ihnen unterstellten Beh\u00f6rden, bei Medien und zivilgesellschaftlichen Verb\u00e4nden? Wie gelingt der Einstieg? Und \u00fcber welche Kan\u00e4le und Formate [&hellip;]<\/p>\n","protected":false},"author":8,"featured_media":87547,"comment_status":"closed","ping_status":"closed","sticky":false,"template":"","format":"standard","meta":{"_eb_attr":"","_price":"","_stock":"","_tribe_ticket_header":"","_tribe_default_ticket_provider":"","_ticket_start_date":"","_ticket_end_date":"","_tribe_ticket_show_description":"","_tribe_ticket_show_not_going":false,"_tribe_ticket_use_global_stock":"","_tribe_ticket_global_stock_level":"","_global_stock_mode":"","_global_stock_cap":"","_tribe_rsvp_for_event":"","_tribe_ticket_going_count":"","_tribe_ticket_not_going_count":"","_tribe_tickets_list":"[]","_tribe_ticket_has_attendee_info_fields":false,"footnotes":""},"categories":[12],"tags":[162,305],"post_folder":[],"class_list":["post-87546","post","type-post","status-publish","format-standard","has-post-thumbnail","hentry","category-veranstaltungen","tag-grade","tag-transfer"],"yoast_head":"<!-- This site is optimized with the Yoast SEO plugin v27.5 - https:\/\/yoast.com\/product\/yoast-seo-wordpress\/ -->\n<title>Aus der Wissenschaft zu Ministerien\/Beh\u00f6rden, Medien oder NGOs? Dialog mit Praxisvertreter*innen zu Karrierechancen und -wegen | Aktuelles aus der Goethe-Universit\u00e4t Frankfurt<\/title>\n<meta name=\"robots\" content=\"index, follow, max-snippet:-1, max-image-preview:large, max-video-preview:-1\" \/>\n<link rel=\"canonical\" href=\"https:\/\/aktuelles.uni-frankfurt.de\/en\/veranstaltungen\/aus-der-wissenschaft-zu-ministerien-behoerden-medien-oder-ngos-dialog-mit-praxisvertreterinnen-zu-karrierechancen-und-wegen\/\" \/>\n<meta property=\"og:locale\" content=\"en_GB\" \/>\n<meta property=\"og:type\" content=\"article\" \/>\n<meta property=\"og:title\" content=\"Aus der Wissenschaft zu Ministerien\/Beh\u00f6rden, Medien oder NGOs? Dialog mit Praxisvertreter*innen zu Karrierechancen und -wegen | Aktuelles aus der Goethe-Universit\u00e4t Frankfurt\" \/>\n<meta property=\"og:description\" content=\"English Version Welche Karrierechancen haben Promovierende und Postdocs bei Ministerien und den ihnen unterstellten Beh\u00f6rden, bei Medien und zivilgesellschaftlichen Verb\u00e4nden? Wie gelingt der Einstieg? Und \u00fcber welche Kan\u00e4le und Formate [&hellip;]\" \/>\n<meta property=\"og:url\" content=\"https:\/\/aktuelles.uni-frankfurt.de\/en\/veranstaltungen\/aus-der-wissenschaft-zu-ministerien-behoerden-medien-oder-ngos-dialog-mit-praxisvertreterinnen-zu-karrierechancen-und-wegen\/\" \/>\n<meta property=\"og:site_name\" content=\"Aktuelles aus der Goethe-Universit\u00e4t Frankfurt\" \/>\n<meta property=\"article:published_time\" content=\"2026-02-25T07:57:14+00:00\" \/>\n<meta property=\"article:modified_time\" content=\"2026-02-27T19:10:44+00:00\" \/>\n<meta property=\"og:image\" content=\"https:\/\/aktuelles.uni-frankfurt.de\/wp-content\/uploads\/2026\/02\/grade-msfp-2026-sandevski-1.jpg\" \/>\n\t<meta property=\"og:image:width\" content=\"650\" \/>\n\t<meta property=\"og:image:height\" content=\"450\" \/>\n\t<meta property=\"og:image:type\" content=\"image\/jpeg\" \/>\n<meta name=\"author\" content=\"-\" \/>\n<meta name=\"twitter:card\" content=\"summary_large_image\" \/>\n<meta name=\"twitter:label1\" content=\"Written by\" \/>\n\t<meta name=\"twitter:data1\" content=\"-\" \/>\n\t<meta name=\"twitter:label2\" content=\"Estimated reading time\" \/>\n\t<meta name=\"twitter:data2\" content=\"3 minutes\" \/>\n<script type=\"application\/ld+json\" class=\"yoast-schema-graph\">{\"@context\":\"https:\\\/\\\/schema.org\",\"@graph\":[{\"@type\":\"Article\",\"@id\":\"https:\\\/\\\/aktuelles.uni-frankfurt.de\\\/veranstaltungen\\\/aus-der-wissenschaft-zu-ministerien-behoerden-medien-oder-ngos-dialog-mit-praxisvertreterinnen-zu-karrierechancen-und-wegen\\\/#article\",\"isPartOf\":{\"@id\":\"https:\\\/\\\/aktuelles.uni-frankfurt.de\\\/veranstaltungen\\\/aus-der-wissenschaft-zu-ministerien-behoerden-medien-oder-ngos-dialog-mit-praxisvertreterinnen-zu-karrierechancen-und-wegen\\\/\"},\"author\":{\"name\":\"-\",\"@id\":\"https:\\\/\\\/aktuelles.uni-frankfurt.de\\\/#\\\/schema\\\/person\\\/8e55ea338fb65d1ce87a91565d1f1739\"},\"headline\":\"Aus der Wissenschaft zu Ministerien\\\/Beh\u00f6rden, Medien oder NGOs? Dialog mit Praxisvertreter*innen zu Karrierechancen und -wegen\",\"datePublished\":\"2026-02-25T07:57:14+00:00\",\"dateModified\":\"2026-02-27T19:10:44+00:00\",\"mainEntityOfPage\":{\"@id\":\"https:\\\/\\\/aktuelles.uni-frankfurt.de\\\/veranstaltungen\\\/aus-der-wissenschaft-zu-ministerien-behoerden-medien-oder-ngos-dialog-mit-praxisvertreterinnen-zu-karrierechancen-und-wegen\\\/\"},\"wordCount\":570,\"publisher\":{\"@id\":\"https:\\\/\\\/aktuelles.uni-frankfurt.de\\\/#organization\"},\"image\":{\"@id\":\"https:\\\/\\\/aktuelles.uni-frankfurt.de\\\/veranstaltungen\\\/aus-der-wissenschaft-zu-ministerien-behoerden-medien-oder-ngos-dialog-mit-praxisvertreterinnen-zu-karrierechancen-und-wegen\\\/#primaryimage\"},\"thumbnailUrl\":\"https:\\\/\\\/aktuelles.uni-frankfurt.de\\\/wp-content\\\/uploads\\\/2026\\\/02\\\/grade-msfp-2026-sandevski-1.jpg\",\"keywords\":[\"GRADE\",\"Transfer\"],\"articleSection\":[\"Veranstaltungen\"],\"inLanguage\":\"en-GB\"},{\"@type\":\"WebPage\",\"@id\":\"https:\\\/\\\/aktuelles.uni-frankfurt.de\\\/veranstaltungen\\\/aus-der-wissenschaft-zu-ministerien-behoerden-medien-oder-ngos-dialog-mit-praxisvertreterinnen-zu-karrierechancen-und-wegen\\\/\",\"url\":\"https:\\\/\\\/aktuelles.uni-frankfurt.de\\\/veranstaltungen\\\/aus-der-wissenschaft-zu-ministerien-behoerden-medien-oder-ngos-dialog-mit-praxisvertreterinnen-zu-karrierechancen-und-wegen\\\/\",\"name\":\"Aus der Wissenschaft zu Ministerien\\\/Beh\u00f6rden, Medien oder NGOs? Dialog mit Praxisvertreter*innen zu Karrierechancen und -wegen | Aktuelles aus der Goethe-Universit\u00e4t Frankfurt\",\"isPartOf\":{\"@id\":\"https:\\\/\\\/aktuelles.uni-frankfurt.de\\\/#website\"},\"primaryImageOfPage\":{\"@id\":\"https:\\\/\\\/aktuelles.uni-frankfurt.de\\\/veranstaltungen\\\/aus-der-wissenschaft-zu-ministerien-behoerden-medien-oder-ngos-dialog-mit-praxisvertreterinnen-zu-karrierechancen-und-wegen\\\/#primaryimage\"},\"image\":{\"@id\":\"https:\\\/\\\/aktuelles.uni-frankfurt.de\\\/veranstaltungen\\\/aus-der-wissenschaft-zu-ministerien-behoerden-medien-oder-ngos-dialog-mit-praxisvertreterinnen-zu-karrierechancen-und-wegen\\\/#primaryimage\"},\"thumbnailUrl\":\"https:\\\/\\\/aktuelles.uni-frankfurt.de\\\/wp-content\\\/uploads\\\/2026\\\/02\\\/grade-msfp-2026-sandevski-1.jpg\",\"datePublished\":\"2026-02-25T07:57:14+00:00\",\"dateModified\":\"2026-02-27T19:10:44+00:00\",\"breadcrumb\":{\"@id\":\"https:\\\/\\\/aktuelles.uni-frankfurt.de\\\/veranstaltungen\\\/aus-der-wissenschaft-zu-ministerien-behoerden-medien-oder-ngos-dialog-mit-praxisvertreterinnen-zu-karrierechancen-und-wegen\\\/#breadcrumb\"},\"inLanguage\":\"en-GB\",\"potentialAction\":[{\"@type\":\"ReadAction\",\"target\":[\"https:\\\/\\\/aktuelles.uni-frankfurt.de\\\/veranstaltungen\\\/aus-der-wissenschaft-zu-ministerien-behoerden-medien-oder-ngos-dialog-mit-praxisvertreterinnen-zu-karrierechancen-und-wegen\\\/\"]}]},{\"@type\":\"ImageObject\",\"inLanguage\":\"en-GB\",\"@id\":\"https:\\\/\\\/aktuelles.uni-frankfurt.de\\\/veranstaltungen\\\/aus-der-wissenschaft-zu-ministerien-behoerden-medien-oder-ngos-dialog-mit-praxisvertreterinnen-zu-karrierechancen-und-wegen\\\/#primaryimage\",\"url\":\"https:\\\/\\\/aktuelles.uni-frankfurt.de\\\/wp-content\\\/uploads\\\/2026\\\/02\\\/grade-msfp-2026-sandevski-1.jpg\",\"contentUrl\":\"https:\\\/\\\/aktuelles.uni-frankfurt.de\\\/wp-content\\\/uploads\\\/2026\\\/02\\\/grade-msfp-2026-sandevski-1.jpg\",\"width\":650,\"height\":450},{\"@type\":\"BreadcrumbList\",\"@id\":\"https:\\\/\\\/aktuelles.uni-frankfurt.de\\\/veranstaltungen\\\/aus-der-wissenschaft-zu-ministerien-behoerden-medien-oder-ngos-dialog-mit-praxisvertreterinnen-zu-karrierechancen-und-wegen\\\/#breadcrumb\",\"itemListElement\":[{\"@type\":\"ListItem\",\"position\":1,\"name\":\"Startseite\",\"item\":\"https:\\\/\\\/aktuelles.uni-frankfurt.de\\\/\"},{\"@type\":\"ListItem\",\"position\":2,\"name\":\"Aus der Wissenschaft zu Ministerien\\\/Beh\u00f6rden, Medien oder NGOs? Dialog mit Praxisvertreter*innen zu Karrierechancen und -wegen\"}]},{\"@type\":\"WebSite\",\"@id\":\"https:\\\/\\\/aktuelles.uni-frankfurt.de\\\/#website\",\"url\":\"https:\\\/\\\/aktuelles.uni-frankfurt.de\\\/\",\"name\":\"Aktuelles aus der Goethe-Universit\u00e4t Frankfurt\",\"description\":\"Aktuelles aus der Goethe-Universit\u00e4t | Neues aus Forschung, Lehre, Studium\",\"publisher\":{\"@id\":\"https:\\\/\\\/aktuelles.uni-frankfurt.de\\\/#organization\"},\"potentialAction\":[{\"@type\":\"SearchAction\",\"target\":{\"@type\":\"EntryPoint\",\"urlTemplate\":\"https:\\\/\\\/aktuelles.uni-frankfurt.de\\\/?s={search_term_string}\"},\"query-input\":{\"@type\":\"PropertyValueSpecification\",\"valueRequired\":true,\"valueName\":\"search_term_string\"}}],\"inLanguage\":\"en-GB\"},{\"@type\":\"Organization\",\"@id\":\"https:\\\/\\\/aktuelles.uni-frankfurt.de\\\/#organization\",\"name\":\"Goethe-Universit\u00e4t\",\"url\":\"https:\\\/\\\/aktuelles.uni-frankfurt.de\\\/\",\"logo\":{\"@type\":\"ImageObject\",\"inLanguage\":\"en-GB\",\"@id\":\"https:\\\/\\\/aktuelles.uni-frankfurt.de\\\/#\\\/schema\\\/logo\\\/image\\\/\",\"url\":\"https:\\\/\\\/aktuelles.uni-frankfurt.de\\\/wp-content\\\/uploads\\\/2022\\\/03\\\/800px-Goethe-Logo.png\",\"contentUrl\":\"https:\\\/\\\/aktuelles.uni-frankfurt.de\\\/wp-content\\\/uploads\\\/2022\\\/03\\\/800px-Goethe-Logo.png\",\"width\":800,\"height\":436,\"caption\":\"Goethe-Universit\u00e4t\"},\"image\":{\"@id\":\"https:\\\/\\\/aktuelles.uni-frankfurt.de\\\/#\\\/schema\\\/logo\\\/image\\\/\"}},{\"@type\":\"Person\",\"@id\":\"https:\\\/\\\/aktuelles.uni-frankfurt.de\\\/#\\\/schema\\\/person\\\/8e55ea338fb65d1ce87a91565d1f1739\",\"name\":\"-\",\"description\":\"Dieser Beitrag wurde von der Online-Redaktion ver\u00f6ffentlicht. Wenn der Beitrag von einem Gastautoren verfasst wurde, findet sich dieser Hinweis am Ende des jeweiligen Artikels.\",\"sameAs\":[\"http:\\\/\\\/aktuelles.uni-frankfurt.de\\\/autoren\"],\"url\":\"https:\\\/\\\/aktuelles.uni-frankfurt.de\\\/en\\\/author\\\/redaktion\\\/\"}]}<\/script>\n<!-- \/ Yoast SEO plugin. -->","yoast_head_json":{"title":"Aus der Wissenschaft zu Ministerien\/Beh\u00f6rden, Medien oder NGOs? Dialog mit Praxisvertreter*innen zu Karrierechancen und -wegen | Aktuelles aus der Goethe-Universit\u00e4t Frankfurt","robots":{"index":"index","follow":"follow","max-snippet":"max-snippet:-1","max-image-preview":"max-image-preview:large","max-video-preview":"max-video-preview:-1"},"canonical":"https:\/\/aktuelles.uni-frankfurt.de\/en\/veranstaltungen\/aus-der-wissenschaft-zu-ministerien-behoerden-medien-oder-ngos-dialog-mit-praxisvertreterinnen-zu-karrierechancen-und-wegen\/","og_locale":"en_GB","og_type":"article","og_title":"Aus der Wissenschaft zu Ministerien\/Beh\u00f6rden, Medien oder NGOs? Dialog mit Praxisvertreter*innen zu Karrierechancen und -wegen | Aktuelles aus der Goethe-Universit\u00e4t Frankfurt","og_description":"English Version Welche Karrierechancen haben Promovierende und Postdocs bei Ministerien und den ihnen unterstellten Beh\u00f6rden, bei Medien und zivilgesellschaftlichen Verb\u00e4nden? Wie gelingt der Einstieg? Und \u00fcber welche Kan\u00e4le und Formate [&hellip;]","og_url":"https:\/\/aktuelles.uni-frankfurt.de\/en\/veranstaltungen\/aus-der-wissenschaft-zu-ministerien-behoerden-medien-oder-ngos-dialog-mit-praxisvertreterinnen-zu-karrierechancen-und-wegen\/","og_site_name":"Aktuelles aus der Goethe-Universit\u00e4t Frankfurt","article_published_time":"2026-02-25T07:57:14+00:00","article_modified_time":"2026-02-27T19:10:44+00:00","og_image":[{"width":650,"height":450,"url":"https:\/\/aktuelles.uni-frankfurt.de\/wp-content\/uploads\/2026\/02\/grade-msfp-2026-sandevski-1.jpg","type":"image\/jpeg"}],"author":"-","twitter_card":"summary_large_image","twitter_misc":{"Written by":"-","Estimated reading time":"3 minutes"},"schema":{"@context":"https:\/\/schema.org","@graph":[{"@type":"Article","@id":"https:\/\/aktuelles.uni-frankfurt.de\/veranstaltungen\/aus-der-wissenschaft-zu-ministerien-behoerden-medien-oder-ngos-dialog-mit-praxisvertreterinnen-zu-karrierechancen-und-wegen\/#article","isPartOf":{"@id":"https:\/\/aktuelles.uni-frankfurt.de\/veranstaltungen\/aus-der-wissenschaft-zu-ministerien-behoerden-medien-oder-ngos-dialog-mit-praxisvertreterinnen-zu-karrierechancen-und-wegen\/"},"author":{"name":"-","@id":"https:\/\/aktuelles.uni-frankfurt.de\/#\/schema\/person\/8e55ea338fb65d1ce87a91565d1f1739"},"headline":"Aus der Wissenschaft zu Ministerien\/Beh\u00f6rden, Medien oder NGOs? Dialog mit Praxisvertreter*innen zu Karrierechancen und -wegen","datePublished":"2026-02-25T07:57:14+00:00","dateModified":"2026-02-27T19:10:44+00:00","mainEntityOfPage":{"@id":"https:\/\/aktuelles.uni-frankfurt.de\/veranstaltungen\/aus-der-wissenschaft-zu-ministerien-behoerden-medien-oder-ngos-dialog-mit-praxisvertreterinnen-zu-karrierechancen-und-wegen\/"},"wordCount":570,"publisher":{"@id":"https:\/\/aktuelles.uni-frankfurt.de\/#organization"},"image":{"@id":"https:\/\/aktuelles.uni-frankfurt.de\/veranstaltungen\/aus-der-wissenschaft-zu-ministerien-behoerden-medien-oder-ngos-dialog-mit-praxisvertreterinnen-zu-karrierechancen-und-wegen\/#primaryimage"},"thumbnailUrl":"https:\/\/aktuelles.uni-frankfurt.de\/wp-content\/uploads\/2026\/02\/grade-msfp-2026-sandevski-1.jpg","keywords":["GRADE","Transfer"],"articleSection":["Veranstaltungen"],"inLanguage":"en-GB"},{"@type":"WebPage","@id":"https:\/\/aktuelles.uni-frankfurt.de\/veranstaltungen\/aus-der-wissenschaft-zu-ministerien-behoerden-medien-oder-ngos-dialog-mit-praxisvertreterinnen-zu-karrierechancen-und-wegen\/","url":"https:\/\/aktuelles.uni-frankfurt.de\/veranstaltungen\/aus-der-wissenschaft-zu-ministerien-behoerden-medien-oder-ngos-dialog-mit-praxisvertreterinnen-zu-karrierechancen-und-wegen\/","name":"Aus der Wissenschaft zu Ministerien\/Beh\u00f6rden, Medien oder NGOs? Dialog mit Praxisvertreter*innen zu Karrierechancen und -wegen | Aktuelles aus der Goethe-Universit\u00e4t Frankfurt","isPartOf":{"@id":"https:\/\/aktuelles.uni-frankfurt.de\/#website"},"primaryImageOfPage":{"@id":"https:\/\/aktuelles.uni-frankfurt.de\/veranstaltungen\/aus-der-wissenschaft-zu-ministerien-behoerden-medien-oder-ngos-dialog-mit-praxisvertreterinnen-zu-karrierechancen-und-wegen\/#primaryimage"},"image":{"@id":"https:\/\/aktuelles.uni-frankfurt.de\/veranstaltungen\/aus-der-wissenschaft-zu-ministerien-behoerden-medien-oder-ngos-dialog-mit-praxisvertreterinnen-zu-karrierechancen-und-wegen\/#primaryimage"},"thumbnailUrl":"https:\/\/aktuelles.uni-frankfurt.de\/wp-content\/uploads\/2026\/02\/grade-msfp-2026-sandevski-1.jpg","datePublished":"2026-02-25T07:57:14+00:00","dateModified":"2026-02-27T19:10:44+00:00","breadcrumb":{"@id":"https:\/\/aktuelles.uni-frankfurt.de\/veranstaltungen\/aus-der-wissenschaft-zu-ministerien-behoerden-medien-oder-ngos-dialog-mit-praxisvertreterinnen-zu-karrierechancen-und-wegen\/#breadcrumb"},"inLanguage":"en-GB","potentialAction":[{"@type":"ReadAction","target":["https:\/\/aktuelles.uni-frankfurt.de\/veranstaltungen\/aus-der-wissenschaft-zu-ministerien-behoerden-medien-oder-ngos-dialog-mit-praxisvertreterinnen-zu-karrierechancen-und-wegen\/"]}]},{"@type":"ImageObject","inLanguage":"en-GB","@id":"https:\/\/aktuelles.uni-frankfurt.de\/veranstaltungen\/aus-der-wissenschaft-zu-ministerien-behoerden-medien-oder-ngos-dialog-mit-praxisvertreterinnen-zu-karrierechancen-und-wegen\/#primaryimage","url":"https:\/\/aktuelles.uni-frankfurt.de\/wp-content\/uploads\/2026\/02\/grade-msfp-2026-sandevski-1.jpg","contentUrl":"https:\/\/aktuelles.uni-frankfurt.de\/wp-content\/uploads\/2026\/02\/grade-msfp-2026-sandevski-1.jpg","width":650,"height":450},{"@type":"BreadcrumbList","@id":"https:\/\/aktuelles.uni-frankfurt.de\/veranstaltungen\/aus-der-wissenschaft-zu-ministerien-behoerden-medien-oder-ngos-dialog-mit-praxisvertreterinnen-zu-karrierechancen-und-wegen\/#breadcrumb","itemListElement":[{"@type":"ListItem","position":1,"name":"Startseite","item":"https:\/\/aktuelles.uni-frankfurt.de\/"},{"@type":"ListItem","position":2,"name":"Aus der Wissenschaft zu Ministerien\/Beh\u00f6rden, Medien oder NGOs? Dialog mit Praxisvertreter*innen zu Karrierechancen und -wegen"}]},{"@type":"WebSite","@id":"https:\/\/aktuelles.uni-frankfurt.de\/#website","url":"https:\/\/aktuelles.uni-frankfurt.de\/","name":"Aktuelles aus der Goethe-Universit\u00e4t Frankfurt","description":"Aktuelles aus der Goethe-Universit\u00e4t | Neues aus Forschung, Lehre, Studium","publisher":{"@id":"https:\/\/aktuelles.uni-frankfurt.de\/#organization"},"potentialAction":[{"@type":"SearchAction","target":{"@type":"EntryPoint","urlTemplate":"https:\/\/aktuelles.uni-frankfurt.de\/?s={search_term_string}"},"query-input":{"@type":"PropertyValueSpecification","valueRequired":true,"valueName":"search_term_string"}}],"inLanguage":"en-GB"},{"@type":"Organization","@id":"https:\/\/aktuelles.uni-frankfurt.de\/#organization","name":"Goethe University Frankfurt","url":"https:\/\/aktuelles.uni-frankfurt.de\/","logo":{"@type":"ImageObject","inLanguage":"en-GB","@id":"https:\/\/aktuelles.uni-frankfurt.de\/#\/schema\/logo\/image\/","url":"https:\/\/aktuelles.uni-frankfurt.de\/wp-content\/uploads\/2022\/03\/800px-Goethe-Logo.png","contentUrl":"https:\/\/aktuelles.uni-frankfurt.de\/wp-content\/uploads\/2022\/03\/800px-Goethe-Logo.png","width":800,"height":436,"caption":"Goethe-Universit\u00e4t"},"image":{"@id":"https:\/\/aktuelles.uni-frankfurt.de\/#\/schema\/logo\/image\/"}},{"@type":"Person","@id":"https:\/\/aktuelles.uni-frankfurt.de\/#\/schema\/person\/8e55ea338fb65d1ce87a91565d1f1739","name":"-","description":"Dieser Beitrag wurde von der Online-Redaktion ver\u00f6ffentlicht. Wenn der Beitrag von einem Gastautoren verfasst wurde, findet sich dieser Hinweis am Ende des jeweiligen Artikels.","sameAs":["http:\/\/aktuelles.uni-frankfurt.de\/autoren"],"url":"https:\/\/aktuelles.uni-frankfurt.de\/en\/author\/redaktion\/"}]}},"_links":{"self":[{"href":"https:\/\/aktuelles.uni-frankfurt.de\/en\/wp-json\/wp\/v2\/posts\/87546","targetHints":{"allow":["GET"]}}],"collection":[{"href":"https:\/\/aktuelles.uni-frankfurt.de\/en\/wp-json\/wp\/v2\/posts"}],"about":[{"href":"https:\/\/aktuelles.uni-frankfurt.de\/en\/wp-json\/wp\/v2\/types\/post"}],"author":[{"embeddable":true,"href":"https:\/\/aktuelles.uni-frankfurt.de\/en\/wp-json\/wp\/v2\/users\/8"}],"replies":[{"embeddable":true,"href":"https:\/\/aktuelles.uni-frankfurt.de\/en\/wp-json\/wp\/v2\/comments?post=87546"}],"version-history":[{"count":0,"href":"https:\/\/aktuelles.uni-frankfurt.de\/en\/wp-json\/wp\/v2\/posts\/87546\/revisions"}],"wp:featuredmedia":[{"embeddable":true,"href":"https:\/\/aktuelles.uni-frankfurt.de\/en\/wp-json\/wp\/v2\/media\/87547"}],"wp:attachment":[{"href":"https:\/\/aktuelles.uni-frankfurt.de\/en\/wp-json\/wp\/v2\/media?parent=87546"}],"wp:term":[{"taxonomy":"category","embeddable":true,"href":"https:\/\/aktuelles.uni-frankfurt.de\/en\/wp-json\/wp\/v2\/categories?post=87546"},{"taxonomy":"post_tag","embeddable":true,"href":"https:\/\/aktuelles.uni-frankfurt.de\/en\/wp-json\/wp\/v2\/tags?post=87546"},{"taxonomy":"post_folder","embeddable":true,"href":"https:\/\/aktuelles.uni-frankfurt.de\/en\/wp-json\/wp\/v2\/post_folder?post=87546"}],"curies":[{"name":"wp","href":"https:\/\/api.w.org\/{rel}","templated":true}]}}