{"id":87554,"date":"2026-02-25T20:30:08","date_gmt":"2026-02-25T19:30:08","guid":{"rendered":"https:\/\/aktuelles.uni-frankfurt.de\/?p=87554"},"modified":"2026-02-26T08:44:06","modified_gmt":"2026-02-26T07:44:06","slug":"multispezies-members-club-fuersorge-teilhabe-und-technologie","status":"publish","type":"post","link":"https:\/\/aktuelles.uni-frankfurt.de\/en\/gesellschaft\/multispezies-members-club-fuersorge-teilhabe-und-technologie\/","title":{"rendered":"Multispezies Members Club: F\u00fcrsorge, Teilhabe und Technologie"},"content":{"rendered":"<p><em>Neue Ausstellung im Museum Giersch der Goethe-Universit\u00e4t \/ Pressekonferenz am 27.3.2026<\/em><\/p>\n\n\n\n<figure class=\"wp-block-image alignleft size-large is-resized\"><img fetchpriority=\"high\" decoding=\"async\" width=\"500\" height=\"450\" src=\"https:\/\/aktuelles.uni-frankfurt.de\/wp-content\/uploads\/2026\/02\/beitragsbild_mggu-ausstlung-multispezies-members-club-500x450.jpg\" alt=\"\" class=\"wp-image-87557\" style=\"width:447px;height:auto\" srcset=\"https:\/\/aktuelles.uni-frankfurt.de\/wp-content\/uploads\/2026\/02\/beitragsbild_mggu-ausstlung-multispezies-members-club-500x450.jpg 500w, https:\/\/aktuelles.uni-frankfurt.de\/wp-content\/uploads\/2026\/02\/beitragsbild_mggu-ausstlung-multispezies-members-club-300x270.jpg 300w, https:\/\/aktuelles.uni-frankfurt.de\/wp-content\/uploads\/2026\/02\/beitragsbild_mggu-ausstlung-multispezies-members-club-768x691.jpg 768w, https:\/\/aktuelles.uni-frankfurt.de\/wp-content\/uploads\/2026\/02\/beitragsbild_mggu-ausstlung-multispezies-members-club-13x12.jpg 13w, https:\/\/aktuelles.uni-frankfurt.de\/wp-content\/uploads\/2026\/02\/beitragsbild_mggu-ausstlung-multispezies-members-club.jpg 1536w\" sizes=\"(max-width: 500px) 100vw, 500px\" \/><\/figure>\n\n\n\n<p>\u201eWie kann eine technologisierte Gesellschaft auf F\u00fcrsorge und Teilhabe statt auf Konkurrenz bauen?\u201c \u2013 diese Frage steht im Zentrum der Ausstellung \u201eMultispezies Members Club. Neue Allianzen zwischen lebendigen und k\u00fcnstlichen Systemen\u201c, die vom 28.3. \u2013 6.9.2026 im Museum Giersch der Goethe-Universit\u00e4t im Rahmen der World Design Capital 2026 stattfindet. Die Ausstellung entwirft ein zukunftsweisendes Modell des Zusammenlebens, in dem Menschen, Tiere, Pflanzen und Maschinen gleichberechtigt agieren. Besucher*innen sind eingeladen, F\u00fcrsorge, Kooperation und Teilhabe nicht nur zu betrachten, sondern aktiv zu erleben, und zu reflektieren, wie Technologie Kommunikation zwischen unterschiedlichen Spezies erm\u00f6glichen kann. Gleichzeitig macht die Ausstellung deutlich, dass Technik nicht neutral ist: Sie verbraucht Ressourcen, kann bestehende Machtverh\u00e4ltnisse verst\u00e4rken und st\u00f6\u00dft dort an Grenzen, wo nat\u00fcrliche Systeme zu komplex sind, um sie vollst\u00e4ndig zu steuern.<\/p>\n\n\n\n<p>Die Highlights der Ausstellung sind interaktiv und vielseitig: Andreas Greiners neu entstandene Installation <em>Garden Protocol<\/em> verbindet Pflanzen auf dem Balkon, Menschen und technische Systeme \u00fcber Wasser als gemeinsame Ressource und fungiert als lebendiges Versuchsfeld f\u00fcr neue Formen des Zusammenwirkens von Natur und Technologie. Greiner agiert dabei sowohl als K\u00fcnstler als auch als Kurator der Ausstellung, gemeinsam mit Ina Neddermeyer und Susanne Wartenberg. Im <em>Multispezies Caf\u00e9<\/em> kn\u00fcpft er an die Tradition des Salons an und bringt aktuelle Diskurse \u00fcber K\u00fcnstliche Intelligenz in den Raum, w\u00e4hrend im Klangkunstwerk <em>Conspiracy Theory<\/em> (2023) drei KI-Systeme \u2013 Grok, DeepSeek und Mistral \u2013 in einen Trialog treten und globale Machtverh\u00e4ltnisse sowie politische und gesellschaftliche Modelle reflektieren.<\/p>\n\n\n\n<p><br>Weitere k\u00fcnstlerische Positionen hinterfragen die Grenzen zwischen Mensch, Natur und Technologie auf vielf\u00e4ltige Weise: Xenia Snow zeigt mit <em>Cyber Chim\u00e4ren<\/em> (2025) fiktive Mischwesen aus biologischen und technologischen Systemen; allapopp pr\u00e4sentiert die Installation <em>Songs of Cyborgeoisie<\/em>, in deren Rahmen Computerspiel, Tarotdeck und Soundinstallation zu einer interaktiven Auseinandersetzung mit KI und Robotik einladen; Andreas Greiner pr\u00e4sentiert mit <em>Replicating Seed<\/em>, <em>Panorama of a Landscape<\/em> und <em>Hybrid Matter<\/em> <em>Study 01 + 02<\/em> (alle 2018) menschliche und k\u00fcnstliche Zellen im direkten Vergleich. Laleh Khabbazy Oskouei und Farhang Rafiee f\u00fchren mit <em>Arih Baji<\/em> (2026) einen Dschinn aus der islamischen Kosmologie in digitale und visuelle R\u00e4ume ein. Aktivistisch und interaktiv ist <em>Tree and Rockets Truth Gate<\/em> (2026), das Besucher*innen \u00fcber umgebaute Arcade-Spielautomaten in die Analyse und Korrektur von Online-Inhalten einbindet.<\/p>\n\n\n\n<p>Auch der Museumsgarten wird Teil des Multispezies-Clubs: Mit der Klanginstallation <em>What do birds tweet about?<\/em> (2025, Neukonzeption 2026, Baltic Raw Org) werden Vogelstimmen in kurze Textfragmente \u00fcbersetzt und als eigenst\u00e4ndige, nichtmenschliche Stimme erfahrbar. Der <em>Convivial Commons Congress<\/em> (2025) von Matthias Einhoff (ZK\/U Proxylab) l\u00e4sst symbolisch nichtmenschliche Akteure wie ein Gew\u00e4ssernetz, einen Regenbaum, eine Indische Python, eine Braunkopfm\u00f6we oder einen Perlfleckbuntbarsch an Entscheidungsprozessen teilnehmen und erforscht so neue Formen \u00f6kologischer Gerechtigkeit.<\/p>\n\n\n\n<p>Beitr\u00e4ge von K\u00fcnstler*innen \u2013 darunter auch Studierende der Muthesius Kunsthochschule Kiel und der HfG Offenbach, die im Rahmen eines Open Calls ausgew\u00e4hlt wurden \u2013 er\u00f6ffnen vielschichtige Perspektiven auf K\u00fcnstliche Intelligenz, \u00d6kologie und gesellschaftliche Verantwortung. Wissenschaftler*innen der Goethe-Universit\u00e4t Frankfurt erg\u00e4nzen das Programm mit Perspektiven aus der KI-Forschung, Bioinformatik, Kunstp\u00e4dagogik, Anthropologie sowie Erziehungs-, Kultur- und Literaturwissenschaften. Die Ausstellung verbindet Kunst, Wissenschaft und Nachhaltigkeit und l\u00e4dt dazu ein, \u00fcber ein mehr-als-menschliches Zusammenleben nachzudenken sowie die M\u00f6glichkeiten und Grenzen algorithmischer Prozesse kritisch zu reflektieren.<\/p>\n\n\n\n<p>Ein vielf\u00e4ltiges Vermittlungsprogramm begleitet die Ausstellung und l\u00e4dt Besucher*innen aller Altersgruppen zur aktiven Teilhabe ein. Den Auftakt bildet die Vernissage am 27. M\u00e4rz ab 18 Uhr mit Gru\u00dfworten aus Kultur und Wissenschaft sowie dazu ab 20 Uhr live Beats von den Frankfurter DJs JUCI VISION. H\u00f6hepunkte sind die Nacht der Museen am 25. April, bei der F\u00fchrungen in Deutscher Geb\u00e4rdensprache, mehrsprachige Tarot-Readings und die Inklusive Clubnight f\u00fcr Taube und H\u00f6rende angeboten werden, sowie der Digitaltag am 26. Juni mit der Lecture-Performance Cyborgs und Chim\u00e4ren, in der Kunst und Wissenschaft im Dialog \u00fcber Mensch, Technologie und Gesellschaft stehen. Erg\u00e4nzt wird das Programm durch F\u00fchrungen, Film- und Vortragsreihen, Workshops sowie Kinder- und Schulangebote.<\/p>\n\n\n\n<p>F\u00fcr den Workshop \u201eDatendetektiv*innen im Museum\u201c f\u00fcr Kitas und Grundschulen (Alter: ca. 5\u201310 Jahre) stehen im Rahmen der Kampagne Stadt der Kinder kostenlose Pl\u00e4tze zur Verf\u00fcgung. Die Kosten \u00fcbernimmt das Kinderb\u00fcro der Stadt Frankfurt. Das Angebot ist begrenzt, eine fr\u00fchzeitige Anmeldung wird empfohlen. Das Vermittlungsangebot entsteht in Kooperation mit dem C3S \u2013 Center for Critical Computational Studies der Goethe-Universit\u00e4t Frankfurt und dem Museum Giersch der Goethe-Universit\u00e4t. Terminvereinbarung: <a href=\"mailto:vermittlung@mggu.de\">vermittlung@mggu.de<\/a><\/p>\n\n\n\n<p>Beteiligte K\u00fcnstler*innen und Wissenschaftler*innen: allapopp, Baltic Raw Org (M\u00f3ka Farkas &amp; Berndt Jasper), Literaturwissenschaftler Roland Borgards, Erziehungswissenschaftlerin Juliane Engel, Anthropologe Steven Gonzalez Monserrate, Kulturanthropologin Katharina Graf, Andreas Greiner, D\u017eeneta Hod\u017ei\u0107, David Kuhn &amp; Markus Rauchecker, Institut f\u00fcr sozial-\u00f6kologische Forschung (ISOE), Anne Duk Hee Jordan, Laleh Khabbazy Oskouei &amp; Farhang Rafiee, Nadine Kolodziey, Kunstp\u00e4dagogin Verena Kuni, Biophysikerin Franziska Matth\u00e4us, Xenia Snow, terra0 (Paul Kolling &amp; Paul Seidler), Tree and Rocket, Medienp\u00e4dagoge Dan Verst\u00e4ndig, ZK\/U Proxylab.<\/p>\n\n\n\n<p><strong>Ina Neddermeyer<\/strong>, Museumsdirektorin und Kuratorin, sagt: \u201eDie Ausstellung fragt, wie wir in einer technologisierten Welt zusammenleben wollen: K\u00f6nnen wir auch nicht-menschliche Akteur*innen durch K\u00fcnstliche Intelligenz oder Blockchain in Entscheidungsprozesse einbeziehen? Wie kann ein zukunftsweisendes Modell des Zusammenlebens aussehen?<\/p>\n\n\n\n<p><strong>Prof. Dr. Enrico Schleiff<\/strong>, Pr\u00e4sident der Goethe-Universit\u00e4t Frankfurt am Main, betont: \u201eDieses Ausstellungsprojekt zeigt eindrucksvoll, wie wissenschaftliche Forschung und k\u00fcnstlerische Strategien gemeinsam neue Perspektiven auf Technologie, \u00d6kologie und gesellschaftlichen Wandel er\u00f6ffnen. Die enge Zusammenarbeit unserer Einrichtungen \u2013 vom C3S \u00fcber studiumdigitale bis zum Institut f\u00fcr Kunstp\u00e4dagogik \u2013 steht exemplarisch f\u00fcr diesen interdisziplin\u00e4ren Anspruch.\u201c<\/p>\n\n\n\n<p><strong>Andreas Greiner<\/strong>, K\u00fcnstler und Kurator der Ausstellung: \u201eIch interessiere mich f\u00fcr Systeme, in denen Menschen nicht die einzigen Akteur*innen sind. In meinen Arbeiten untersuche ich, wie stark wir auf andere Spezies und technische Infrastrukturen angewiesen sind \u2013 und wie fragil diese Beziehungen sind.\u201c<\/p>\n\n\n\n<p><strong>Susanne Wartenberg<\/strong>, Stellvertretende Museumsleitung und Kuratorin, erg\u00e4nzt: \u201eDie k\u00fcnstlerischen Positionen er\u00f6ffnen \u2013 im Dialog mit wissenschaftlichen Perspektiven \u2013 vielf\u00e4ltige Zug\u00e4nge beispielsweise zu \u00f6kologischen Verflechtungen, digitalen Strukturen und Formen der Koexistenz. Der Multispezies Members Club versteht sich als offenes Experiment und als Einladung zum Mitdenken.\u201c<\/p>\n\n\n\n<p><strong>Pressekonferenz: Freitag, 27.3.2026, 11 Uhr &#8211; Einf\u00fchrung &amp; Rundgang mit:<br><\/strong>Andreas Greiner (K\u00fcnstler, Kurator)<br>Ina Neddermeyer (Kuratorin, Direktorin)<br>Dr. Tim Pickartz (Kurator f\u00fcr Vermittlung und Diskurs)<br>Dr. Susanne V\u00f6lker (Kulturfonds Frankfurt RheinMain)<br>Susanne Wartenberg (Kuratorin, Stellvertretende Leitung).<\/p>\n\n\n\n<p>Die weiteren an der Pressekonferenz teilnehmenden K\u00fcnstler*innen und Wissenschaftler*innen werden auf der Website bekannt gegeben. Bitte um Anmeldung an: <a href=\"mailto:presse@mggu.de\">presse@mggu.de<\/a><\/p>\n\n\n\n<div style=\"height:20px\" aria-hidden=\"true\" class=\"wp-block-spacer\"><\/div>\n\n\n\n<p class=\"has-background\" style=\"background-color:#eeeeee\"><strong>F\u00f6rderer und Kooperationspartner<\/strong>: STIFTUNG GIERSCH, Goethe-Universit\u00e4t, Kulturfonds Frankfurt RheinMain, World Design Capital 2026 in Frankfurt RheinMain, <em>Stadt der Kinder<\/em>, C3S &#8211; Center for critical computational studies, DFG-gef\u00f6rdertes Graduiertenkolleg \u201eFixing Futures\u201c, DFF &#8211; Deutsches Filminstitut &amp; Filmmuseum<br><br><strong>MGGU \u2013 Museum Giersch der Goethe-Universit\u00e4t<\/strong>, Schaumainkai 83, 60596 Frankfurt am Main<br><br>Eintritt: Erwachsene 7 \u20ac \/ Erm\u00e4\u00dfigt 5 \u20ac. Freier Eintritt f\u00fcr Personen unter 18 Jahren und Schulklassen.<br><br>MGGU x Klima-Taler App: Das Museum Giersch der Goethe-Universit\u00e4t ist neuer Partner der Klima-Taler App. Die Ausstellung kann zum erm\u00e4\u00dfigten Eintritt besucht werden \u2013 gleichzeitig l\u00e4sst sich klimafreundliches Verhalten belohnen.<br><br>\u00d6ffnungszeiten: Di, Mi, Fr, Sa, So 10\u201318 Uhr, Do 10\u201320 Uhr. An Feiertagen 10\u201318 Uhr ge\u00f6ffnet, auch wenn diese auf einen Montag fallen. Sonder\u00f6ffnungszeiten nach Vereinbarung<br><br>Ansprechpartnerin f\u00fcr die Presse: Christine Karmann. Fon: 069\/138210121; E-Mail: <a href=\"mailto:presse@mggu.de\">presse@mggu.de<\/a><br><br>Texte und Bilder zum Download f\u00fcr die Presse: <a href=\"http:\/\/www.mggu.de\/presse\">www.mggu.de\/presse<\/a><\/p>\n\n\n\n<p><\/p>","protected":false},"excerpt":{"rendered":"<p>Neue Ausstellung im Museum Giersch der Goethe-Universit\u00e4t \/ Pressekonferenz am 27.3.2026 \u201eWie kann eine technologisierte Gesellschaft auf F\u00fcrsorge und Teilhabe statt auf Konkurrenz bauen?\u201c \u2013 diese Frage steht im Zentrum [&hellip;]<\/p>\n","protected":false},"author":4,"featured_media":82224,"comment_status":"closed","ping_status":"closed","sticky":false,"template":"","format":"standard","meta":{"_eb_attr":"","_price":"","_stock":"","_tribe_ticket_header":"","_tribe_default_ticket_provider":"","_ticket_start_date":"","_ticket_end_date":"","_tribe_ticket_show_description":"","_tribe_ticket_show_not_going":false,"_tribe_ticket_use_global_stock":"","_tribe_ticket_global_stock_level":"","_global_stock_mode":"","_global_stock_cap":"","_tribe_rsvp_for_event":"","_tribe_ticket_going_count":"","_tribe_ticket_not_going_count":"","_tribe_tickets_list":"[]","_tribe_ticket_has_attendee_info_fields":false,"footnotes":""},"categories":[4],"tags":[60],"post_folder":[],"class_list":["post-87554","post","type-post","status-publish","format-standard","has-post-thumbnail","hentry","category-gesellschaft","tag-museum-giersch"],"yoast_head":"<!-- This site is optimized with the Yoast SEO plugin v27.5 - https:\/\/yoast.com\/product\/yoast-seo-wordpress\/ -->\n<title>Multispezies Members Club: F\u00fcrsorge, Teilhabe und Technologie | Aktuelles aus der Goethe-Universit\u00e4t Frankfurt<\/title>\n<meta name=\"robots\" content=\"index, follow, max-snippet:-1, max-image-preview:large, max-video-preview:-1\" \/>\n<link rel=\"canonical\" href=\"https:\/\/aktuelles.uni-frankfurt.de\/en\/gesellschaft\/multispezies-members-club-fuersorge-teilhabe-und-technologie\/\" \/>\n<meta property=\"og:locale\" content=\"en_GB\" \/>\n<meta property=\"og:type\" content=\"article\" \/>\n<meta property=\"og:title\" content=\"Multispezies Members Club: F\u00fcrsorge, Teilhabe und Technologie | Aktuelles aus der Goethe-Universit\u00e4t Frankfurt\" \/>\n<meta property=\"og:description\" content=\"Neue Ausstellung im Museum Giersch der Goethe-Universit\u00e4t \/ Pressekonferenz am 27.3.2026 \u201eWie kann eine technologisierte Gesellschaft auf F\u00fcrsorge und Teilhabe statt auf Konkurrenz bauen?\u201c \u2013 diese Frage steht im Zentrum [&hellip;]\" \/>\n<meta property=\"og:url\" content=\"https:\/\/aktuelles.uni-frankfurt.de\/en\/gesellschaft\/multispezies-members-club-fuersorge-teilhabe-und-technologie\/\" \/>\n<meta property=\"og:site_name\" content=\"Aktuelles aus der Goethe-Universit\u00e4t Frankfurt\" \/>\n<meta property=\"article:published_time\" content=\"2026-02-25T19:30:08+00:00\" \/>\n<meta property=\"article:modified_time\" content=\"2026-02-26T07:44:06+00:00\" \/>\n<meta property=\"og:image\" content=\"https:\/\/aktuelles.uni-frankfurt.de\/wp-content\/uploads\/2025\/01\/beitragsbild-museum-giersch-aussenansicht-650x450px.jpg\" \/>\n\t<meta property=\"og:image:width\" content=\"650\" \/>\n\t<meta property=\"og:image:height\" content=\"450\" \/>\n\t<meta property=\"og:image:type\" content=\"image\/jpeg\" \/>\n<meta name=\"author\" content=\"Dr. Dirk Frank\" \/>\n<meta name=\"twitter:card\" content=\"summary_large_image\" \/>\n<meta name=\"twitter:label1\" content=\"Written by\" \/>\n\t<meta name=\"twitter:data1\" content=\"Dr. Dirk Frank\" \/>\n\t<meta name=\"twitter:label2\" content=\"Estimated reading time\" \/>\n\t<meta name=\"twitter:data2\" content=\"6 minutes\" \/>\n<script type=\"application\/ld+json\" class=\"yoast-schema-graph\">{\"@context\":\"https:\\\/\\\/schema.org\",\"@graph\":[{\"@type\":\"Article\",\"@id\":\"https:\\\/\\\/aktuelles.uni-frankfurt.de\\\/gesellschaft\\\/multispezies-members-club-fuersorge-teilhabe-und-technologie\\\/#article\",\"isPartOf\":{\"@id\":\"https:\\\/\\\/aktuelles.uni-frankfurt.de\\\/gesellschaft\\\/multispezies-members-club-fuersorge-teilhabe-und-technologie\\\/\"},\"author\":{\"name\":\"Dr. Dirk Frank\",\"@id\":\"https:\\\/\\\/aktuelles.uni-frankfurt.de\\\/#\\\/schema\\\/person\\\/370c4588b49f66f89d917e8bd01f72b0\"},\"headline\":\"Multispezies Members Club: F\u00fcrsorge, Teilhabe und Technologie\",\"datePublished\":\"2026-02-25T19:30:08+00:00\",\"dateModified\":\"2026-02-26T07:44:06+00:00\",\"mainEntityOfPage\":{\"@id\":\"https:\\\/\\\/aktuelles.uni-frankfurt.de\\\/gesellschaft\\\/multispezies-members-club-fuersorge-teilhabe-und-technologie\\\/\"},\"wordCount\":1234,\"publisher\":{\"@id\":\"https:\\\/\\\/aktuelles.uni-frankfurt.de\\\/#organization\"},\"image\":{\"@id\":\"https:\\\/\\\/aktuelles.uni-frankfurt.de\\\/gesellschaft\\\/multispezies-members-club-fuersorge-teilhabe-und-technologie\\\/#primaryimage\"},\"thumbnailUrl\":\"https:\\\/\\\/aktuelles.uni-frankfurt.de\\\/wp-content\\\/uploads\\\/2025\\\/01\\\/beitragsbild-museum-giersch-aussenansicht-650x450px.jpg\",\"keywords\":[\"Museum Giersch\"],\"articleSection\":[\"Gesellschaft\"],\"inLanguage\":\"en-GB\"},{\"@type\":\"WebPage\",\"@id\":\"https:\\\/\\\/aktuelles.uni-frankfurt.de\\\/gesellschaft\\\/multispezies-members-club-fuersorge-teilhabe-und-technologie\\\/\",\"url\":\"https:\\\/\\\/aktuelles.uni-frankfurt.de\\\/gesellschaft\\\/multispezies-members-club-fuersorge-teilhabe-und-technologie\\\/\",\"name\":\"Multispezies Members Club: F\u00fcrsorge, Teilhabe und Technologie | Aktuelles aus der Goethe-Universit\u00e4t Frankfurt\",\"isPartOf\":{\"@id\":\"https:\\\/\\\/aktuelles.uni-frankfurt.de\\\/#website\"},\"primaryImageOfPage\":{\"@id\":\"https:\\\/\\\/aktuelles.uni-frankfurt.de\\\/gesellschaft\\\/multispezies-members-club-fuersorge-teilhabe-und-technologie\\\/#primaryimage\"},\"image\":{\"@id\":\"https:\\\/\\\/aktuelles.uni-frankfurt.de\\\/gesellschaft\\\/multispezies-members-club-fuersorge-teilhabe-und-technologie\\\/#primaryimage\"},\"thumbnailUrl\":\"https:\\\/\\\/aktuelles.uni-frankfurt.de\\\/wp-content\\\/uploads\\\/2025\\\/01\\\/beitragsbild-museum-giersch-aussenansicht-650x450px.jpg\",\"datePublished\":\"2026-02-25T19:30:08+00:00\",\"dateModified\":\"2026-02-26T07:44:06+00:00\",\"breadcrumb\":{\"@id\":\"https:\\\/\\\/aktuelles.uni-frankfurt.de\\\/gesellschaft\\\/multispezies-members-club-fuersorge-teilhabe-und-technologie\\\/#breadcrumb\"},\"inLanguage\":\"en-GB\",\"potentialAction\":[{\"@type\":\"ReadAction\",\"target\":[\"https:\\\/\\\/aktuelles.uni-frankfurt.de\\\/gesellschaft\\\/multispezies-members-club-fuersorge-teilhabe-und-technologie\\\/\"]}]},{\"@type\":\"ImageObject\",\"inLanguage\":\"en-GB\",\"@id\":\"https:\\\/\\\/aktuelles.uni-frankfurt.de\\\/gesellschaft\\\/multispezies-members-club-fuersorge-teilhabe-und-technologie\\\/#primaryimage\",\"url\":\"https:\\\/\\\/aktuelles.uni-frankfurt.de\\\/wp-content\\\/uploads\\\/2025\\\/01\\\/beitragsbild-museum-giersch-aussenansicht-650x450px.jpg\",\"contentUrl\":\"https:\\\/\\\/aktuelles.uni-frankfurt.de\\\/wp-content\\\/uploads\\\/2025\\\/01\\\/beitragsbild-museum-giersch-aussenansicht-650x450px.jpg\",\"width\":650,\"height\":450,\"caption\":\"Au\u00dfenansicht vom Museum Giersch\"},{\"@type\":\"BreadcrumbList\",\"@id\":\"https:\\\/\\\/aktuelles.uni-frankfurt.de\\\/gesellschaft\\\/multispezies-members-club-fuersorge-teilhabe-und-technologie\\\/#breadcrumb\",\"itemListElement\":[{\"@type\":\"ListItem\",\"position\":1,\"name\":\"Startseite\",\"item\":\"https:\\\/\\\/aktuelles.uni-frankfurt.de\\\/\"},{\"@type\":\"ListItem\",\"position\":2,\"name\":\"Multispezies Members Club: F\u00fcrsorge, Teilhabe und Technologie\"}]},{\"@type\":\"WebSite\",\"@id\":\"https:\\\/\\\/aktuelles.uni-frankfurt.de\\\/#website\",\"url\":\"https:\\\/\\\/aktuelles.uni-frankfurt.de\\\/\",\"name\":\"Aktuelles aus der Goethe-Universit\u00e4t Frankfurt\",\"description\":\"Aktuelles aus der Goethe-Universit\u00e4t | Neues aus Forschung, Lehre, Studium\",\"publisher\":{\"@id\":\"https:\\\/\\\/aktuelles.uni-frankfurt.de\\\/#organization\"},\"potentialAction\":[{\"@type\":\"SearchAction\",\"target\":{\"@type\":\"EntryPoint\",\"urlTemplate\":\"https:\\\/\\\/aktuelles.uni-frankfurt.de\\\/?s={search_term_string}\"},\"query-input\":{\"@type\":\"PropertyValueSpecification\",\"valueRequired\":true,\"valueName\":\"search_term_string\"}}],\"inLanguage\":\"en-GB\"},{\"@type\":\"Organization\",\"@id\":\"https:\\\/\\\/aktuelles.uni-frankfurt.de\\\/#organization\",\"name\":\"Goethe-Universit\u00e4t\",\"url\":\"https:\\\/\\\/aktuelles.uni-frankfurt.de\\\/\",\"logo\":{\"@type\":\"ImageObject\",\"inLanguage\":\"en-GB\",\"@id\":\"https:\\\/\\\/aktuelles.uni-frankfurt.de\\\/#\\\/schema\\\/logo\\\/image\\\/\",\"url\":\"https:\\\/\\\/aktuelles.uni-frankfurt.de\\\/wp-content\\\/uploads\\\/2022\\\/03\\\/800px-Goethe-Logo.png\",\"contentUrl\":\"https:\\\/\\\/aktuelles.uni-frankfurt.de\\\/wp-content\\\/uploads\\\/2022\\\/03\\\/800px-Goethe-Logo.png\",\"width\":800,\"height\":436,\"caption\":\"Goethe-Universit\u00e4t\"},\"image\":{\"@id\":\"https:\\\/\\\/aktuelles.uni-frankfurt.de\\\/#\\\/schema\\\/logo\\\/image\\\/\"}},{\"@type\":\"Person\",\"@id\":\"https:\\\/\\\/aktuelles.uni-frankfurt.de\\\/#\\\/schema\\\/person\\\/370c4588b49f66f89d917e8bd01f72b0\",\"name\":\"Dr. Dirk Frank\",\"description\":\"Dr. Dirk Frank, 49, ist seit 2012 Pressereferent an der Goethe-Universit\u00e4t. Der promovierte Literaturwissenschaftler ist stellvertretender Leiter der Abteilung Marketing und Kommunikation und f\u00fcr die Redaktion des UniReport zust\u00e4ndig.\",\"sameAs\":[\"http:\\\/\\\/aktuelles.uni-frankfurt.de\\\/\"],\"url\":\"https:\\\/\\\/aktuelles.uni-frankfurt.de\\\/en\\\/author\\\/dr-dirkfrank\\\/\"}]}<\/script>\n<!-- \/ Yoast SEO plugin. -->","yoast_head_json":{"title":"Multispezies Members Club: F\u00fcrsorge, Teilhabe und Technologie | Aktuelles aus der Goethe-Universit\u00e4t Frankfurt","robots":{"index":"index","follow":"follow","max-snippet":"max-snippet:-1","max-image-preview":"max-image-preview:large","max-video-preview":"max-video-preview:-1"},"canonical":"https:\/\/aktuelles.uni-frankfurt.de\/en\/gesellschaft\/multispezies-members-club-fuersorge-teilhabe-und-technologie\/","og_locale":"en_GB","og_type":"article","og_title":"Multispezies Members Club: F\u00fcrsorge, Teilhabe und Technologie | Aktuelles aus der Goethe-Universit\u00e4t Frankfurt","og_description":"Neue Ausstellung im Museum Giersch der Goethe-Universit\u00e4t \/ Pressekonferenz am 27.3.2026 \u201eWie kann eine technologisierte Gesellschaft auf F\u00fcrsorge und Teilhabe statt auf Konkurrenz bauen?\u201c \u2013 diese Frage steht im Zentrum [&hellip;]","og_url":"https:\/\/aktuelles.uni-frankfurt.de\/en\/gesellschaft\/multispezies-members-club-fuersorge-teilhabe-und-technologie\/","og_site_name":"Aktuelles aus der Goethe-Universit\u00e4t Frankfurt","article_published_time":"2026-02-25T19:30:08+00:00","article_modified_time":"2026-02-26T07:44:06+00:00","og_image":[{"width":650,"height":450,"url":"https:\/\/aktuelles.uni-frankfurt.de\/wp-content\/uploads\/2025\/01\/beitragsbild-museum-giersch-aussenansicht-650x450px.jpg","type":"image\/jpeg"}],"author":"Dr. Dirk Frank","twitter_card":"summary_large_image","twitter_misc":{"Written by":"Dr. Dirk Frank","Estimated reading time":"6 minutes"},"schema":{"@context":"https:\/\/schema.org","@graph":[{"@type":"Article","@id":"https:\/\/aktuelles.uni-frankfurt.de\/gesellschaft\/multispezies-members-club-fuersorge-teilhabe-und-technologie\/#article","isPartOf":{"@id":"https:\/\/aktuelles.uni-frankfurt.de\/gesellschaft\/multispezies-members-club-fuersorge-teilhabe-und-technologie\/"},"author":{"name":"Dr. Dirk Frank","@id":"https:\/\/aktuelles.uni-frankfurt.de\/#\/schema\/person\/370c4588b49f66f89d917e8bd01f72b0"},"headline":"Multispezies Members Club: F\u00fcrsorge, Teilhabe und Technologie","datePublished":"2026-02-25T19:30:08+00:00","dateModified":"2026-02-26T07:44:06+00:00","mainEntityOfPage":{"@id":"https:\/\/aktuelles.uni-frankfurt.de\/gesellschaft\/multispezies-members-club-fuersorge-teilhabe-und-technologie\/"},"wordCount":1234,"publisher":{"@id":"https:\/\/aktuelles.uni-frankfurt.de\/#organization"},"image":{"@id":"https:\/\/aktuelles.uni-frankfurt.de\/gesellschaft\/multispezies-members-club-fuersorge-teilhabe-und-technologie\/#primaryimage"},"thumbnailUrl":"https:\/\/aktuelles.uni-frankfurt.de\/wp-content\/uploads\/2025\/01\/beitragsbild-museum-giersch-aussenansicht-650x450px.jpg","keywords":["Museum Giersch"],"articleSection":["Gesellschaft"],"inLanguage":"en-GB"},{"@type":"WebPage","@id":"https:\/\/aktuelles.uni-frankfurt.de\/gesellschaft\/multispezies-members-club-fuersorge-teilhabe-und-technologie\/","url":"https:\/\/aktuelles.uni-frankfurt.de\/gesellschaft\/multispezies-members-club-fuersorge-teilhabe-und-technologie\/","name":"Multispezies Members Club: F\u00fcrsorge, Teilhabe und Technologie | Aktuelles aus der Goethe-Universit\u00e4t Frankfurt","isPartOf":{"@id":"https:\/\/aktuelles.uni-frankfurt.de\/#website"},"primaryImageOfPage":{"@id":"https:\/\/aktuelles.uni-frankfurt.de\/gesellschaft\/multispezies-members-club-fuersorge-teilhabe-und-technologie\/#primaryimage"},"image":{"@id":"https:\/\/aktuelles.uni-frankfurt.de\/gesellschaft\/multispezies-members-club-fuersorge-teilhabe-und-technologie\/#primaryimage"},"thumbnailUrl":"https:\/\/aktuelles.uni-frankfurt.de\/wp-content\/uploads\/2025\/01\/beitragsbild-museum-giersch-aussenansicht-650x450px.jpg","datePublished":"2026-02-25T19:30:08+00:00","dateModified":"2026-02-26T07:44:06+00:00","breadcrumb":{"@id":"https:\/\/aktuelles.uni-frankfurt.de\/gesellschaft\/multispezies-members-club-fuersorge-teilhabe-und-technologie\/#breadcrumb"},"inLanguage":"en-GB","potentialAction":[{"@type":"ReadAction","target":["https:\/\/aktuelles.uni-frankfurt.de\/gesellschaft\/multispezies-members-club-fuersorge-teilhabe-und-technologie\/"]}]},{"@type":"ImageObject","inLanguage":"en-GB","@id":"https:\/\/aktuelles.uni-frankfurt.de\/gesellschaft\/multispezies-members-club-fuersorge-teilhabe-und-technologie\/#primaryimage","url":"https:\/\/aktuelles.uni-frankfurt.de\/wp-content\/uploads\/2025\/01\/beitragsbild-museum-giersch-aussenansicht-650x450px.jpg","contentUrl":"https:\/\/aktuelles.uni-frankfurt.de\/wp-content\/uploads\/2025\/01\/beitragsbild-museum-giersch-aussenansicht-650x450px.jpg","width":650,"height":450,"caption":"Au\u00dfenansicht vom Museum Giersch"},{"@type":"BreadcrumbList","@id":"https:\/\/aktuelles.uni-frankfurt.de\/gesellschaft\/multispezies-members-club-fuersorge-teilhabe-und-technologie\/#breadcrumb","itemListElement":[{"@type":"ListItem","position":1,"name":"Startseite","item":"https:\/\/aktuelles.uni-frankfurt.de\/"},{"@type":"ListItem","position":2,"name":"Multispezies Members Club: F\u00fcrsorge, Teilhabe und Technologie"}]},{"@type":"WebSite","@id":"https:\/\/aktuelles.uni-frankfurt.de\/#website","url":"https:\/\/aktuelles.uni-frankfurt.de\/","name":"Aktuelles aus der Goethe-Universit\u00e4t Frankfurt","description":"Aktuelles aus der Goethe-Universit\u00e4t | Neues aus Forschung, Lehre, Studium","publisher":{"@id":"https:\/\/aktuelles.uni-frankfurt.de\/#organization"},"potentialAction":[{"@type":"SearchAction","target":{"@type":"EntryPoint","urlTemplate":"https:\/\/aktuelles.uni-frankfurt.de\/?s={search_term_string}"},"query-input":{"@type":"PropertyValueSpecification","valueRequired":true,"valueName":"search_term_string"}}],"inLanguage":"en-GB"},{"@type":"Organization","@id":"https:\/\/aktuelles.uni-frankfurt.de\/#organization","name":"Goethe University Frankfurt","url":"https:\/\/aktuelles.uni-frankfurt.de\/","logo":{"@type":"ImageObject","inLanguage":"en-GB","@id":"https:\/\/aktuelles.uni-frankfurt.de\/#\/schema\/logo\/image\/","url":"https:\/\/aktuelles.uni-frankfurt.de\/wp-content\/uploads\/2022\/03\/800px-Goethe-Logo.png","contentUrl":"https:\/\/aktuelles.uni-frankfurt.de\/wp-content\/uploads\/2022\/03\/800px-Goethe-Logo.png","width":800,"height":436,"caption":"Goethe-Universit\u00e4t"},"image":{"@id":"https:\/\/aktuelles.uni-frankfurt.de\/#\/schema\/logo\/image\/"}},{"@type":"Person","@id":"https:\/\/aktuelles.uni-frankfurt.de\/#\/schema\/person\/370c4588b49f66f89d917e8bd01f72b0","name":"Dr. Dirk Frank","description":"Dr. Dirk Frank, 49, ist seit 2012 Pressereferent an der Goethe-Universit\u00e4t. Der promovierte Literaturwissenschaftler ist stellvertretender Leiter der Abteilung Marketing und Kommunikation und f\u00fcr die Redaktion des UniReport zust\u00e4ndig.","sameAs":["http:\/\/aktuelles.uni-frankfurt.de\/"],"url":"https:\/\/aktuelles.uni-frankfurt.de\/en\/author\/dr-dirkfrank\/"}]}},"_links":{"self":[{"href":"https:\/\/aktuelles.uni-frankfurt.de\/en\/wp-json\/wp\/v2\/posts\/87554","targetHints":{"allow":["GET"]}}],"collection":[{"href":"https:\/\/aktuelles.uni-frankfurt.de\/en\/wp-json\/wp\/v2\/posts"}],"about":[{"href":"https:\/\/aktuelles.uni-frankfurt.de\/en\/wp-json\/wp\/v2\/types\/post"}],"author":[{"embeddable":true,"href":"https:\/\/aktuelles.uni-frankfurt.de\/en\/wp-json\/wp\/v2\/users\/4"}],"replies":[{"embeddable":true,"href":"https:\/\/aktuelles.uni-frankfurt.de\/en\/wp-json\/wp\/v2\/comments?post=87554"}],"version-history":[{"count":0,"href":"https:\/\/aktuelles.uni-frankfurt.de\/en\/wp-json\/wp\/v2\/posts\/87554\/revisions"}],"wp:featuredmedia":[{"embeddable":true,"href":"https:\/\/aktuelles.uni-frankfurt.de\/en\/wp-json\/wp\/v2\/media\/82224"}],"wp:attachment":[{"href":"https:\/\/aktuelles.uni-frankfurt.de\/en\/wp-json\/wp\/v2\/media?parent=87554"}],"wp:term":[{"taxonomy":"category","embeddable":true,"href":"https:\/\/aktuelles.uni-frankfurt.de\/en\/wp-json\/wp\/v2\/categories?post=87554"},{"taxonomy":"post_tag","embeddable":true,"href":"https:\/\/aktuelles.uni-frankfurt.de\/en\/wp-json\/wp\/v2\/tags?post=87554"},{"taxonomy":"post_folder","embeddable":true,"href":"https:\/\/aktuelles.uni-frankfurt.de\/en\/wp-json\/wp\/v2\/post_folder?post=87554"}],"curies":[{"name":"wp","href":"https:\/\/api.w.org\/{rel}","templated":true}]}}