{"id":87559,"date":"2026-02-26T12:46:50","date_gmt":"2026-02-26T11:46:50","guid":{"rendered":"https:\/\/aktuelles.uni-frankfurt.de\/?p=87559"},"modified":"2026-02-26T13:26:55","modified_gmt":"2026-02-26T12:26:55","slug":"wissenschaft-und-kunst-im-einsatz-fuer-die-demokratie","status":"publish","type":"post","link":"https:\/\/aktuelles.uni-frankfurt.de\/en\/gesellschaft\/wissenschaft-und-kunst-im-einsatz-fuer-die-demokratie\/","title":{"rendered":"Wissenschaft und Kunst im Einsatz f\u00fcr die Demokratie"},"content":{"rendered":"<p><em>\u201eBr\u00fcche \u2013 Demokratie in Zeiten der Regression\u201c: Kooperation mit der Oper Frankfurt im Rahmen des Forschungsverbunds DemoReg<\/em><\/p>\n\n\n\n<p><strong>Wie kann die Demokratie gest\u00e4rkt werden angesichts zunehmender Angriffe von innen und au\u00dfen? Unter dem Titel \u201eBr\u00fcche \u2013 Demokratie in Zeiten der Regression\u201c soll eine neue Veranstaltungsreihe Erhellendes dazu beitragen. Durch die Kooperation von Goethe-Universit\u00e4t, Institut f\u00fcr Sozialforschung und Sigmund-Freud-Institut mit der Oper Frankfurt sollen neue Perspektiven entstehen. Die Initiative ist im Frankfurter Teil des Forschungsverbunds DemoReg angesiedelt.<\/strong><\/p>\n\n\n\n<div style=\"height:20px\" aria-hidden=\"true\" class=\"wp-block-spacer\"><\/div>\n\n\n\n<figure class=\"wp-block-image aligncenter size-full\"><img fetchpriority=\"high\" decoding=\"async\" width=\"650\" height=\"450\" src=\"https:\/\/aktuelles.uni-frankfurt.de\/wp-content\/uploads\/2026\/02\/oper-frankfurt-c-kirsten-bucher.jpg\" alt=\"Oper Frankfurt\" class=\"wp-image-87567\" srcset=\"https:\/\/aktuelles.uni-frankfurt.de\/wp-content\/uploads\/2026\/02\/oper-frankfurt-c-kirsten-bucher.jpg 650w, https:\/\/aktuelles.uni-frankfurt.de\/wp-content\/uploads\/2026\/02\/oper-frankfurt-c-kirsten-bucher-300x208.jpg 300w, https:\/\/aktuelles.uni-frankfurt.de\/wp-content\/uploads\/2026\/02\/oper-frankfurt-c-kirsten-bucher-500x346.jpg 500w, https:\/\/aktuelles.uni-frankfurt.de\/wp-content\/uploads\/2026\/02\/oper-frankfurt-c-kirsten-bucher-18x12.jpg 18w\" sizes=\"(max-width: 650px) 100vw, 650px\" \/><figcaption class=\"wp-element-caption\">Die Oper Frankfurt als Kooperationspartner der Wissenschaft: Unter dem Titel \u201eBr\u00fcche \u2013 Demokratie in Zeiten der Regression\u201c wurde eine gemeinsame Veranstaltungsreihe ins Leben gerufen. Die Initiative ist im Frankfurter Teil des Forschungsverbunds DemoReg angesiedelt. \u00a9 Kirsten Bucher<\/figcaption><\/figure>\n\n\n\n<div style=\"height:20px\" aria-hidden=\"true\" class=\"wp-block-spacer\"><\/div>\n\n\n\n<p>Der hessenweite Forschungsverbund \u201eHerausforderungen der Demokratie in Zeiten ihrer Regression \u2013 Zeiten, R\u00e4ume und Diskurse\u201c (kurz \u201eDemoReg\u201c) nimmt Ursachen und Folgen demokratiegef\u00e4hrdender Entwicklungen in den Blick. Gef\u00f6rdert vom Hessischen Ministerium f\u00fcr Wissenschaft und Kunst, verbindet die Initiative Grundlagenforschung mit empirischer Analyse und anwendungsorientierter Wissensproduktion \u2013 auch mit Blick auf m\u00f6gliche Ma\u00dfnahmen zur Demokratiest\u00e4rkung.<\/p>\n\n\n\n<p>\u201eIndem wir als interdisziplin\u00e4rer wissenschaftlicher Verbund mit der Oper zusammenarbeiten, erhoffen wir uns zus\u00e4tzliche Perspektiven auf das Thema\u201c, sagt Vera King, Professorin f\u00fcr Soziologie und Psychoanalytische Sozialpsychologie an der Goethe-Universit\u00e4t und zugleich Direktorin des Sigmund-Freud-Instituts. Bei der Tagung \u201eNach uns die Sintflut\u201c im vorigen Jahr habe sich die Kooperation mit der Oper als \u00e4u\u00dferst fruchtbar erwiesen. Gerade das Musiktheater verf\u00fcge durch die Musik und die Macht der Inszenierung \u00fcber gro\u00dfe emotionale Schubkraft. \u201eKunst kann die affektiven Seiten des Zusammenlebens auf eigene Weise beleuchten, das ist wertvoll f\u00fcr das Verst\u00e4ndnis gesellschaftlicher und politischer Dynamiken\u201c, so King.<\/p>\n\n\n\n<p>Den Auftakt zur Kooperation wird am 20. Juni ein \u00f6ffentliches Panel in der Oper Frankfurt mit Kurzbeitr\u00e4gen und Diskussion machen zum Thema \u201e<em>Antidemokratische Mobilisierung und die Macht der Gef\u00fchle<\/em>\u201c. Anl\u00e4sslich der Neuproduktion der Oper \u201eTancredi\u201c von Gioachino Rossini kommen, moderiert vom Frankfurter Dramaturgen Konrad Kuhn, der Opernregisseur Manuel Schmitt mit der Sozialpsychologin Vera King und dem Soziologen Stephan Lessenich ins Gespr\u00e4ch. Die Handlung der Oper bietet zahlreiche Ankn\u00fcpfungsm\u00f6glichkeiten: Die Oper erz\u00e4hlt von der Bedrohung einer Gemeinschaft durch innere und \u00e4u\u00dfere Gef\u00e4hrdungen, von gesellschaftlicher Schlie\u00dfung und Radikalisierung als regressiven Reaktionsweisen. F\u00fcr das Opernpublikum besteht nach der Veranstaltung die M\u00f6glichkeit einer Fortsetzung des Austauschs im Rahmen des Formats \u201eOper im Dialog\u201c.<\/p>\n\n\n\n<p>\u201eMusiktheater ist eine vielschichtige Kunstform. Ein gro\u00dfer Reiz liegt immer auch darin, Werke aus vergangenen Epochen mit unserer Gegenwart in Beziehung zu setzen. Das kann auf sehr unterschiedliche Weise geschehen und bildet den Kern unseres kulturellen Auftrags. Von daher ist es f\u00fcr die Oper Frankfurt ein Gl\u00fccksfall, wenn unsere Auff\u00fchrungen mit wissenschaftlichen Diskursen in einen Dialog treten k\u00f6nnen \u2013 noch dazu mit so traditionsreichen und f\u00fcr Frankfurt pr\u00e4genden Partnern wie dem Institut f\u00fcr Sozialforschung und dem Sigmund-Freud-Institut\u201c, sagt Dramaturg Konrad Kuhn.<\/p>\n\n\n\n<p>Am 10. Dezember dann soll unter Beteiligung der Oper ein ganzt\u00e4giges interdisziplin\u00e4res wissenschaftliches Symposium in der ehemaligen Dondorf-Druckerei stattfinden. \u201e<em>Zukunftsbilder \u2013 Demokratie nach den Zeiten ihrer Regression<\/em>\u201c lautet der Titel. \u201eIn einer Zeit, in der Zukunft verstellt zu sein scheint, ist die \u00d6ffnung von Vorstellungshorizonten ein wichtiger Beitrag zur Revitalisierung der Demokratie\u201c, so Stephan Lessenich, Professor f\u00fcr Gesellschaftstheorie und Sozialforschung an der Goethe-Universit\u00e4t und Direktor des Instituts f\u00fcr Sozialforschung. Vorgesehen sind Beitr\u00e4ge aus Politik- und Sozialwissenschaften, Philosophie, Psychoanalyse und Sozialpsychologie sowie aus k\u00fcnstlerischen Perspektiven. Um welche Oper es dann gehen wird, wird Ende April bekannt gegeben.<\/p>\n\n\n\n<div style=\"height:20px\" aria-hidden=\"true\" class=\"wp-block-spacer\"><\/div>\n\n\n\n<p class=\"has-background\" style=\"background-color:#eeeeee\"><strong>Weitere Informationen<br><\/strong>Prof. Dr. Vera King<br>Professur f\u00fcr Soziologie und Psychoanalytische Sozialpsychologie<br>Goethe University Frankfurt<br>Telefon 069 798-36531<br>E-Mail <a href=\"mailto:king@soz.uni-frankfurt.de\">king@soz.uni-frankfurt.de<\/a><\/p>","protected":false},"excerpt":{"rendered":"<p>\u201eBr\u00fcche \u2013 Demokratie in Zeiten der Regression\u201c: Kooperation mit der Oper Frankfurt im Rahmen des Forschungsverbunds DemoReg Wie kann die Demokratie gest\u00e4rkt werden angesichts zunehmender Angriffe von innen und au\u00dfen? [&hellip;]<\/p>\n","protected":false},"author":5,"featured_media":87567,"comment_status":"closed","ping_status":"closed","sticky":false,"template":"","format":"standard","meta":{"_eb_attr":"","_price":"","_stock":"","_tribe_ticket_header":"","_tribe_default_ticket_provider":"","_ticket_start_date":"","_ticket_end_date":"","_tribe_ticket_show_description":"","_tribe_ticket_show_not_going":false,"_tribe_ticket_use_global_stock":"","_tribe_ticket_global_stock_level":"","_global_stock_mode":"","_global_stock_cap":"","_tribe_rsvp_for_event":"","_tribe_ticket_going_count":"","_tribe_ticket_not_going_count":"","_tribe_tickets_list":"[]","_tribe_ticket_has_attendee_info_fields":false,"footnotes":""},"categories":[4],"tags":[48,58,103],"post_folder":[],"class_list":["post-87559","post","type-post","status-publish","format-standard","has-post-thumbnail","hentry","category-gesellschaft","tag-gesellschaftswissenschaften","tag-philosophie-und-geschichtswissenschaften","tag-sozialwissenschaften"],"yoast_head":"<!-- This site is optimized with the Yoast SEO plugin v27.5 - https:\/\/yoast.com\/product\/yoast-seo-wordpress\/ -->\n<title>Wissenschaft und Kunst im Einsatz f\u00fcr die Demokratie | Aktuelles aus der Goethe-Universit\u00e4t Frankfurt<\/title>\n<meta name=\"robots\" content=\"index, follow, max-snippet:-1, max-image-preview:large, max-video-preview:-1\" \/>\n<link rel=\"canonical\" href=\"https:\/\/aktuelles.uni-frankfurt.de\/en\/gesellschaft\/wissenschaft-und-kunst-im-einsatz-fuer-die-demokratie\/\" \/>\n<meta property=\"og:locale\" content=\"en_GB\" \/>\n<meta property=\"og:type\" content=\"article\" \/>\n<meta property=\"og:title\" content=\"Wissenschaft und Kunst im Einsatz f\u00fcr die Demokratie | Aktuelles aus der Goethe-Universit\u00e4t Frankfurt\" \/>\n<meta property=\"og:description\" content=\"\u201eBr\u00fcche \u2013 Demokratie in Zeiten der Regression\u201c: Kooperation mit der Oper Frankfurt im Rahmen des Forschungsverbunds DemoReg Wie kann die Demokratie gest\u00e4rkt werden angesichts zunehmender Angriffe von innen und au\u00dfen? [&hellip;]\" \/>\n<meta property=\"og:url\" content=\"https:\/\/aktuelles.uni-frankfurt.de\/en\/gesellschaft\/wissenschaft-und-kunst-im-einsatz-fuer-die-demokratie\/\" \/>\n<meta property=\"og:site_name\" content=\"Aktuelles aus der Goethe-Universit\u00e4t Frankfurt\" \/>\n<meta property=\"article:published_time\" content=\"2026-02-26T11:46:50+00:00\" \/>\n<meta property=\"article:modified_time\" content=\"2026-02-26T12:26:55+00:00\" \/>\n<meta property=\"og:image\" content=\"https:\/\/aktuelles.uni-frankfurt.de\/wp-content\/uploads\/2026\/02\/oper-frankfurt-c-kirsten-bucher.jpg\" \/>\n\t<meta property=\"og:image:width\" content=\"650\" \/>\n\t<meta property=\"og:image:height\" content=\"450\" \/>\n\t<meta property=\"og:image:type\" content=\"image\/jpeg\" \/>\n<meta name=\"author\" content=\"Dr. Anke Sauter\" \/>\n<meta name=\"twitter:card\" content=\"summary_large_image\" \/>\n<meta name=\"twitter:label1\" content=\"Written by\" \/>\n\t<meta name=\"twitter:data1\" content=\"Dr. Anke Sauter\" \/>\n\t<meta name=\"twitter:label2\" content=\"Estimated reading time\" \/>\n\t<meta name=\"twitter:data2\" content=\"3 minutes\" \/>\n<script type=\"application\/ld+json\" class=\"yoast-schema-graph\">{\"@context\":\"https:\\\/\\\/schema.org\",\"@graph\":[{\"@type\":\"Article\",\"@id\":\"https:\\\/\\\/aktuelles.uni-frankfurt.de\\\/gesellschaft\\\/wissenschaft-und-kunst-im-einsatz-fuer-die-demokratie\\\/#article\",\"isPartOf\":{\"@id\":\"https:\\\/\\\/aktuelles.uni-frankfurt.de\\\/gesellschaft\\\/wissenschaft-und-kunst-im-einsatz-fuer-die-demokratie\\\/\"},\"author\":{\"name\":\"Dr. Anke Sauter\",\"@id\":\"https:\\\/\\\/aktuelles.uni-frankfurt.de\\\/#\\\/schema\\\/person\\\/1b9eb6fa6c6aed90031661dd4e37970d\"},\"headline\":\"Wissenschaft und Kunst im Einsatz f\u00fcr die Demokratie\",\"datePublished\":\"2026-02-26T11:46:50+00:00\",\"dateModified\":\"2026-02-26T12:26:55+00:00\",\"mainEntityOfPage\":{\"@id\":\"https:\\\/\\\/aktuelles.uni-frankfurt.de\\\/gesellschaft\\\/wissenschaft-und-kunst-im-einsatz-fuer-die-demokratie\\\/\"},\"wordCount\":617,\"publisher\":{\"@id\":\"https:\\\/\\\/aktuelles.uni-frankfurt.de\\\/#organization\"},\"image\":{\"@id\":\"https:\\\/\\\/aktuelles.uni-frankfurt.de\\\/gesellschaft\\\/wissenschaft-und-kunst-im-einsatz-fuer-die-demokratie\\\/#primaryimage\"},\"thumbnailUrl\":\"https:\\\/\\\/aktuelles.uni-frankfurt.de\\\/wp-content\\\/uploads\\\/2026\\\/02\\\/oper-frankfurt-c-kirsten-bucher.jpg\",\"keywords\":[\"Gesellschaftswissenschaften\",\"Philosophie und Geschichtswissenschaften\",\"Sozialwissenschaften\"],\"articleSection\":[\"Gesellschaft\"],\"inLanguage\":\"en-GB\"},{\"@type\":\"WebPage\",\"@id\":\"https:\\\/\\\/aktuelles.uni-frankfurt.de\\\/gesellschaft\\\/wissenschaft-und-kunst-im-einsatz-fuer-die-demokratie\\\/\",\"url\":\"https:\\\/\\\/aktuelles.uni-frankfurt.de\\\/gesellschaft\\\/wissenschaft-und-kunst-im-einsatz-fuer-die-demokratie\\\/\",\"name\":\"Wissenschaft und Kunst im Einsatz f\u00fcr die Demokratie | Aktuelles aus der Goethe-Universit\u00e4t Frankfurt\",\"isPartOf\":{\"@id\":\"https:\\\/\\\/aktuelles.uni-frankfurt.de\\\/#website\"},\"primaryImageOfPage\":{\"@id\":\"https:\\\/\\\/aktuelles.uni-frankfurt.de\\\/gesellschaft\\\/wissenschaft-und-kunst-im-einsatz-fuer-die-demokratie\\\/#primaryimage\"},\"image\":{\"@id\":\"https:\\\/\\\/aktuelles.uni-frankfurt.de\\\/gesellschaft\\\/wissenschaft-und-kunst-im-einsatz-fuer-die-demokratie\\\/#primaryimage\"},\"thumbnailUrl\":\"https:\\\/\\\/aktuelles.uni-frankfurt.de\\\/wp-content\\\/uploads\\\/2026\\\/02\\\/oper-frankfurt-c-kirsten-bucher.jpg\",\"datePublished\":\"2026-02-26T11:46:50+00:00\",\"dateModified\":\"2026-02-26T12:26:55+00:00\",\"breadcrumb\":{\"@id\":\"https:\\\/\\\/aktuelles.uni-frankfurt.de\\\/gesellschaft\\\/wissenschaft-und-kunst-im-einsatz-fuer-die-demokratie\\\/#breadcrumb\"},\"inLanguage\":\"en-GB\",\"potentialAction\":[{\"@type\":\"ReadAction\",\"target\":[\"https:\\\/\\\/aktuelles.uni-frankfurt.de\\\/gesellschaft\\\/wissenschaft-und-kunst-im-einsatz-fuer-die-demokratie\\\/\"]}]},{\"@type\":\"ImageObject\",\"inLanguage\":\"en-GB\",\"@id\":\"https:\\\/\\\/aktuelles.uni-frankfurt.de\\\/gesellschaft\\\/wissenschaft-und-kunst-im-einsatz-fuer-die-demokratie\\\/#primaryimage\",\"url\":\"https:\\\/\\\/aktuelles.uni-frankfurt.de\\\/wp-content\\\/uploads\\\/2026\\\/02\\\/oper-frankfurt-c-kirsten-bucher.jpg\",\"contentUrl\":\"https:\\\/\\\/aktuelles.uni-frankfurt.de\\\/wp-content\\\/uploads\\\/2026\\\/02\\\/oper-frankfurt-c-kirsten-bucher.jpg\",\"width\":650,\"height\":450,\"caption\":\"Die Oper Frankfurt als Kooperationspartner der Wissenschaft: Unter dem Titel \u201eBr\u00fcche \u2013 Demokratie in Zeiten der Regression\u201c wurde eine gemeinsame Veranstaltungsreihe ins Leben gerufen. Die Initiative ist im Frankfurter Teil des Forschungsverbunds DemoReg angesiedelt. \u00a9 Kirsten Bucher\"},{\"@type\":\"BreadcrumbList\",\"@id\":\"https:\\\/\\\/aktuelles.uni-frankfurt.de\\\/gesellschaft\\\/wissenschaft-und-kunst-im-einsatz-fuer-die-demokratie\\\/#breadcrumb\",\"itemListElement\":[{\"@type\":\"ListItem\",\"position\":1,\"name\":\"Startseite\",\"item\":\"https:\\\/\\\/aktuelles.uni-frankfurt.de\\\/\"},{\"@type\":\"ListItem\",\"position\":2,\"name\":\"Wissenschaft und Kunst im Einsatz f\u00fcr die Demokratie\"}]},{\"@type\":\"WebSite\",\"@id\":\"https:\\\/\\\/aktuelles.uni-frankfurt.de\\\/#website\",\"url\":\"https:\\\/\\\/aktuelles.uni-frankfurt.de\\\/\",\"name\":\"Aktuelles aus der Goethe-Universit\u00e4t Frankfurt\",\"description\":\"Aktuelles aus der Goethe-Universit\u00e4t | Neues aus Forschung, Lehre, Studium\",\"publisher\":{\"@id\":\"https:\\\/\\\/aktuelles.uni-frankfurt.de\\\/#organization\"},\"potentialAction\":[{\"@type\":\"SearchAction\",\"target\":{\"@type\":\"EntryPoint\",\"urlTemplate\":\"https:\\\/\\\/aktuelles.uni-frankfurt.de\\\/?s={search_term_string}\"},\"query-input\":{\"@type\":\"PropertyValueSpecification\",\"valueRequired\":true,\"valueName\":\"search_term_string\"}}],\"inLanguage\":\"en-GB\"},{\"@type\":\"Organization\",\"@id\":\"https:\\\/\\\/aktuelles.uni-frankfurt.de\\\/#organization\",\"name\":\"Goethe-Universit\u00e4t\",\"url\":\"https:\\\/\\\/aktuelles.uni-frankfurt.de\\\/\",\"logo\":{\"@type\":\"ImageObject\",\"inLanguage\":\"en-GB\",\"@id\":\"https:\\\/\\\/aktuelles.uni-frankfurt.de\\\/#\\\/schema\\\/logo\\\/image\\\/\",\"url\":\"https:\\\/\\\/aktuelles.uni-frankfurt.de\\\/wp-content\\\/uploads\\\/2022\\\/03\\\/800px-Goethe-Logo.png\",\"contentUrl\":\"https:\\\/\\\/aktuelles.uni-frankfurt.de\\\/wp-content\\\/uploads\\\/2022\\\/03\\\/800px-Goethe-Logo.png\",\"width\":800,\"height\":436,\"caption\":\"Goethe-Universit\u00e4t\"},\"image\":{\"@id\":\"https:\\\/\\\/aktuelles.uni-frankfurt.de\\\/#\\\/schema\\\/logo\\\/image\\\/\"}},{\"@type\":\"Person\",\"@id\":\"https:\\\/\\\/aktuelles.uni-frankfurt.de\\\/#\\\/schema\\\/person\\\/1b9eb6fa6c6aed90031661dd4e37970d\",\"name\":\"Dr. Anke Sauter\",\"description\":\"Dr. Anke Sauter hat in Bamberg Germanistik, Journalistik und Geografie studiert, mit einer Dissertation \u00fcber den Sprachlehrer und Fremdwortpuristen Eduard Engel wurde sie promoviert. Sie arbeitet als Wissenschaftsredakteurin in der Abteilung Marketing und Kommunikation der Goethe-Universit\u00e4t.\",\"sameAs\":[\"http:\\\/\\\/aktuelles.uni-frankfurt.de\\\/\"],\"url\":\"https:\\\/\\\/aktuelles.uni-frankfurt.de\\\/en\\\/author\\\/dr-ankesauter\\\/\"}]}<\/script>\n<!-- \/ Yoast SEO plugin. -->","yoast_head_json":{"title":"Wissenschaft und Kunst im Einsatz f\u00fcr die Demokratie | Aktuelles aus der Goethe-Universit\u00e4t Frankfurt","robots":{"index":"index","follow":"follow","max-snippet":"max-snippet:-1","max-image-preview":"max-image-preview:large","max-video-preview":"max-video-preview:-1"},"canonical":"https:\/\/aktuelles.uni-frankfurt.de\/en\/gesellschaft\/wissenschaft-und-kunst-im-einsatz-fuer-die-demokratie\/","og_locale":"en_GB","og_type":"article","og_title":"Wissenschaft und Kunst im Einsatz f\u00fcr die Demokratie | Aktuelles aus der Goethe-Universit\u00e4t Frankfurt","og_description":"\u201eBr\u00fcche \u2013 Demokratie in Zeiten der Regression\u201c: Kooperation mit der Oper Frankfurt im Rahmen des Forschungsverbunds DemoReg Wie kann die Demokratie gest\u00e4rkt werden angesichts zunehmender Angriffe von innen und au\u00dfen? [&hellip;]","og_url":"https:\/\/aktuelles.uni-frankfurt.de\/en\/gesellschaft\/wissenschaft-und-kunst-im-einsatz-fuer-die-demokratie\/","og_site_name":"Aktuelles aus der Goethe-Universit\u00e4t Frankfurt","article_published_time":"2026-02-26T11:46:50+00:00","article_modified_time":"2026-02-26T12:26:55+00:00","og_image":[{"width":650,"height":450,"url":"https:\/\/aktuelles.uni-frankfurt.de\/wp-content\/uploads\/2026\/02\/oper-frankfurt-c-kirsten-bucher.jpg","type":"image\/jpeg"}],"author":"Dr. Anke Sauter","twitter_card":"summary_large_image","twitter_misc":{"Written by":"Dr. Anke Sauter","Estimated reading time":"3 minutes"},"schema":{"@context":"https:\/\/schema.org","@graph":[{"@type":"Article","@id":"https:\/\/aktuelles.uni-frankfurt.de\/gesellschaft\/wissenschaft-und-kunst-im-einsatz-fuer-die-demokratie\/#article","isPartOf":{"@id":"https:\/\/aktuelles.uni-frankfurt.de\/gesellschaft\/wissenschaft-und-kunst-im-einsatz-fuer-die-demokratie\/"},"author":{"name":"Dr. Anke Sauter","@id":"https:\/\/aktuelles.uni-frankfurt.de\/#\/schema\/person\/1b9eb6fa6c6aed90031661dd4e37970d"},"headline":"Wissenschaft und Kunst im Einsatz f\u00fcr die Demokratie","datePublished":"2026-02-26T11:46:50+00:00","dateModified":"2026-02-26T12:26:55+00:00","mainEntityOfPage":{"@id":"https:\/\/aktuelles.uni-frankfurt.de\/gesellschaft\/wissenschaft-und-kunst-im-einsatz-fuer-die-demokratie\/"},"wordCount":617,"publisher":{"@id":"https:\/\/aktuelles.uni-frankfurt.de\/#organization"},"image":{"@id":"https:\/\/aktuelles.uni-frankfurt.de\/gesellschaft\/wissenschaft-und-kunst-im-einsatz-fuer-die-demokratie\/#primaryimage"},"thumbnailUrl":"https:\/\/aktuelles.uni-frankfurt.de\/wp-content\/uploads\/2026\/02\/oper-frankfurt-c-kirsten-bucher.jpg","keywords":["Gesellschaftswissenschaften","Philosophie und Geschichtswissenschaften","Sozialwissenschaften"],"articleSection":["Gesellschaft"],"inLanguage":"en-GB"},{"@type":"WebPage","@id":"https:\/\/aktuelles.uni-frankfurt.de\/gesellschaft\/wissenschaft-und-kunst-im-einsatz-fuer-die-demokratie\/","url":"https:\/\/aktuelles.uni-frankfurt.de\/gesellschaft\/wissenschaft-und-kunst-im-einsatz-fuer-die-demokratie\/","name":"Wissenschaft und Kunst im Einsatz f\u00fcr die Demokratie | Aktuelles aus der Goethe-Universit\u00e4t Frankfurt","isPartOf":{"@id":"https:\/\/aktuelles.uni-frankfurt.de\/#website"},"primaryImageOfPage":{"@id":"https:\/\/aktuelles.uni-frankfurt.de\/gesellschaft\/wissenschaft-und-kunst-im-einsatz-fuer-die-demokratie\/#primaryimage"},"image":{"@id":"https:\/\/aktuelles.uni-frankfurt.de\/gesellschaft\/wissenschaft-und-kunst-im-einsatz-fuer-die-demokratie\/#primaryimage"},"thumbnailUrl":"https:\/\/aktuelles.uni-frankfurt.de\/wp-content\/uploads\/2026\/02\/oper-frankfurt-c-kirsten-bucher.jpg","datePublished":"2026-02-26T11:46:50+00:00","dateModified":"2026-02-26T12:26:55+00:00","breadcrumb":{"@id":"https:\/\/aktuelles.uni-frankfurt.de\/gesellschaft\/wissenschaft-und-kunst-im-einsatz-fuer-die-demokratie\/#breadcrumb"},"inLanguage":"en-GB","potentialAction":[{"@type":"ReadAction","target":["https:\/\/aktuelles.uni-frankfurt.de\/gesellschaft\/wissenschaft-und-kunst-im-einsatz-fuer-die-demokratie\/"]}]},{"@type":"ImageObject","inLanguage":"en-GB","@id":"https:\/\/aktuelles.uni-frankfurt.de\/gesellschaft\/wissenschaft-und-kunst-im-einsatz-fuer-die-demokratie\/#primaryimage","url":"https:\/\/aktuelles.uni-frankfurt.de\/wp-content\/uploads\/2026\/02\/oper-frankfurt-c-kirsten-bucher.jpg","contentUrl":"https:\/\/aktuelles.uni-frankfurt.de\/wp-content\/uploads\/2026\/02\/oper-frankfurt-c-kirsten-bucher.jpg","width":650,"height":450,"caption":"Die Oper Frankfurt als Kooperationspartner der Wissenschaft: Unter dem Titel \u201eBr\u00fcche \u2013 Demokratie in Zeiten der Regression\u201c wurde eine gemeinsame Veranstaltungsreihe ins Leben gerufen. Die Initiative ist im Frankfurter Teil des Forschungsverbunds DemoReg angesiedelt. \u00a9 Kirsten Bucher"},{"@type":"BreadcrumbList","@id":"https:\/\/aktuelles.uni-frankfurt.de\/gesellschaft\/wissenschaft-und-kunst-im-einsatz-fuer-die-demokratie\/#breadcrumb","itemListElement":[{"@type":"ListItem","position":1,"name":"Startseite","item":"https:\/\/aktuelles.uni-frankfurt.de\/"},{"@type":"ListItem","position":2,"name":"Wissenschaft und Kunst im Einsatz f\u00fcr die Demokratie"}]},{"@type":"WebSite","@id":"https:\/\/aktuelles.uni-frankfurt.de\/#website","url":"https:\/\/aktuelles.uni-frankfurt.de\/","name":"Aktuelles aus der Goethe-Universit\u00e4t Frankfurt","description":"Aktuelles aus der Goethe-Universit\u00e4t | Neues aus Forschung, Lehre, Studium","publisher":{"@id":"https:\/\/aktuelles.uni-frankfurt.de\/#organization"},"potentialAction":[{"@type":"SearchAction","target":{"@type":"EntryPoint","urlTemplate":"https:\/\/aktuelles.uni-frankfurt.de\/?s={search_term_string}"},"query-input":{"@type":"PropertyValueSpecification","valueRequired":true,"valueName":"search_term_string"}}],"inLanguage":"en-GB"},{"@type":"Organization","@id":"https:\/\/aktuelles.uni-frankfurt.de\/#organization","name":"Goethe University Frankfurt","url":"https:\/\/aktuelles.uni-frankfurt.de\/","logo":{"@type":"ImageObject","inLanguage":"en-GB","@id":"https:\/\/aktuelles.uni-frankfurt.de\/#\/schema\/logo\/image\/","url":"https:\/\/aktuelles.uni-frankfurt.de\/wp-content\/uploads\/2022\/03\/800px-Goethe-Logo.png","contentUrl":"https:\/\/aktuelles.uni-frankfurt.de\/wp-content\/uploads\/2022\/03\/800px-Goethe-Logo.png","width":800,"height":436,"caption":"Goethe-Universit\u00e4t"},"image":{"@id":"https:\/\/aktuelles.uni-frankfurt.de\/#\/schema\/logo\/image\/"}},{"@type":"Person","@id":"https:\/\/aktuelles.uni-frankfurt.de\/#\/schema\/person\/1b9eb6fa6c6aed90031661dd4e37970d","name":"Dr. Anke Sauter","description":"Dr. Anke Sauter hat in Bamberg Germanistik, Journalistik und Geografie studiert, mit einer Dissertation \u00fcber den Sprachlehrer und Fremdwortpuristen Eduard Engel wurde sie promoviert. Sie arbeitet als Wissenschaftsredakteurin in der Abteilung Marketing und Kommunikation der Goethe-Universit\u00e4t.","sameAs":["http:\/\/aktuelles.uni-frankfurt.de\/"],"url":"https:\/\/aktuelles.uni-frankfurt.de\/en\/author\/dr-ankesauter\/"}]}},"_links":{"self":[{"href":"https:\/\/aktuelles.uni-frankfurt.de\/en\/wp-json\/wp\/v2\/posts\/87559","targetHints":{"allow":["GET"]}}],"collection":[{"href":"https:\/\/aktuelles.uni-frankfurt.de\/en\/wp-json\/wp\/v2\/posts"}],"about":[{"href":"https:\/\/aktuelles.uni-frankfurt.de\/en\/wp-json\/wp\/v2\/types\/post"}],"author":[{"embeddable":true,"href":"https:\/\/aktuelles.uni-frankfurt.de\/en\/wp-json\/wp\/v2\/users\/5"}],"replies":[{"embeddable":true,"href":"https:\/\/aktuelles.uni-frankfurt.de\/en\/wp-json\/wp\/v2\/comments?post=87559"}],"version-history":[{"count":0,"href":"https:\/\/aktuelles.uni-frankfurt.de\/en\/wp-json\/wp\/v2\/posts\/87559\/revisions"}],"wp:featuredmedia":[{"embeddable":true,"href":"https:\/\/aktuelles.uni-frankfurt.de\/en\/wp-json\/wp\/v2\/media\/87567"}],"wp:attachment":[{"href":"https:\/\/aktuelles.uni-frankfurt.de\/en\/wp-json\/wp\/v2\/media?parent=87559"}],"wp:term":[{"taxonomy":"category","embeddable":true,"href":"https:\/\/aktuelles.uni-frankfurt.de\/en\/wp-json\/wp\/v2\/categories?post=87559"},{"taxonomy":"post_tag","embeddable":true,"href":"https:\/\/aktuelles.uni-frankfurt.de\/en\/wp-json\/wp\/v2\/tags?post=87559"},{"taxonomy":"post_folder","embeddable":true,"href":"https:\/\/aktuelles.uni-frankfurt.de\/en\/wp-json\/wp\/v2\/post_folder?post=87559"}],"curies":[{"name":"wp","href":"https:\/\/api.w.org\/{rel}","templated":true}]}}