{"id":87566,"date":"2026-02-26T14:59:22","date_gmt":"2026-02-26T13:59:22","guid":{"rendered":"https:\/\/aktuelles.uni-frankfurt.de\/?p=87566"},"modified":"2026-02-27T07:29:39","modified_gmt":"2026-02-27T06:29:39","slug":"wir-haben-erkannt-dass-wir-viel-wirkung-gemeinsam-erreichen-koennen","status":"publish","type":"post","link":"https:\/\/aktuelles.uni-frankfurt.de\/en\/hochschule\/wir-haben-erkannt-dass-wir-viel-wirkung-gemeinsam-erreichen-koennen\/","title":{"rendered":"\u201eWir haben erkannt, dass wir viel Wirkung gemeinsam erreichen k\u00f6nnen\u201c"},"content":{"rendered":"<p><em>Vor zehn Jahren startete das Mercator Science-Policy Fellowship-Programm an den Rhein-Main-Universit\u00e4ten. Das Transferprojekt bringt Wissenschaftler*innen mit Expert*innen aus Politik und Verwaltung in den Austausch. Ende Januar konnten die Fellows an gleich f\u00fcnf Veranstaltungen innerhalb einer Woche teilnehmen (ausf\u00fchrliche Infos dazu im Beitrag \u201e<a href=\"https:\/\/aktuelles.uni-frankfurt.de\/hochschule\/den-austausch-zwischen-wissenschaft-und-policy-welt-systematisch-foerdern\/\">Den Austausch zwischen Wissenschaft und Policy-Welt systematisch f\u00f6rdern<\/a>\u201c). Und bei der Abschlussveranstaltung am 29. Januar wurde deutlich, wie gro\u00df die Wirkung auch bei Begegnungen sein kann, bei denen das Matching zwischen den Gespr\u00e4chspartner*innen zuerst vielleicht ein bisschen schr\u00e4g erschien.<\/em><\/p>\n\n\n\n<div class=\"wp-block-columns is-layout-flex wp-container-core-columns-is-layout-28f84493 wp-block-columns-is-layout-flex\">\n<div class=\"wp-block-column is-layout-flow wp-block-column-is-layout-flow\" style=\"flex-basis:66.66%\">\n<p>Henner Hollert, Professor f\u00fcr \u00d6kotoxikologie, bringt es auf den Punkt: Normalerweise, wenn er mit dem Ministerium zu tun habe, gehe es um Drittmittel, die er f\u00fcr ein Forschungsvorhaben einwerben wolle. Seit er beim Mercator Science Policy Fellowship-Programm der RMU mitgemacht hat, hat Hollert Expert*innen im Ministerium kennengelernt, die mit Blick auf den Umweltschutz \u00e4hnliche Ziele verfolgen wie er selbst, mit denen er sich auch fachlich austauschen kann und die noch weitere Perspektiven aufzeigen k\u00f6nnen. \u201eDas ist das Besondere an diesem Programm: dass wir erkannt haben, wir haben gemeinsame Interessen. Dass man in diesem gesch\u00fctzten Raum Dinge gemeinsam entwickeln und erarbeiten konnte. Und dass wir viel Wirkung gemeinsam erreichen k\u00f6nnen. Das hat mich pers\u00f6nlich sehr begeistert.\u201c<\/p>\n\n\n\n<p>Gemeinsam mit Prof. Mich\u00e8le Knodt, Politikwissenschaftlerin an der TU Darmstadt sowie Dr. Jens Martin K\u00f6nig und Peter Hanisch, beide vom Hessischen Ministerium f\u00fcr Landwirtschaft, Umwelt, Weinbau, Forsten, Jagd und Heimat (HMLU), nahm Hollert teil an einem Podiumsgespr\u00e4ch bei der Abschlussfeier des Mercator Science Policy Fellowship-Programms und des ENGAGEgreen-Projekts, moderiert von Tome Sandevski, dem Koordinator des Programms. Das Thema: die Wirksamkeit des Programms. Was n\u00fctzt den Fellows der Kontakt zu den Wissenschaftler*innen? Und inwieweit hilft der Kontakt in die Praxis den Forschenden, mit ihren Erkenntnissen ein Fachpublikum zu erreichen?<\/p>\n<\/div>\n\n\n\n<div class=\"wp-block-column is-layout-flow wp-block-column-is-layout-flow\" style=\"flex-basis:52%\">\n<p class=\"has-background\" style=\"background-color:#eeeeee\"><strong>Worum geht es?<\/strong> <br>Was kommt dabei heraus, wenn F\u00fchrungskr\u00e4fte aus Politik und Verwaltung mit konkreten Anliegen f\u00fcr ihre Berufspraxis an Wissenschaftler*innen herantreten? Und was nehmen die Wissenschaftler*innen aus so einem Austausch mit?<br><br><strong>F\u00fcr wen ist das interessant?<\/strong> <br>F\u00fcr alle, die sich daf\u00fcr interessieren, wie Forschung aus der Uni in die Gesellschaft kommt.<br><br><strong>Warum ist das f\u00fcr die Rhein-Main-Universit\u00e4ten wichtig?<\/strong> <br>Hochschulen tragen eine gesellschaftliche Verantwortung. Die Rhein-Main-Universit\u00e4ten verstehen dies als konkreten Auftrag, ihr Wissen f\u00fcr Entwicklung, Nachhaltigkeit und Gerechtigkeit zu vermitteln.<\/p>\n<\/div>\n<\/div>\n\n\n\n<div style=\"height:20px\" aria-hidden=\"true\" class=\"wp-block-spacer\"><\/div>\n\n\n\n<figure class=\"wp-block-image size-full\"><img fetchpriority=\"high\" decoding=\"async\" width=\"800\" height=\"238\" src=\"https:\/\/aktuelles.uni-frankfurt.de\/wp-content\/uploads\/2026\/02\/mercator-gruppenbild-2026-c-imke-folkerts.jpg\" alt=\"Vertrauensvolle Zusammenarbeit, lebendiges Netzwerk: Moderiert von Tome Sandevski (ganz links) sprachen (von links) Peter Hanisch, Prof. Henner Hollert, Prof. Mich\u00e8le Knodt, Dr. Jens Martin K\u00f6nig und Prof. Georg Krausch \u00fcber ihre Erfahrungen mit dem Mercator Science Policy Fellowship-Programm und dem ENGAGEgreen-Projekt. \u00a9 Imke Folkerts\" class=\"wp-image-87577\" srcset=\"https:\/\/aktuelles.uni-frankfurt.de\/wp-content\/uploads\/2026\/02\/mercator-gruppenbild-2026-c-imke-folkerts.jpg 800w, https:\/\/aktuelles.uni-frankfurt.de\/wp-content\/uploads\/2026\/02\/mercator-gruppenbild-2026-c-imke-folkerts-300x89.jpg 300w, https:\/\/aktuelles.uni-frankfurt.de\/wp-content\/uploads\/2026\/02\/mercator-gruppenbild-2026-c-imke-folkerts-500x149.jpg 500w, https:\/\/aktuelles.uni-frankfurt.de\/wp-content\/uploads\/2026\/02\/mercator-gruppenbild-2026-c-imke-folkerts-768x228.jpg 768w, https:\/\/aktuelles.uni-frankfurt.de\/wp-content\/uploads\/2026\/02\/mercator-gruppenbild-2026-c-imke-folkerts-18x5.jpg 18w\" sizes=\"(max-width: 800px) 100vw, 800px\" \/><figcaption class=\"wp-element-caption\">Vertrauensvolle Zusammenarbeit, lebendiges Netzwerk: Moderiert von Tome Sandevski (ganz links) sprachen (von links) Peter Hanisch, Prof. Henner Hollert, Prof. Mich\u00e8le Knodt, Dr. Jens Martin K\u00f6nig und Prof. Georg Krausch \u00fcber ihre Erfahrungen mit dem Mercator Science Policy Fellowship-Programm und dem ENGAGEgreen-Projekt. \u00a9 Imke Folkerts<\/figcaption><\/figure>\n\n\n\n<div style=\"height:20px\" aria-hidden=\"true\" class=\"wp-block-spacer\"><\/div>\n\n\n\n<p>Die beiden Vertreter aus dem Umwelt- und Landwirtschaftsministerium berichteten, dass sie von der Teilnahme auf gleich mehreren Ebenen profitieren konnten. Zum Beispiel beim Thema <a href=\"https:\/\/www.bund.net\/chemie\/pfas\/\" target=\"_blank\" rel=\"noreferrer noopener\">PFAS, auch bekannt als Ewigkeitschemikalien<\/a>. Naturgem\u00e4\u00df war Prof. Henner Hollert als Experte f\u00fcr Umweltgifte hier ein wichtiger Ansprechpartner. Gleich mehrere Projekte resultierten aus diesem Kontakt. Unter anderem f\u00fchrten die Frankfurter \u00d6kotoxikologen eine Studie des Landeslabors fort zu PFAs in Coffee to go-Bechern; die wissenschaftliche Publikation dazu wird in K\u00fcrze vorgestellt. Ein wichtiges Anliegen war es den fachlichen Beratern des Ministeriums auch, \u00fcber die Risiken einer Untergruppe der PFAS, die Flourpolymere, zu informieren und eine gesetzliche Regulierung f\u00fcr diese diskutieren zu lassen. Ihren Bericht legten sie vorab den ihnen bekannten Wissenschaftler*innen vor, um die Aussagen verifizieren zu lassen. \u201eDas hat wirklich geholfen und diesem Dokument auch einen Schub gegeben\u201c, berichtet K\u00f6nig.<\/p>\n\n\n\n<p>Wertvoll war das Science-Policy-Netzwerk f\u00fcr die Ministeriums-Fellows auch mit Blick auf den k\u00fcnftigen Umgang mit <a href=\"https:\/\/aktuelles.uni-frankfurt.de\/forschung\/24-000-mal-klimaschaedlicher-als-co2-messungen-der-goethe-universitaet-zeigen-emissionen-des-gases-sf6-in-deutschland\/\">Schwefelhexafluorid (SF6). Das Treibgas ist 24.000 klimasch\u00e4dlicher als Kohlendioxid<\/a>; die Emissionen m\u00fcssen regelm\u00e4\u00dfig an die Vereinten Nationen gemeldet werden. Das Team um Prof. Andreas Engel vom Institut f\u00fcr Atmosph\u00e4re und Umwelt der Goethe-Universit\u00e4t konnte nachweisen, dass durch ein Leck bei einem Industrieunternehmen im Kreis Heilbronn deutlich mehr SF6-Gase auswichen als offiziell angegeben. K\u00f6nig und Hanisch standen bei diesem Thema im engen Austausch mit ihren Kolleg*innen aus Baden-W\u00fcrttemberg. Die Herausforderung: Bisher ist Klimaschutz nicht gesetzlich geregelt. \u201eDas bewegt uns in unserem Arbeitskreis zu <a href=\"https:\/\/www.duh.de\/uploads\/tx_duhdownloads\/F-Gase_Hintergrundpapier.pdf\" target=\"_blank\" rel=\"noreferrer noopener\">F-Gasen<\/a> , da haben wir gro\u00dfe Defizite\u201c, sagt Peter Hanisch. Die Ministeriumskollegen nahmen Kontakt auf mit Prof. Christoph Burchardt, Jurist an der Goethe-Universit\u00e4t. Dieser habe sich viel Zeit genommen f\u00fcr ihre Rechtsprobleme; das Ergebnis: Ein Entwurf f\u00fcr ein F-Gase-Strafrecht, das den Bundesrat bereits durchlaufen hat. Und es geht weiter: Auf Initiative von Burchardt findet am 30. April eine Konferenz zu Klimaschutz und Strafrecht am Campus Westend statt.<\/p>\n\n\n\n<p>Biowissenschaftler Henner Hollert betont indessen, wie sehr auch er als Wissenschaftler vom Austausch mit den Fellows profitiert habe. Der gesch\u00fctzte Raum habe besondere Gespr\u00e4che m\u00f6glich gemacht und er habe durch die Einblicke viel gelernt \u2013 auch, wie er als Forscher gesellschaftlich mehr erreichen k\u00f6nne. Ein Ergebnis der Gespr\u00e4che mit K\u00f6nig und Hanisch zum Beispiel ein <a href=\"https:\/\/de.wikipedia.org\/wiki\/Stakeholder\" target=\"_blank\" rel=\"noreferrer noopener\">Stakeholder<\/a> -Workshop des <a href=\"https:\/\/www.uni-frankfurt.de\/de\/forschung\/forschungsprofil\/sustainability-biodiversity\" target=\"_blank\" rel=\"noreferrer noopener\">Profilbereichs Sustainability &amp; Biodiversity<\/a> gewesen. Und der Schutz von Klima und Umwelt, so Hollert, k\u00f6nne f\u00fcr Unternehmen ja auch ein Pluspunkt im Wettbewerb sein \u2013 bessere Produkte aus Europa als Qualit\u00e4tssiegel.<\/p>\n\n\n\n<p>Auch Prof. Mich\u00e8le Knodt unterstreicht den Nutzen, der sich f\u00fcr ihre Arbeit durch das Programm ergeben habe. Angesichts der gro\u00dfen Probleme heute wolle sie als Politikwissenschaftlerin mit ihrer Forschung einen Beitrag leisten. Aber Wirkung entfalte sich vor allem, wenn sie die relevanten Akteure kenne und wisse, wo sie ansetzen und ihre Erkenntnisse \u201eunter die Leute\u201c bringen k\u00f6nne. Dar\u00fcber hinaus w\u00fcrden neue Ideen manchmal gerade da entstehen, wo das Fellow-Matching auf den ersten Blick vom Fach her gar nicht so richtig passe \u2013 \u201ewir sind immer so slightly daneben\u201c, sagt Knodt mit einem Lachen. \u201eDann kommt man ins Gespr\u00e4ch, und auf einmal entstehen die ganzen Ankn\u00fcpfungspunkte von selbst. Teils bringen uns die Fellows auch in Kontakt mit Kolleg*innen aus ihrer Organisation, die wiederum zu unseren Themen arbeiten.\u201c Der gesch\u00fctzte Raum mache einen Unterschied, aber auch, dass dieser Raum weiter gefasst sei als sonst in ihrer Arbeit. \u201eMan muss sich auf andere Gespr\u00e4chspartner*innen als sonst einlassen. Dann tauchen neue Impulse auf und man denkt: Spannend, dar\u00fcber habe ich noch nicht nachgedacht, k\u00f6nnte aber ein Thema f\u00fcr meine Forschung sein. Das sind die Momente, die einen auch in der Forschung weiterbringen.\u201c<\/p>\n\n\n\n<div style=\"height:20px\" aria-hidden=\"true\" class=\"wp-block-spacer\"><\/div>\n\n\n\n<div style=\"height:20px\" aria-hidden=\"true\" class=\"wp-block-spacer\"><\/div>\n\n\n\n<p class=\"has-background\" style=\"background-color:#eeeeee\"><strong>Gut zu wissen<\/strong><br>Was bedeutet der Begriff \u201ePolicy\u201c? Policy steht in der Politikwissenschaft f\u00fcr die inhaltliche Dimension in der Politik, zum Beispiel konkrete politische Initiativen oder Ziele, die erreicht werden sollen. (vgl. <a href=\"https:\/\/www.bpb.de\/lernen\/inklusiv-politisch-bilden\/505260\/politik-als-kern-der-politischen-bildung\/\" target=\"_blank\" rel=\"noreferrer noopener\">Bundeszentrale f\u00fcr politische Bildung<\/a>)<br><br>Die Fellows: Wer die Fellows im aktuellen, abschlie\u00dfenden Jahrgang des <a href=\"https:\/\/www.uni-frankfurt.de\/65041415\/Fellows\" target=\"_blank\" rel=\"noreferrer noopener\">Mercator Science-Policy Fellowship-Programms sind und wer ansonsten seit 2016 dabei war\u2192<\/a><br><br>Umfassende Informationen zum <a href=\"https:\/\/www.uni-frankfurt.de\/61510805\/Das_Mercator_Science_Policy_Fellowship_Programm\" target=\"_blank\" rel=\"noreferrer noopener\">Mercator Science-Policy Fellowship-Programm\u2192<\/a><\/p>\n\n\n\n<div style=\"height:20px\" aria-hidden=\"true\" class=\"wp-block-spacer\"><\/div>\n\n\n\n<figure class=\"wp-block-image alignleft size-full is-resized\"><img decoding=\"async\" width=\"450\" height=\"650\" src=\"https:\/\/aktuelles.uni-frankfurt.de\/wp-content\/uploads\/2026\/02\/tome-sandevski-c-uwe-dettmar.jpg\" alt=\"Tome Sandevski \u00a9 Uwe Dettmar\" class=\"wp-image-87570\" style=\"width:260px\" srcset=\"https:\/\/aktuelles.uni-frankfurt.de\/wp-content\/uploads\/2026\/02\/tome-sandevski-c-uwe-dettmar.jpg 450w, https:\/\/aktuelles.uni-frankfurt.de\/wp-content\/uploads\/2026\/02\/tome-sandevski-c-uwe-dettmar-208x300.jpg 208w, https:\/\/aktuelles.uni-frankfurt.de\/wp-content\/uploads\/2026\/02\/tome-sandevski-c-uwe-dettmar-346x500.jpg 346w, https:\/\/aktuelles.uni-frankfurt.de\/wp-content\/uploads\/2026\/02\/tome-sandevski-c-uwe-dettmar-8x12.jpg 8w\" sizes=\"(max-width: 450px) 100vw, 450px\" \/><figcaption class=\"wp-element-caption\">Tome Sandevski \u00a9 Uwe Dettmar<\/figcaption><\/figure>\n\n\n\n<p class=\"has-background\" style=\"background-color:#eeeeee\">\u201eWir haben mit dem Programm eine sehr diverse Teilnehmendengruppe hinsichtlich ihrer Vorkenntnisse, Themeninteressen und Kommunikationskulturen erreicht. Das war gro\u00dfartig! Nach einigen hundert organisierten Gespr\u00e4chen habe ich f\u00fcr mich erkannt, dass es weder die \u201aWissenschaft\u2018 noch die \u201aPolitik\u2018 noch die \u201aVerwaltung\u2018 als solche gibt. Die Handlungslogiken und Wissensbedarfe der jeweils anderen Seite zu verstehen, braucht Zeit. Zeit, die h\u00e4ufig im Alltagsgesch\u00e4ft in Wissenschaft und Praxis fehlt. Ich w\u00fcnsche mir, dass wir den Austausch zwischen Wissenschaft und Praxis langfristig denken, um Vertrauensbeziehungen zwischen den beiden Welten aufbauen zu k\u00f6nnen.\u201c<\/p>","protected":false},"excerpt":{"rendered":"<p>Vor zehn Jahren startete das Mercator Science-Policy Fellowship-Programm an den Rhein-Main-Universit\u00e4ten. Das Transferprojekt bringt Wissenschaftler*innen mit Expert*innen aus Politik und Verwaltung in den Austausch. Ende Januar konnten die Fellows an [&hellip;]<\/p>\n","protected":false},"author":32,"featured_media":87578,"comment_status":"closed","ping_status":"closed","sticky":false,"template":"","format":"standard","meta":{"_eb_attr":"","_price":"","_stock":"","_tribe_ticket_header":"","_tribe_default_ticket_provider":"","_ticket_start_date":"","_ticket_end_date":"","_tribe_ticket_show_description":"","_tribe_ticket_show_not_going":false,"_tribe_ticket_use_global_stock":"","_tribe_ticket_global_stock_level":"","_global_stock_mode":"","_global_stock_cap":"","_tribe_rsvp_for_event":"","_tribe_ticket_going_count":"","_tribe_ticket_not_going_count":"","_tribe_tickets_list":"[]","_tribe_ticket_has_attendee_info_fields":false,"footnotes":""},"categories":[8],"tags":[52,305],"post_folder":[],"class_list":["post-87566","post","type-post","status-publish","format-standard","has-post-thumbnail","hentry","category-hochschule","tag-rmu","tag-transfer"],"yoast_head":"<!-- This site is optimized with the Yoast SEO plugin v27.5 - https:\/\/yoast.com\/product\/yoast-seo-wordpress\/ -->\n<title>\u201eWir haben erkannt, dass wir viel Wirkung gemeinsam erreichen k\u00f6nnen\u201c | Aktuelles aus der Goethe-Universit\u00e4t Frankfurt<\/title>\n<meta name=\"robots\" content=\"index, follow, max-snippet:-1, max-image-preview:large, max-video-preview:-1\" \/>\n<link rel=\"canonical\" href=\"https:\/\/aktuelles.uni-frankfurt.de\/en\/hochschule\/wir-haben-erkannt-dass-wir-viel-wirkung-gemeinsam-erreichen-koennen\/\" \/>\n<meta property=\"og:locale\" content=\"en_GB\" \/>\n<meta property=\"og:type\" content=\"article\" \/>\n<meta property=\"og:title\" content=\"\u201eWir haben erkannt, dass wir viel Wirkung gemeinsam erreichen k\u00f6nnen\u201c | Aktuelles aus der Goethe-Universit\u00e4t Frankfurt\" \/>\n<meta property=\"og:description\" content=\"Vor zehn Jahren startete das Mercator Science-Policy Fellowship-Programm an den Rhein-Main-Universit\u00e4ten. Das Transferprojekt bringt Wissenschaftler*innen mit Expert*innen aus Politik und Verwaltung in den Austausch. Ende Januar konnten die Fellows an [&hellip;]\" \/>\n<meta property=\"og:url\" content=\"https:\/\/aktuelles.uni-frankfurt.de\/en\/hochschule\/wir-haben-erkannt-dass-wir-viel-wirkung-gemeinsam-erreichen-koennen\/\" \/>\n<meta property=\"og:site_name\" content=\"Aktuelles aus der Goethe-Universit\u00e4t Frankfurt\" \/>\n<meta property=\"article:published_time\" content=\"2026-02-26T13:59:22+00:00\" \/>\n<meta property=\"article:modified_time\" content=\"2026-02-27T06:29:39+00:00\" \/>\n<meta property=\"og:image\" content=\"https:\/\/aktuelles.uni-frankfurt.de\/wp-content\/uploads\/2026\/02\/mercator-gruppenbild-2026-c-imke-folkerts-650x450px.jpg\" \/>\n\t<meta property=\"og:image:width\" content=\"650\" \/>\n\t<meta property=\"og:image:height\" content=\"450\" \/>\n\t<meta property=\"og:image:type\" content=\"image\/jpeg\" \/>\n<meta name=\"author\" content=\"Imke Folkerts\" \/>\n<meta name=\"twitter:card\" content=\"summary_large_image\" \/>\n<meta name=\"twitter:label1\" content=\"Written by\" \/>\n\t<meta name=\"twitter:data1\" content=\"Imke Folkerts\" \/>\n\t<meta name=\"twitter:label2\" content=\"Estimated reading time\" \/>\n\t<meta name=\"twitter:data2\" content=\"6 minutes\" \/>\n<script type=\"application\/ld+json\" class=\"yoast-schema-graph\">{\"@context\":\"https:\\\/\\\/schema.org\",\"@graph\":[{\"@type\":\"Article\",\"@id\":\"https:\\\/\\\/aktuelles.uni-frankfurt.de\\\/hochschule\\\/wir-haben-erkannt-dass-wir-viel-wirkung-gemeinsam-erreichen-koennen\\\/#article\",\"isPartOf\":{\"@id\":\"https:\\\/\\\/aktuelles.uni-frankfurt.de\\\/hochschule\\\/wir-haben-erkannt-dass-wir-viel-wirkung-gemeinsam-erreichen-koennen\\\/\"},\"author\":{\"name\":\"Imke Folkerts\",\"@id\":\"https:\\\/\\\/aktuelles.uni-frankfurt.de\\\/#\\\/schema\\\/person\\\/6524b804db6cb97d31df57d9a387b007\"},\"headline\":\"\u201eWir haben erkannt, dass wir viel Wirkung gemeinsam erreichen k\u00f6nnen\u201c\",\"datePublished\":\"2026-02-26T13:59:22+00:00\",\"dateModified\":\"2026-02-27T06:29:39+00:00\",\"mainEntityOfPage\":{\"@id\":\"https:\\\/\\\/aktuelles.uni-frankfurt.de\\\/hochschule\\\/wir-haben-erkannt-dass-wir-viel-wirkung-gemeinsam-erreichen-koennen\\\/\"},\"wordCount\":1231,\"publisher\":{\"@id\":\"https:\\\/\\\/aktuelles.uni-frankfurt.de\\\/#organization\"},\"image\":{\"@id\":\"https:\\\/\\\/aktuelles.uni-frankfurt.de\\\/hochschule\\\/wir-haben-erkannt-dass-wir-viel-wirkung-gemeinsam-erreichen-koennen\\\/#primaryimage\"},\"thumbnailUrl\":\"https:\\\/\\\/aktuelles.uni-frankfurt.de\\\/wp-content\\\/uploads\\\/2026\\\/02\\\/mercator-gruppenbild-2026-c-imke-folkerts-650x450px.jpg\",\"keywords\":[\"RMU\",\"Transfer\"],\"articleSection\":[\"Hochschule\"],\"inLanguage\":\"en-GB\"},{\"@type\":\"WebPage\",\"@id\":\"https:\\\/\\\/aktuelles.uni-frankfurt.de\\\/hochschule\\\/wir-haben-erkannt-dass-wir-viel-wirkung-gemeinsam-erreichen-koennen\\\/\",\"url\":\"https:\\\/\\\/aktuelles.uni-frankfurt.de\\\/hochschule\\\/wir-haben-erkannt-dass-wir-viel-wirkung-gemeinsam-erreichen-koennen\\\/\",\"name\":\"\u201eWir haben erkannt, dass wir viel Wirkung gemeinsam erreichen k\u00f6nnen\u201c | Aktuelles aus der Goethe-Universit\u00e4t Frankfurt\",\"isPartOf\":{\"@id\":\"https:\\\/\\\/aktuelles.uni-frankfurt.de\\\/#website\"},\"primaryImageOfPage\":{\"@id\":\"https:\\\/\\\/aktuelles.uni-frankfurt.de\\\/hochschule\\\/wir-haben-erkannt-dass-wir-viel-wirkung-gemeinsam-erreichen-koennen\\\/#primaryimage\"},\"image\":{\"@id\":\"https:\\\/\\\/aktuelles.uni-frankfurt.de\\\/hochschule\\\/wir-haben-erkannt-dass-wir-viel-wirkung-gemeinsam-erreichen-koennen\\\/#primaryimage\"},\"thumbnailUrl\":\"https:\\\/\\\/aktuelles.uni-frankfurt.de\\\/wp-content\\\/uploads\\\/2026\\\/02\\\/mercator-gruppenbild-2026-c-imke-folkerts-650x450px.jpg\",\"datePublished\":\"2026-02-26T13:59:22+00:00\",\"dateModified\":\"2026-02-27T06:29:39+00:00\",\"breadcrumb\":{\"@id\":\"https:\\\/\\\/aktuelles.uni-frankfurt.de\\\/hochschule\\\/wir-haben-erkannt-dass-wir-viel-wirkung-gemeinsam-erreichen-koennen\\\/#breadcrumb\"},\"inLanguage\":\"en-GB\",\"potentialAction\":[{\"@type\":\"ReadAction\",\"target\":[\"https:\\\/\\\/aktuelles.uni-frankfurt.de\\\/hochschule\\\/wir-haben-erkannt-dass-wir-viel-wirkung-gemeinsam-erreichen-koennen\\\/\"]}]},{\"@type\":\"ImageObject\",\"inLanguage\":\"en-GB\",\"@id\":\"https:\\\/\\\/aktuelles.uni-frankfurt.de\\\/hochschule\\\/wir-haben-erkannt-dass-wir-viel-wirkung-gemeinsam-erreichen-koennen\\\/#primaryimage\",\"url\":\"https:\\\/\\\/aktuelles.uni-frankfurt.de\\\/wp-content\\\/uploads\\\/2026\\\/02\\\/mercator-gruppenbild-2026-c-imke-folkerts-650x450px.jpg\",\"contentUrl\":\"https:\\\/\\\/aktuelles.uni-frankfurt.de\\\/wp-content\\\/uploads\\\/2026\\\/02\\\/mercator-gruppenbild-2026-c-imke-folkerts-650x450px.jpg\",\"width\":650,\"height\":450,\"caption\":\"Prof. Mich\u00e8le Knodt und Dr. Jens Martin K\u00f6nig \u00a9 Imke Folkerts\"},{\"@type\":\"BreadcrumbList\",\"@id\":\"https:\\\/\\\/aktuelles.uni-frankfurt.de\\\/hochschule\\\/wir-haben-erkannt-dass-wir-viel-wirkung-gemeinsam-erreichen-koennen\\\/#breadcrumb\",\"itemListElement\":[{\"@type\":\"ListItem\",\"position\":1,\"name\":\"Startseite\",\"item\":\"https:\\\/\\\/aktuelles.uni-frankfurt.de\\\/\"},{\"@type\":\"ListItem\",\"position\":2,\"name\":\"\u201eWir haben erkannt, dass wir viel Wirkung gemeinsam erreichen k\u00f6nnen\u201c\"}]},{\"@type\":\"WebSite\",\"@id\":\"https:\\\/\\\/aktuelles.uni-frankfurt.de\\\/#website\",\"url\":\"https:\\\/\\\/aktuelles.uni-frankfurt.de\\\/\",\"name\":\"Aktuelles aus der Goethe-Universit\u00e4t Frankfurt\",\"description\":\"Aktuelles aus der Goethe-Universit\u00e4t | Neues aus Forschung, Lehre, Studium\",\"publisher\":{\"@id\":\"https:\\\/\\\/aktuelles.uni-frankfurt.de\\\/#organization\"},\"potentialAction\":[{\"@type\":\"SearchAction\",\"target\":{\"@type\":\"EntryPoint\",\"urlTemplate\":\"https:\\\/\\\/aktuelles.uni-frankfurt.de\\\/?s={search_term_string}\"},\"query-input\":{\"@type\":\"PropertyValueSpecification\",\"valueRequired\":true,\"valueName\":\"search_term_string\"}}],\"inLanguage\":\"en-GB\"},{\"@type\":\"Organization\",\"@id\":\"https:\\\/\\\/aktuelles.uni-frankfurt.de\\\/#organization\",\"name\":\"Goethe-Universit\u00e4t\",\"url\":\"https:\\\/\\\/aktuelles.uni-frankfurt.de\\\/\",\"logo\":{\"@type\":\"ImageObject\",\"inLanguage\":\"en-GB\",\"@id\":\"https:\\\/\\\/aktuelles.uni-frankfurt.de\\\/#\\\/schema\\\/logo\\\/image\\\/\",\"url\":\"https:\\\/\\\/aktuelles.uni-frankfurt.de\\\/wp-content\\\/uploads\\\/2022\\\/03\\\/800px-Goethe-Logo.png\",\"contentUrl\":\"https:\\\/\\\/aktuelles.uni-frankfurt.de\\\/wp-content\\\/uploads\\\/2022\\\/03\\\/800px-Goethe-Logo.png\",\"width\":800,\"height\":436,\"caption\":\"Goethe-Universit\u00e4t\"},\"image\":{\"@id\":\"https:\\\/\\\/aktuelles.uni-frankfurt.de\\\/#\\\/schema\\\/logo\\\/image\\\/\"}},{\"@type\":\"Person\",\"@id\":\"https:\\\/\\\/aktuelles.uni-frankfurt.de\\\/#\\\/schema\\\/person\\\/6524b804db6cb97d31df57d9a387b007\",\"name\":\"Imke Folkerts\",\"url\":\"https:\\\/\\\/aktuelles.uni-frankfurt.de\\\/en\\\/author\\\/imkefolkerts\\\/\"}]}<\/script>\n<!-- \/ Yoast SEO plugin. -->","yoast_head_json":{"title":"\u201eWir haben erkannt, dass wir viel Wirkung gemeinsam erreichen k\u00f6nnen\u201c | Aktuelles aus der Goethe-Universit\u00e4t Frankfurt","robots":{"index":"index","follow":"follow","max-snippet":"max-snippet:-1","max-image-preview":"max-image-preview:large","max-video-preview":"max-video-preview:-1"},"canonical":"https:\/\/aktuelles.uni-frankfurt.de\/en\/hochschule\/wir-haben-erkannt-dass-wir-viel-wirkung-gemeinsam-erreichen-koennen\/","og_locale":"en_GB","og_type":"article","og_title":"\u201eWir haben erkannt, dass wir viel Wirkung gemeinsam erreichen k\u00f6nnen\u201c | Aktuelles aus der Goethe-Universit\u00e4t Frankfurt","og_description":"Vor zehn Jahren startete das Mercator Science-Policy Fellowship-Programm an den Rhein-Main-Universit\u00e4ten. Das Transferprojekt bringt Wissenschaftler*innen mit Expert*innen aus Politik und Verwaltung in den Austausch. Ende Januar konnten die Fellows an [&hellip;]","og_url":"https:\/\/aktuelles.uni-frankfurt.de\/en\/hochschule\/wir-haben-erkannt-dass-wir-viel-wirkung-gemeinsam-erreichen-koennen\/","og_site_name":"Aktuelles aus der Goethe-Universit\u00e4t Frankfurt","article_published_time":"2026-02-26T13:59:22+00:00","article_modified_time":"2026-02-27T06:29:39+00:00","og_image":[{"width":650,"height":450,"url":"https:\/\/aktuelles.uni-frankfurt.de\/wp-content\/uploads\/2026\/02\/mercator-gruppenbild-2026-c-imke-folkerts-650x450px.jpg","type":"image\/jpeg"}],"author":"Imke Folkerts","twitter_card":"summary_large_image","twitter_misc":{"Written by":"Imke Folkerts","Estimated reading time":"6 minutes"},"schema":{"@context":"https:\/\/schema.org","@graph":[{"@type":"Article","@id":"https:\/\/aktuelles.uni-frankfurt.de\/hochschule\/wir-haben-erkannt-dass-wir-viel-wirkung-gemeinsam-erreichen-koennen\/#article","isPartOf":{"@id":"https:\/\/aktuelles.uni-frankfurt.de\/hochschule\/wir-haben-erkannt-dass-wir-viel-wirkung-gemeinsam-erreichen-koennen\/"},"author":{"name":"Imke Folkerts","@id":"https:\/\/aktuelles.uni-frankfurt.de\/#\/schema\/person\/6524b804db6cb97d31df57d9a387b007"},"headline":"\u201eWir haben erkannt, dass wir viel Wirkung gemeinsam erreichen k\u00f6nnen\u201c","datePublished":"2026-02-26T13:59:22+00:00","dateModified":"2026-02-27T06:29:39+00:00","mainEntityOfPage":{"@id":"https:\/\/aktuelles.uni-frankfurt.de\/hochschule\/wir-haben-erkannt-dass-wir-viel-wirkung-gemeinsam-erreichen-koennen\/"},"wordCount":1231,"publisher":{"@id":"https:\/\/aktuelles.uni-frankfurt.de\/#organization"},"image":{"@id":"https:\/\/aktuelles.uni-frankfurt.de\/hochschule\/wir-haben-erkannt-dass-wir-viel-wirkung-gemeinsam-erreichen-koennen\/#primaryimage"},"thumbnailUrl":"https:\/\/aktuelles.uni-frankfurt.de\/wp-content\/uploads\/2026\/02\/mercator-gruppenbild-2026-c-imke-folkerts-650x450px.jpg","keywords":["RMU","Transfer"],"articleSection":["Hochschule"],"inLanguage":"en-GB"},{"@type":"WebPage","@id":"https:\/\/aktuelles.uni-frankfurt.de\/hochschule\/wir-haben-erkannt-dass-wir-viel-wirkung-gemeinsam-erreichen-koennen\/","url":"https:\/\/aktuelles.uni-frankfurt.de\/hochschule\/wir-haben-erkannt-dass-wir-viel-wirkung-gemeinsam-erreichen-koennen\/","name":"\u201eWir haben erkannt, dass wir viel Wirkung gemeinsam erreichen k\u00f6nnen\u201c | Aktuelles aus der Goethe-Universit\u00e4t Frankfurt","isPartOf":{"@id":"https:\/\/aktuelles.uni-frankfurt.de\/#website"},"primaryImageOfPage":{"@id":"https:\/\/aktuelles.uni-frankfurt.de\/hochschule\/wir-haben-erkannt-dass-wir-viel-wirkung-gemeinsam-erreichen-koennen\/#primaryimage"},"image":{"@id":"https:\/\/aktuelles.uni-frankfurt.de\/hochschule\/wir-haben-erkannt-dass-wir-viel-wirkung-gemeinsam-erreichen-koennen\/#primaryimage"},"thumbnailUrl":"https:\/\/aktuelles.uni-frankfurt.de\/wp-content\/uploads\/2026\/02\/mercator-gruppenbild-2026-c-imke-folkerts-650x450px.jpg","datePublished":"2026-02-26T13:59:22+00:00","dateModified":"2026-02-27T06:29:39+00:00","breadcrumb":{"@id":"https:\/\/aktuelles.uni-frankfurt.de\/hochschule\/wir-haben-erkannt-dass-wir-viel-wirkung-gemeinsam-erreichen-koennen\/#breadcrumb"},"inLanguage":"en-GB","potentialAction":[{"@type":"ReadAction","target":["https:\/\/aktuelles.uni-frankfurt.de\/hochschule\/wir-haben-erkannt-dass-wir-viel-wirkung-gemeinsam-erreichen-koennen\/"]}]},{"@type":"ImageObject","inLanguage":"en-GB","@id":"https:\/\/aktuelles.uni-frankfurt.de\/hochschule\/wir-haben-erkannt-dass-wir-viel-wirkung-gemeinsam-erreichen-koennen\/#primaryimage","url":"https:\/\/aktuelles.uni-frankfurt.de\/wp-content\/uploads\/2026\/02\/mercator-gruppenbild-2026-c-imke-folkerts-650x450px.jpg","contentUrl":"https:\/\/aktuelles.uni-frankfurt.de\/wp-content\/uploads\/2026\/02\/mercator-gruppenbild-2026-c-imke-folkerts-650x450px.jpg","width":650,"height":450,"caption":"Prof. Mich\u00e8le Knodt und Dr. Jens Martin K\u00f6nig \u00a9 Imke Folkerts"},{"@type":"BreadcrumbList","@id":"https:\/\/aktuelles.uni-frankfurt.de\/hochschule\/wir-haben-erkannt-dass-wir-viel-wirkung-gemeinsam-erreichen-koennen\/#breadcrumb","itemListElement":[{"@type":"ListItem","position":1,"name":"Startseite","item":"https:\/\/aktuelles.uni-frankfurt.de\/"},{"@type":"ListItem","position":2,"name":"\u201eWir haben erkannt, dass wir viel Wirkung gemeinsam erreichen k\u00f6nnen\u201c"}]},{"@type":"WebSite","@id":"https:\/\/aktuelles.uni-frankfurt.de\/#website","url":"https:\/\/aktuelles.uni-frankfurt.de\/","name":"Aktuelles aus der Goethe-Universit\u00e4t Frankfurt","description":"Aktuelles aus der Goethe-Universit\u00e4t | Neues aus Forschung, Lehre, Studium","publisher":{"@id":"https:\/\/aktuelles.uni-frankfurt.de\/#organization"},"potentialAction":[{"@type":"SearchAction","target":{"@type":"EntryPoint","urlTemplate":"https:\/\/aktuelles.uni-frankfurt.de\/?s={search_term_string}"},"query-input":{"@type":"PropertyValueSpecification","valueRequired":true,"valueName":"search_term_string"}}],"inLanguage":"en-GB"},{"@type":"Organization","@id":"https:\/\/aktuelles.uni-frankfurt.de\/#organization","name":"Goethe University Frankfurt","url":"https:\/\/aktuelles.uni-frankfurt.de\/","logo":{"@type":"ImageObject","inLanguage":"en-GB","@id":"https:\/\/aktuelles.uni-frankfurt.de\/#\/schema\/logo\/image\/","url":"https:\/\/aktuelles.uni-frankfurt.de\/wp-content\/uploads\/2022\/03\/800px-Goethe-Logo.png","contentUrl":"https:\/\/aktuelles.uni-frankfurt.de\/wp-content\/uploads\/2022\/03\/800px-Goethe-Logo.png","width":800,"height":436,"caption":"Goethe-Universit\u00e4t"},"image":{"@id":"https:\/\/aktuelles.uni-frankfurt.de\/#\/schema\/logo\/image\/"}},{"@type":"Person","@id":"https:\/\/aktuelles.uni-frankfurt.de\/#\/schema\/person\/6524b804db6cb97d31df57d9a387b007","name":"Imke Folkerts","url":"https:\/\/aktuelles.uni-frankfurt.de\/en\/author\/imkefolkerts\/"}]}},"_links":{"self":[{"href":"https:\/\/aktuelles.uni-frankfurt.de\/en\/wp-json\/wp\/v2\/posts\/87566","targetHints":{"allow":["GET"]}}],"collection":[{"href":"https:\/\/aktuelles.uni-frankfurt.de\/en\/wp-json\/wp\/v2\/posts"}],"about":[{"href":"https:\/\/aktuelles.uni-frankfurt.de\/en\/wp-json\/wp\/v2\/types\/post"}],"author":[{"embeddable":true,"href":"https:\/\/aktuelles.uni-frankfurt.de\/en\/wp-json\/wp\/v2\/users\/32"}],"replies":[{"embeddable":true,"href":"https:\/\/aktuelles.uni-frankfurt.de\/en\/wp-json\/wp\/v2\/comments?post=87566"}],"version-history":[{"count":0,"href":"https:\/\/aktuelles.uni-frankfurt.de\/en\/wp-json\/wp\/v2\/posts\/87566\/revisions"}],"wp:featuredmedia":[{"embeddable":true,"href":"https:\/\/aktuelles.uni-frankfurt.de\/en\/wp-json\/wp\/v2\/media\/87578"}],"wp:attachment":[{"href":"https:\/\/aktuelles.uni-frankfurt.de\/en\/wp-json\/wp\/v2\/media?parent=87566"}],"wp:term":[{"taxonomy":"category","embeddable":true,"href":"https:\/\/aktuelles.uni-frankfurt.de\/en\/wp-json\/wp\/v2\/categories?post=87566"},{"taxonomy":"post_tag","embeddable":true,"href":"https:\/\/aktuelles.uni-frankfurt.de\/en\/wp-json\/wp\/v2\/tags?post=87566"},{"taxonomy":"post_folder","embeddable":true,"href":"https:\/\/aktuelles.uni-frankfurt.de\/en\/wp-json\/wp\/v2\/post_folder?post=87566"}],"curies":[{"name":"wp","href":"https:\/\/api.w.org\/{rel}","templated":true}]}}