{"id":87585,"date":"2026-02-27T13:31:25","date_gmt":"2026-02-27T12:31:25","guid":{"rendered":"https:\/\/aktuelles.uni-frankfurt.de\/?p=87585"},"modified":"2026-02-27T13:54:08","modified_gmt":"2026-02-27T12:54:08","slug":"eine-partnerschaft-fuer-biodiversitaetsforschung-in-costa-rica","status":"publish","type":"post","link":"https:\/\/aktuelles.uni-frankfurt.de\/en\/forschung\/eine-partnerschaft-fuer-biodiversitaetsforschung-in-costa-rica\/","title":{"rendered":"Eine Partnerschaft f\u00fcr Biodiversit\u00e4tsforschung in Costa Rica"},"content":{"rendered":"<p><em>Bundesforschungsministerium f\u00f6rdert gemeinsame biologische Forschung von Goethe-Universit\u00e4t und Universidad de Costa Rica<\/em><\/p>\n\n\n\n<p><strong><strong>Mit vereinten Kr\u00e4ften erforschen Wissenschaftlerinnen und Wissenschaftler aus Deutschland und aus Costa Rica k\u00fcnftig die Artenvielfalt in dem lateinamerikanischen Land. Prof. Meike Piepenbring, Pilzforscherin an der Goethe-Universit\u00e4t, hat beim Bundesministerium f\u00fcr Forschung, Technologie und Raumfahrt (BMFTR) erfolgreich ein Projekt beantragt: F\u00fcr die Anbahnung der Partnerschaft flie\u00dfen in den n\u00e4chsten drei Jahren 450.000 Euro.<\/strong><\/strong><\/p>\n\n\n\n<div style=\"height:20px\" aria-hidden=\"true\" class=\"wp-block-spacer\"><\/div>\n\n\n\n<figure class=\"wp-block-image aligncenter size-full\"><img fetchpriority=\"high\" decoding=\"async\" width=\"650\" height=\"450\" src=\"https:\/\/aktuelles.uni-frankfurt.de\/wp-content\/uploads\/2026\/02\/beitragsbild-01-Wald-Finca-Alexis-Costa-Rica-Sept-2024-6.jpg\" alt=\"\" class=\"wp-image-87588\" srcset=\"https:\/\/aktuelles.uni-frankfurt.de\/wp-content\/uploads\/2026\/02\/beitragsbild-01-Wald-Finca-Alexis-Costa-Rica-Sept-2024-6.jpg 650w, https:\/\/aktuelles.uni-frankfurt.de\/wp-content\/uploads\/2026\/02\/beitragsbild-01-Wald-Finca-Alexis-Costa-Rica-Sept-2024-6-300x208.jpg 300w, https:\/\/aktuelles.uni-frankfurt.de\/wp-content\/uploads\/2026\/02\/beitragsbild-01-Wald-Finca-Alexis-Costa-Rica-Sept-2024-6-500x346.jpg 500w, https:\/\/aktuelles.uni-frankfurt.de\/wp-content\/uploads\/2026\/02\/beitragsbild-01-Wald-Finca-Alexis-Costa-Rica-Sept-2024-6-18x12.jpg 18w\" sizes=\"(max-width: 650px) 100vw, 650px\" \/><figcaption class=\"wp-element-caption\">Blick von unten in die Baumkronen eines Tieflandwalds in Costa Rica. (Foto: Piepenbring)<\/figcaption><\/figure>\n\n\n\n<div style=\"height:20px\" aria-hidden=\"true\" class=\"wp-block-spacer\"><\/div>\n\n\n\n<p>Costa Rica liegt in einem Hotspot der Biodiversit\u00e4t von Pilzen, Pflanzen und Tieren, die in vielf\u00e4ltiger Weise zusammenleben. Diese Vielfalt besser kennenzulernen und sie somit auch besser sch\u00fctzen zu k\u00f6nnen, daf\u00fcr soll im Projekt GeCoBio (German-Costa Rican Network for Tropical Biodiversity Research) eine langfristige Partnerstruktur zwischen der Goethe-Universit\u00e4t Frankfurt und der Universidad de Costa Rica (UCR) eingerichtet werden. 450.000 Euro f\u00fcr drei Jahre hat Meike Piepenbring, Professorin am Institut f\u00fcr \u00d6kologie, Evolution und Diversit\u00e4t, beim Bundesministerium f\u00fcr Forschung, Technologie und Raumfahrt (BMFTR) f\u00fcr diesen Zweck eingeworben. Das Geld wird verwendet, um ein Konzept f\u00fcr die Partnerschaft zu entwickeln, entsprechende Vertr\u00e4ge vorzubereiten und Begegnungen zwischen Wissenschaftlerinnen und Wissenschaftlern aus Costa Rica und Deutschland zu erm\u00f6glichen. Diese k\u00f6nnen dann \u2013 auch unter Einbeziehung anderer Experten \u2013 gemeinsame Forschungsideen generieren und in die Tat umsetzen.<\/p>\n\n\n\n<p>Der Verlust der biologischen Vielfalt ist eine dringende Herausforderung f\u00fcr den globalen Erhalt gesunder \u00d6kosysteme und das langfristige gesellschaftliche Wohlergehen. Gleichzeitig ist die biologische Vielfalt in dieser Region noch nicht ann\u00e4hernd vollst\u00e4ndig erfasst, und so wei\u00df man auch wenig \u00fcber den Zustand der unterschiedlichen Arten \u2013 geschweige denn, wie man sie gegen Bedrohungen sch\u00fctzen kann. \u201eWir m\u00fcssen unsere Bem\u00fchungen auf diesem Gebiet dringend intensivieren\u201c, sagt Piepenbring. Zwar seien in Costa Rica 25 Prozent der Fl\u00e4che gesch\u00fctzt, dennoch komme es weiterhin zu schweren Waldsch\u00e4den \u2013 vor allem durch die Umwandlung von Fl\u00e4chen mit Prim\u00e4rw\u00e4ldern zu Weiden oder Siedlungen.<\/p>\n\n\n\n<div style=\"height:20px\" aria-hidden=\"true\" class=\"wp-block-spacer\"><\/div>\n\n\n\n<figure class=\"wp-block-image aligncenter size-full\"><img decoding=\"async\" width=\"650\" height=\"450\" src=\"https:\/\/aktuelles.uni-frankfurt.de\/wp-content\/uploads\/2026\/02\/beitragsbild-2_Cubamyces-Trametes-menziesii-La-Gamba-Costa-Rica-Aug-2023-5.jpg\" alt=\"\" class=\"wp-image-87590\" srcset=\"https:\/\/aktuelles.uni-frankfurt.de\/wp-content\/uploads\/2026\/02\/beitragsbild-2_Cubamyces-Trametes-menziesii-La-Gamba-Costa-Rica-Aug-2023-5.jpg 650w, https:\/\/aktuelles.uni-frankfurt.de\/wp-content\/uploads\/2026\/02\/beitragsbild-2_Cubamyces-Trametes-menziesii-La-Gamba-Costa-Rica-Aug-2023-5-300x208.jpg 300w, https:\/\/aktuelles.uni-frankfurt.de\/wp-content\/uploads\/2026\/02\/beitragsbild-2_Cubamyces-Trametes-menziesii-La-Gamba-Costa-Rica-Aug-2023-5-500x346.jpg 500w, https:\/\/aktuelles.uni-frankfurt.de\/wp-content\/uploads\/2026\/02\/beitragsbild-2_Cubamyces-Trametes-menziesii-La-Gamba-Costa-Rica-Aug-2023-5-18x12.jpg 18w\" sizes=\"(max-width: 650px) 100vw, 650px\" \/><figcaption class=\"wp-element-caption\">Eine Tramete (Cubamyces menziesii) an totem Holz in Costa Rica. (Foto: Piepenbring)<\/figcaption><\/figure>\n\n\n\n<div style=\"height:20px\" aria-hidden=\"true\" class=\"wp-block-spacer\"><\/div>\n\n\n\n<p>Im neu eingeworbenen Projekt sollen vielf\u00e4ltige Themen rund um Biodiversit\u00e4t und Naturschutz von costaricanischen und deutschen Biologen gemeinsam erforscht werden. Mit der Universidad de Costa Rica habe man einen Partner auf hohem Niveau, was Ausstattung, Ausbildung und Qualifikation angeht \u2013 exzellent f\u00fcr die gemeinsame Biodiversit\u00e4tsforschung, freut sich Piepenbring. Gleich in der ersten Phase der Projektf\u00f6rderung wird es eine Expedition in den Urwald geben. Piepenbring ist \u00fcberzeugt: \u201eSelbst vor Ort zu sein, das \u00f6ffnet einem die Augen f\u00fcr die biologische Vielfalt und ist wichtig f\u00fcr gute kollegiale Beziehungen.\u201c Die Pilzforscherin hat schon als Doktorandin in Costa Rica geforscht und war seit 1992 mehrfach im Land. Ihre Partnerin in Costa Rica, Professorin Melissa Mardones, kennt die Goethe-Universit\u00e4t, da sie hier promoviert wurde und danach mehrfach f\u00fcr Forschungsaufenthalte nach Frankfurt kam. Im Antrag vorgesehen sind zwei Pilot-Forschungsprojekte zur Vielfalt von Pilzen in Costa Rica sowie der Aufbau einer Stammsammlung von lebenden Mikroorganismen in Kultur. Eine solche Stammsammlung ist wichtig, damit Forschende, die St\u00e4mme von Mikroorganismen aus Costa Rica heraus exportieren m\u00f6chten, den Vorschriften entsprechend Kopien der St\u00e4mme in Costa Rica lassen k\u00f6nnen. Das Projekt soll Forscherinnen und Forscher auch bei der Beantragung von Sammel- und Exportgenehmigungen unterst\u00fctzen.<\/p>\n\n\n\n<div style=\"height:20px\" aria-hidden=\"true\" class=\"wp-block-spacer\"><\/div>\n\n\n\n<figure class=\"wp-block-image aligncenter size-full\"><img decoding=\"async\" width=\"650\" height=\"450\" src=\"https:\/\/aktuelles.uni-frankfurt.de\/wp-content\/uploads\/2026\/02\/beitragsbild-3_Raupe-Mirador-trail-La-Gamba-Costa-Rica-Sept-2024-80.jpg\" alt=\"\" class=\"wp-image-87591\" srcset=\"https:\/\/aktuelles.uni-frankfurt.de\/wp-content\/uploads\/2026\/02\/beitragsbild-3_Raupe-Mirador-trail-La-Gamba-Costa-Rica-Sept-2024-80.jpg 650w, https:\/\/aktuelles.uni-frankfurt.de\/wp-content\/uploads\/2026\/02\/beitragsbild-3_Raupe-Mirador-trail-La-Gamba-Costa-Rica-Sept-2024-80-300x208.jpg 300w, https:\/\/aktuelles.uni-frankfurt.de\/wp-content\/uploads\/2026\/02\/beitragsbild-3_Raupe-Mirador-trail-La-Gamba-Costa-Rica-Sept-2024-80-500x346.jpg 500w, https:\/\/aktuelles.uni-frankfurt.de\/wp-content\/uploads\/2026\/02\/beitragsbild-3_Raupe-Mirador-trail-La-Gamba-Costa-Rica-Sept-2024-80-18x12.jpg 18w\" sizes=\"(max-width: 650px) 100vw, 650px\" \/><figcaption class=\"wp-element-caption\">Eine Raupe im Tieflandsregenwald von Costa Rica. (Foto: Piepenbring)<\/figcaption><\/figure>\n\n\n\n<div style=\"height:20px\" aria-hidden=\"true\" class=\"wp-block-spacer\"><\/div>\n\n\n\n<p>Im Rahmen der Strategie zur Internationalisierung von Bildung, Wissenschaft und Forschung f\u00f6rdert die Bundesregierung Projekte in der Forschungs- und Innovationszusammenarbeit mit Lateinamerika und der Karibik \u2013 mit dem Ziel, langfristig bestehende bilaterale Forschungsstrukturen zu schaffen. Die Themen konnten in den Bereichen Rohstoffe, Biodiversit\u00e4t oder Klima verortet sein. Mehr als 100 Antr\u00e4ge sind auf den F\u00f6rderaufruf hineingegangen, zw\u00f6lf wurden bewilligt \u2013 darunter das von Piepenbring eingereichte Projekt GeCoBio. An der Goethe-Universit\u00e4t ist die Biodiversit\u00e4tsforschung an den Fachbereichen Biowissenschaften und Geowissenschaften sowie in Kooperation mit der Senckenbergischen Gesellschaft f\u00fcr Naturforschung traditionell sehr gut aufgestellt. Sie ist an der Goethe-Universit\u00e4t verankert im Profilbereich \u201eBiodiversity and Sustainability\u201c sowie im Frankfurter Raum durch BioFrankfurt e.V und international durch das Frankfurt Conservation Center.<\/p>\n\n\n\n<div style=\"height:20px\" aria-hidden=\"true\" class=\"wp-block-spacer\"><\/div>\n\n\n\n<p class=\"has-background\" style=\"background-color:#eeeeee\"><strong>Publikation<\/strong>: Mardones M, Uma\u00f1ana Tenorio L, Granados Montero M del M, Mata Hidalgo M, Ruiz-Boyer A, Piepenbring M, Minter D, Coto-L\u00f3pez C, Carranza Vel\u00e1squez J (2024) The first annotated checklist of Costa Rican fungi. Funga Latina 2:V2A7.<\/p>\n\n\n\n<div style=\"height:20px\" aria-hidden=\"true\" class=\"wp-block-spacer\"><\/div>\n\n\n\n<p><strong>Weitere Informationen<br><\/strong>Prof. Dr. Meike Piepenbring<br>Institut f\u00fcr \u00d6kologie,&nbsp; Evolution und Diversit\u00e4t<br>Goethe University Frankfurt<br>Telefon 069 798-42222<br>E-Mail piepenbring@bio.uni-frankfurt.de<\/p>\n\n\n\n<p><a href=\"https:\/\/biofrankfurt.de\">https:\/\/biofrankfurt.de<\/a><br><a href=\"https:\/\/frankfurtconservation.org\/de\">https:\/\/frankfurtconservation.org\/de<\/a><\/p>\n\n\n\n<p><\/p>","protected":false},"excerpt":{"rendered":"<p>Bundesforschungsministerium f\u00f6rdert gemeinsame biologische Forschung von Goethe-Universit\u00e4t und Universidad de Costa Rica Mit vereinten Kr\u00e4ften erforschen Wissenschaftlerinnen und Wissenschaftler aus Deutschland und aus Costa Rica k\u00fcnftig die Artenvielfalt in dem [&hellip;]<\/p>\n","protected":false},"author":5,"featured_media":87588,"comment_status":"closed","ping_status":"closed","sticky":false,"template":"","format":"standard","meta":{"_eb_attr":"","_price":"","_stock":"","_tribe_ticket_header":"","_tribe_default_ticket_provider":"","_ticket_start_date":"","_ticket_end_date":"","_tribe_ticket_show_description":"","_tribe_ticket_show_not_going":false,"_tribe_ticket_use_global_stock":"","_tribe_ticket_global_stock_level":"","_global_stock_mode":"","_global_stock_cap":"","_tribe_rsvp_for_event":"","_tribe_ticket_going_count":"","_tribe_ticket_not_going_count":"","_tribe_tickets_list":"[]","_tribe_ticket_has_attendee_info_fields":false,"footnotes":""},"categories":[3],"tags":[35],"post_folder":[],"class_list":["post-87585","post","type-post","status-publish","format-standard","has-post-thumbnail","hentry","category-forschung","tag-biowissenschaften"],"yoast_head":"<!-- This site is optimized with the Yoast SEO plugin v27.5 - https:\/\/yoast.com\/product\/yoast-seo-wordpress\/ -->\n<title>Eine Partnerschaft f\u00fcr Biodiversit\u00e4tsforschung in Costa Rica | Aktuelles aus der Goethe-Universit\u00e4t Frankfurt<\/title>\n<meta name=\"robots\" content=\"index, follow, max-snippet:-1, max-image-preview:large, max-video-preview:-1\" \/>\n<link rel=\"canonical\" href=\"https:\/\/aktuelles.uni-frankfurt.de\/en\/forschung\/eine-partnerschaft-fuer-biodiversitaetsforschung-in-costa-rica\/\" \/>\n<meta property=\"og:locale\" content=\"en_GB\" \/>\n<meta property=\"og:type\" content=\"article\" \/>\n<meta property=\"og:title\" content=\"Eine Partnerschaft f\u00fcr Biodiversit\u00e4tsforschung in Costa Rica | Aktuelles aus der Goethe-Universit\u00e4t Frankfurt\" \/>\n<meta property=\"og:description\" content=\"Bundesforschungsministerium f\u00f6rdert gemeinsame biologische Forschung von Goethe-Universit\u00e4t und Universidad de Costa Rica Mit vereinten Kr\u00e4ften erforschen Wissenschaftlerinnen und Wissenschaftler aus Deutschland und aus Costa Rica k\u00fcnftig die Artenvielfalt in dem [&hellip;]\" \/>\n<meta property=\"og:url\" content=\"https:\/\/aktuelles.uni-frankfurt.de\/en\/forschung\/eine-partnerschaft-fuer-biodiversitaetsforschung-in-costa-rica\/\" \/>\n<meta property=\"og:site_name\" content=\"Aktuelles aus der Goethe-Universit\u00e4t Frankfurt\" \/>\n<meta property=\"article:published_time\" content=\"2026-02-27T12:31:25+00:00\" \/>\n<meta property=\"article:modified_time\" content=\"2026-02-27T12:54:08+00:00\" \/>\n<meta property=\"og:image\" content=\"https:\/\/aktuelles.uni-frankfurt.de\/wp-content\/uploads\/2026\/02\/beitragsbild-01-Wald-Finca-Alexis-Costa-Rica-Sept-2024-6.jpg\" \/>\n\t<meta property=\"og:image:width\" content=\"650\" \/>\n\t<meta property=\"og:image:height\" content=\"450\" \/>\n\t<meta property=\"og:image:type\" content=\"image\/jpeg\" \/>\n<meta name=\"author\" content=\"Dr. Anke Sauter\" \/>\n<meta name=\"twitter:card\" content=\"summary_large_image\" \/>\n<meta name=\"twitter:label1\" content=\"Written by\" \/>\n\t<meta name=\"twitter:data1\" content=\"Dr. Anke Sauter\" \/>\n\t<meta name=\"twitter:label2\" content=\"Estimated reading time\" \/>\n\t<meta name=\"twitter:data2\" content=\"4 minutes\" \/>\n<script type=\"application\/ld+json\" class=\"yoast-schema-graph\">{\"@context\":\"https:\\\/\\\/schema.org\",\"@graph\":[{\"@type\":\"Article\",\"@id\":\"https:\\\/\\\/aktuelles.uni-frankfurt.de\\\/forschung\\\/eine-partnerschaft-fuer-biodiversitaetsforschung-in-costa-rica\\\/#article\",\"isPartOf\":{\"@id\":\"https:\\\/\\\/aktuelles.uni-frankfurt.de\\\/forschung\\\/eine-partnerschaft-fuer-biodiversitaetsforschung-in-costa-rica\\\/\"},\"author\":{\"name\":\"Dr. Anke Sauter\",\"@id\":\"https:\\\/\\\/aktuelles.uni-frankfurt.de\\\/#\\\/schema\\\/person\\\/1b9eb6fa6c6aed90031661dd4e37970d\"},\"headline\":\"Eine Partnerschaft f\u00fcr Biodiversit\u00e4tsforschung in Costa Rica\",\"datePublished\":\"2026-02-27T12:31:25+00:00\",\"dateModified\":\"2026-02-27T12:54:08+00:00\",\"mainEntityOfPage\":{\"@id\":\"https:\\\/\\\/aktuelles.uni-frankfurt.de\\\/forschung\\\/eine-partnerschaft-fuer-biodiversitaetsforschung-in-costa-rica\\\/\"},\"wordCount\":767,\"publisher\":{\"@id\":\"https:\\\/\\\/aktuelles.uni-frankfurt.de\\\/#organization\"},\"image\":{\"@id\":\"https:\\\/\\\/aktuelles.uni-frankfurt.de\\\/forschung\\\/eine-partnerschaft-fuer-biodiversitaetsforschung-in-costa-rica\\\/#primaryimage\"},\"thumbnailUrl\":\"https:\\\/\\\/aktuelles.uni-frankfurt.de\\\/wp-content\\\/uploads\\\/2026\\\/02\\\/beitragsbild-01-Wald-Finca-Alexis-Costa-Rica-Sept-2024-6.jpg\",\"keywords\":[\"Biowissenschaften\"],\"articleSection\":[\"Forschung\"],\"inLanguage\":\"en-GB\"},{\"@type\":\"WebPage\",\"@id\":\"https:\\\/\\\/aktuelles.uni-frankfurt.de\\\/forschung\\\/eine-partnerschaft-fuer-biodiversitaetsforschung-in-costa-rica\\\/\",\"url\":\"https:\\\/\\\/aktuelles.uni-frankfurt.de\\\/forschung\\\/eine-partnerschaft-fuer-biodiversitaetsforschung-in-costa-rica\\\/\",\"name\":\"Eine Partnerschaft f\u00fcr Biodiversit\u00e4tsforschung in Costa Rica | Aktuelles aus der Goethe-Universit\u00e4t Frankfurt\",\"isPartOf\":{\"@id\":\"https:\\\/\\\/aktuelles.uni-frankfurt.de\\\/#website\"},\"primaryImageOfPage\":{\"@id\":\"https:\\\/\\\/aktuelles.uni-frankfurt.de\\\/forschung\\\/eine-partnerschaft-fuer-biodiversitaetsforschung-in-costa-rica\\\/#primaryimage\"},\"image\":{\"@id\":\"https:\\\/\\\/aktuelles.uni-frankfurt.de\\\/forschung\\\/eine-partnerschaft-fuer-biodiversitaetsforschung-in-costa-rica\\\/#primaryimage\"},\"thumbnailUrl\":\"https:\\\/\\\/aktuelles.uni-frankfurt.de\\\/wp-content\\\/uploads\\\/2026\\\/02\\\/beitragsbild-01-Wald-Finca-Alexis-Costa-Rica-Sept-2024-6.jpg\",\"datePublished\":\"2026-02-27T12:31:25+00:00\",\"dateModified\":\"2026-02-27T12:54:08+00:00\",\"breadcrumb\":{\"@id\":\"https:\\\/\\\/aktuelles.uni-frankfurt.de\\\/forschung\\\/eine-partnerschaft-fuer-biodiversitaetsforschung-in-costa-rica\\\/#breadcrumb\"},\"inLanguage\":\"en-GB\",\"potentialAction\":[{\"@type\":\"ReadAction\",\"target\":[\"https:\\\/\\\/aktuelles.uni-frankfurt.de\\\/forschung\\\/eine-partnerschaft-fuer-biodiversitaetsforschung-in-costa-rica\\\/\"]}]},{\"@type\":\"ImageObject\",\"inLanguage\":\"en-GB\",\"@id\":\"https:\\\/\\\/aktuelles.uni-frankfurt.de\\\/forschung\\\/eine-partnerschaft-fuer-biodiversitaetsforschung-in-costa-rica\\\/#primaryimage\",\"url\":\"https:\\\/\\\/aktuelles.uni-frankfurt.de\\\/wp-content\\\/uploads\\\/2026\\\/02\\\/beitragsbild-01-Wald-Finca-Alexis-Costa-Rica-Sept-2024-6.jpg\",\"contentUrl\":\"https:\\\/\\\/aktuelles.uni-frankfurt.de\\\/wp-content\\\/uploads\\\/2026\\\/02\\\/beitragsbild-01-Wald-Finca-Alexis-Costa-Rica-Sept-2024-6.jpg\",\"width\":650,\"height\":450,\"caption\":\"Blick von unten in die Baumkronen eines Tieflandwalds in Costa Rica. (Foto: Piepenbring)\"},{\"@type\":\"BreadcrumbList\",\"@id\":\"https:\\\/\\\/aktuelles.uni-frankfurt.de\\\/forschung\\\/eine-partnerschaft-fuer-biodiversitaetsforschung-in-costa-rica\\\/#breadcrumb\",\"itemListElement\":[{\"@type\":\"ListItem\",\"position\":1,\"name\":\"Startseite\",\"item\":\"https:\\\/\\\/aktuelles.uni-frankfurt.de\\\/\"},{\"@type\":\"ListItem\",\"position\":2,\"name\":\"Eine Partnerschaft f\u00fcr Biodiversit\u00e4tsforschung in Costa Rica\"}]},{\"@type\":\"WebSite\",\"@id\":\"https:\\\/\\\/aktuelles.uni-frankfurt.de\\\/#website\",\"url\":\"https:\\\/\\\/aktuelles.uni-frankfurt.de\\\/\",\"name\":\"Aktuelles aus der Goethe-Universit\u00e4t Frankfurt\",\"description\":\"Aktuelles aus der Goethe-Universit\u00e4t | Neues aus Forschung, Lehre, Studium\",\"publisher\":{\"@id\":\"https:\\\/\\\/aktuelles.uni-frankfurt.de\\\/#organization\"},\"potentialAction\":[{\"@type\":\"SearchAction\",\"target\":{\"@type\":\"EntryPoint\",\"urlTemplate\":\"https:\\\/\\\/aktuelles.uni-frankfurt.de\\\/?s={search_term_string}\"},\"query-input\":{\"@type\":\"PropertyValueSpecification\",\"valueRequired\":true,\"valueName\":\"search_term_string\"}}],\"inLanguage\":\"en-GB\"},{\"@type\":\"Organization\",\"@id\":\"https:\\\/\\\/aktuelles.uni-frankfurt.de\\\/#organization\",\"name\":\"Goethe-Universit\u00e4t\",\"url\":\"https:\\\/\\\/aktuelles.uni-frankfurt.de\\\/\",\"logo\":{\"@type\":\"ImageObject\",\"inLanguage\":\"en-GB\",\"@id\":\"https:\\\/\\\/aktuelles.uni-frankfurt.de\\\/#\\\/schema\\\/logo\\\/image\\\/\",\"url\":\"https:\\\/\\\/aktuelles.uni-frankfurt.de\\\/wp-content\\\/uploads\\\/2022\\\/03\\\/800px-Goethe-Logo.png\",\"contentUrl\":\"https:\\\/\\\/aktuelles.uni-frankfurt.de\\\/wp-content\\\/uploads\\\/2022\\\/03\\\/800px-Goethe-Logo.png\",\"width\":800,\"height\":436,\"caption\":\"Goethe-Universit\u00e4t\"},\"image\":{\"@id\":\"https:\\\/\\\/aktuelles.uni-frankfurt.de\\\/#\\\/schema\\\/logo\\\/image\\\/\"}},{\"@type\":\"Person\",\"@id\":\"https:\\\/\\\/aktuelles.uni-frankfurt.de\\\/#\\\/schema\\\/person\\\/1b9eb6fa6c6aed90031661dd4e37970d\",\"name\":\"Dr. Anke Sauter\",\"description\":\"Dr. Anke Sauter hat in Bamberg Germanistik, Journalistik und Geografie studiert, mit einer Dissertation \u00fcber den Sprachlehrer und Fremdwortpuristen Eduard Engel wurde sie promoviert. Sie arbeitet als Wissenschaftsredakteurin in der Abteilung Marketing und Kommunikation der Goethe-Universit\u00e4t.\",\"sameAs\":[\"http:\\\/\\\/aktuelles.uni-frankfurt.de\\\/\"],\"url\":\"https:\\\/\\\/aktuelles.uni-frankfurt.de\\\/en\\\/author\\\/dr-ankesauter\\\/\"}]}<\/script>\n<!-- \/ Yoast SEO plugin. -->","yoast_head_json":{"title":"Eine Partnerschaft f\u00fcr Biodiversit\u00e4tsforschung in Costa Rica | Aktuelles aus der Goethe-Universit\u00e4t Frankfurt","robots":{"index":"index","follow":"follow","max-snippet":"max-snippet:-1","max-image-preview":"max-image-preview:large","max-video-preview":"max-video-preview:-1"},"canonical":"https:\/\/aktuelles.uni-frankfurt.de\/en\/forschung\/eine-partnerschaft-fuer-biodiversitaetsforschung-in-costa-rica\/","og_locale":"en_GB","og_type":"article","og_title":"Eine Partnerschaft f\u00fcr Biodiversit\u00e4tsforschung in Costa Rica | Aktuelles aus der Goethe-Universit\u00e4t Frankfurt","og_description":"Bundesforschungsministerium f\u00f6rdert gemeinsame biologische Forschung von Goethe-Universit\u00e4t und Universidad de Costa Rica Mit vereinten Kr\u00e4ften erforschen Wissenschaftlerinnen und Wissenschaftler aus Deutschland und aus Costa Rica k\u00fcnftig die Artenvielfalt in dem [&hellip;]","og_url":"https:\/\/aktuelles.uni-frankfurt.de\/en\/forschung\/eine-partnerschaft-fuer-biodiversitaetsforschung-in-costa-rica\/","og_site_name":"Aktuelles aus der Goethe-Universit\u00e4t Frankfurt","article_published_time":"2026-02-27T12:31:25+00:00","article_modified_time":"2026-02-27T12:54:08+00:00","og_image":[{"width":650,"height":450,"url":"https:\/\/aktuelles.uni-frankfurt.de\/wp-content\/uploads\/2026\/02\/beitragsbild-01-Wald-Finca-Alexis-Costa-Rica-Sept-2024-6.jpg","type":"image\/jpeg"}],"author":"Dr. Anke Sauter","twitter_card":"summary_large_image","twitter_misc":{"Written by":"Dr. Anke Sauter","Estimated reading time":"4 minutes"},"schema":{"@context":"https:\/\/schema.org","@graph":[{"@type":"Article","@id":"https:\/\/aktuelles.uni-frankfurt.de\/forschung\/eine-partnerschaft-fuer-biodiversitaetsforschung-in-costa-rica\/#article","isPartOf":{"@id":"https:\/\/aktuelles.uni-frankfurt.de\/forschung\/eine-partnerschaft-fuer-biodiversitaetsforschung-in-costa-rica\/"},"author":{"name":"Dr. Anke Sauter","@id":"https:\/\/aktuelles.uni-frankfurt.de\/#\/schema\/person\/1b9eb6fa6c6aed90031661dd4e37970d"},"headline":"Eine Partnerschaft f\u00fcr Biodiversit\u00e4tsforschung in Costa Rica","datePublished":"2026-02-27T12:31:25+00:00","dateModified":"2026-02-27T12:54:08+00:00","mainEntityOfPage":{"@id":"https:\/\/aktuelles.uni-frankfurt.de\/forschung\/eine-partnerschaft-fuer-biodiversitaetsforschung-in-costa-rica\/"},"wordCount":767,"publisher":{"@id":"https:\/\/aktuelles.uni-frankfurt.de\/#organization"},"image":{"@id":"https:\/\/aktuelles.uni-frankfurt.de\/forschung\/eine-partnerschaft-fuer-biodiversitaetsforschung-in-costa-rica\/#primaryimage"},"thumbnailUrl":"https:\/\/aktuelles.uni-frankfurt.de\/wp-content\/uploads\/2026\/02\/beitragsbild-01-Wald-Finca-Alexis-Costa-Rica-Sept-2024-6.jpg","keywords":["Biowissenschaften"],"articleSection":["Forschung"],"inLanguage":"en-GB"},{"@type":"WebPage","@id":"https:\/\/aktuelles.uni-frankfurt.de\/forschung\/eine-partnerschaft-fuer-biodiversitaetsforschung-in-costa-rica\/","url":"https:\/\/aktuelles.uni-frankfurt.de\/forschung\/eine-partnerschaft-fuer-biodiversitaetsforschung-in-costa-rica\/","name":"Eine Partnerschaft f\u00fcr Biodiversit\u00e4tsforschung in Costa Rica | Aktuelles aus der Goethe-Universit\u00e4t Frankfurt","isPartOf":{"@id":"https:\/\/aktuelles.uni-frankfurt.de\/#website"},"primaryImageOfPage":{"@id":"https:\/\/aktuelles.uni-frankfurt.de\/forschung\/eine-partnerschaft-fuer-biodiversitaetsforschung-in-costa-rica\/#primaryimage"},"image":{"@id":"https:\/\/aktuelles.uni-frankfurt.de\/forschung\/eine-partnerschaft-fuer-biodiversitaetsforschung-in-costa-rica\/#primaryimage"},"thumbnailUrl":"https:\/\/aktuelles.uni-frankfurt.de\/wp-content\/uploads\/2026\/02\/beitragsbild-01-Wald-Finca-Alexis-Costa-Rica-Sept-2024-6.jpg","datePublished":"2026-02-27T12:31:25+00:00","dateModified":"2026-02-27T12:54:08+00:00","breadcrumb":{"@id":"https:\/\/aktuelles.uni-frankfurt.de\/forschung\/eine-partnerschaft-fuer-biodiversitaetsforschung-in-costa-rica\/#breadcrumb"},"inLanguage":"en-GB","potentialAction":[{"@type":"ReadAction","target":["https:\/\/aktuelles.uni-frankfurt.de\/forschung\/eine-partnerschaft-fuer-biodiversitaetsforschung-in-costa-rica\/"]}]},{"@type":"ImageObject","inLanguage":"en-GB","@id":"https:\/\/aktuelles.uni-frankfurt.de\/forschung\/eine-partnerschaft-fuer-biodiversitaetsforschung-in-costa-rica\/#primaryimage","url":"https:\/\/aktuelles.uni-frankfurt.de\/wp-content\/uploads\/2026\/02\/beitragsbild-01-Wald-Finca-Alexis-Costa-Rica-Sept-2024-6.jpg","contentUrl":"https:\/\/aktuelles.uni-frankfurt.de\/wp-content\/uploads\/2026\/02\/beitragsbild-01-Wald-Finca-Alexis-Costa-Rica-Sept-2024-6.jpg","width":650,"height":450,"caption":"Blick von unten in die Baumkronen eines Tieflandwalds in Costa Rica. (Foto: Piepenbring)"},{"@type":"BreadcrumbList","@id":"https:\/\/aktuelles.uni-frankfurt.de\/forschung\/eine-partnerschaft-fuer-biodiversitaetsforschung-in-costa-rica\/#breadcrumb","itemListElement":[{"@type":"ListItem","position":1,"name":"Startseite","item":"https:\/\/aktuelles.uni-frankfurt.de\/"},{"@type":"ListItem","position":2,"name":"Eine Partnerschaft f\u00fcr Biodiversit\u00e4tsforschung in Costa Rica"}]},{"@type":"WebSite","@id":"https:\/\/aktuelles.uni-frankfurt.de\/#website","url":"https:\/\/aktuelles.uni-frankfurt.de\/","name":"Aktuelles aus der Goethe-Universit\u00e4t Frankfurt","description":"Aktuelles aus der Goethe-Universit\u00e4t | Neues aus Forschung, Lehre, Studium","publisher":{"@id":"https:\/\/aktuelles.uni-frankfurt.de\/#organization"},"potentialAction":[{"@type":"SearchAction","target":{"@type":"EntryPoint","urlTemplate":"https:\/\/aktuelles.uni-frankfurt.de\/?s={search_term_string}"},"query-input":{"@type":"PropertyValueSpecification","valueRequired":true,"valueName":"search_term_string"}}],"inLanguage":"en-GB"},{"@type":"Organization","@id":"https:\/\/aktuelles.uni-frankfurt.de\/#organization","name":"Goethe University Frankfurt","url":"https:\/\/aktuelles.uni-frankfurt.de\/","logo":{"@type":"ImageObject","inLanguage":"en-GB","@id":"https:\/\/aktuelles.uni-frankfurt.de\/#\/schema\/logo\/image\/","url":"https:\/\/aktuelles.uni-frankfurt.de\/wp-content\/uploads\/2022\/03\/800px-Goethe-Logo.png","contentUrl":"https:\/\/aktuelles.uni-frankfurt.de\/wp-content\/uploads\/2022\/03\/800px-Goethe-Logo.png","width":800,"height":436,"caption":"Goethe-Universit\u00e4t"},"image":{"@id":"https:\/\/aktuelles.uni-frankfurt.de\/#\/schema\/logo\/image\/"}},{"@type":"Person","@id":"https:\/\/aktuelles.uni-frankfurt.de\/#\/schema\/person\/1b9eb6fa6c6aed90031661dd4e37970d","name":"Dr. Anke Sauter","description":"Dr. Anke Sauter hat in Bamberg Germanistik, Journalistik und Geografie studiert, mit einer Dissertation \u00fcber den Sprachlehrer und Fremdwortpuristen Eduard Engel wurde sie promoviert. Sie arbeitet als Wissenschaftsredakteurin in der Abteilung Marketing und Kommunikation der Goethe-Universit\u00e4t.","sameAs":["http:\/\/aktuelles.uni-frankfurt.de\/"],"url":"https:\/\/aktuelles.uni-frankfurt.de\/en\/author\/dr-ankesauter\/"}]}},"_links":{"self":[{"href":"https:\/\/aktuelles.uni-frankfurt.de\/en\/wp-json\/wp\/v2\/posts\/87585","targetHints":{"allow":["GET"]}}],"collection":[{"href":"https:\/\/aktuelles.uni-frankfurt.de\/en\/wp-json\/wp\/v2\/posts"}],"about":[{"href":"https:\/\/aktuelles.uni-frankfurt.de\/en\/wp-json\/wp\/v2\/types\/post"}],"author":[{"embeddable":true,"href":"https:\/\/aktuelles.uni-frankfurt.de\/en\/wp-json\/wp\/v2\/users\/5"}],"replies":[{"embeddable":true,"href":"https:\/\/aktuelles.uni-frankfurt.de\/en\/wp-json\/wp\/v2\/comments?post=87585"}],"version-history":[{"count":0,"href":"https:\/\/aktuelles.uni-frankfurt.de\/en\/wp-json\/wp\/v2\/posts\/87585\/revisions"}],"wp:featuredmedia":[{"embeddable":true,"href":"https:\/\/aktuelles.uni-frankfurt.de\/en\/wp-json\/wp\/v2\/media\/87588"}],"wp:attachment":[{"href":"https:\/\/aktuelles.uni-frankfurt.de\/en\/wp-json\/wp\/v2\/media?parent=87585"}],"wp:term":[{"taxonomy":"category","embeddable":true,"href":"https:\/\/aktuelles.uni-frankfurt.de\/en\/wp-json\/wp\/v2\/categories?post=87585"},{"taxonomy":"post_tag","embeddable":true,"href":"https:\/\/aktuelles.uni-frankfurt.de\/en\/wp-json\/wp\/v2\/tags?post=87585"},{"taxonomy":"post_folder","embeddable":true,"href":"https:\/\/aktuelles.uni-frankfurt.de\/en\/wp-json\/wp\/v2\/post_folder?post=87585"}],"curies":[{"name":"wp","href":"https:\/\/api.w.org\/{rel}","templated":true}]}}