{"id":87594,"date":"2026-03-02T09:06:37","date_gmt":"2026-03-02T08:06:37","guid":{"rendered":"https:\/\/aktuelles.uni-frankfurt.de\/?p=87594"},"modified":"2026-03-05T11:19:09","modified_gmt":"2026-03-05T10:19:09","slug":"berufliche-ausbildung-gemeinsamer-bewerbertag-mit-der-agentur-fuer-arbeit","status":"publish","type":"post","link":"https:\/\/aktuelles.uni-frankfurt.de\/en\/hochschule\/berufliche-ausbildung-gemeinsamer-bewerbertag-mit-der-agentur-fuer-arbeit\/","title":{"rendered":"Berufliche Ausbildung: Gemeinsamer Bewerbertag mit der Agentur f\u00fcr Arbeit"},"content":{"rendered":"<p>Am 23. Februar hatte die Stabsstelle Ausbildung im Rahmen des Bewerbertags bei der Agentur f\u00fcr Arbeit die Gelegenheit, gemeinsam mit Ausbilder*innen die vielf\u00e4ltigen Ausbildungsangebote und dualen Studieng\u00e4nge der Goethe-Universit\u00e4t vorzustellen. Ein Teil des MainBiZ (Main-Berufsinformationszentrum) wurde daf\u00fcr exklusiv reserviert und konnte frei gestaltet werden. Es entstanden gro\u00dfartige St\u00e4nde, die von den Ausbilder*innen der Berufsbilder Industriemechaniker*in, Tierpfleger*in und Verwaltungsfachangestellte*r vorbereitet wurden. Zu sehen gab es unter anderem Stabschrecken, Riesenschnecken sowie verschiedene selbstgebaute St\u00fccke aus der Feinmechanik, darunter ein im 3D-Drucker gebauter Protonenbeschleuniger.<\/p>\n\n\n\n<div style=\"height:20px\" aria-hidden=\"true\" class=\"wp-block-spacer\"><\/div>\n\n\n\n<h2 class=\"wp-block-heading\">Qualit\u00e4t statt Quantit\u00e4t<\/h2>\n\n\n\n<figure class=\"wp-block-image alignleft size-large is-resized\"><img fetchpriority=\"high\" decoding=\"async\" width=\"500\" height=\"346\" src=\"https:\/\/aktuelles.uni-frankfurt.de\/wp-content\/uploads\/2026\/03\/beitragbild-azubi-bewerbertag-agentur-fuer-arbeit-01-500x346.jpg\" alt=\"\" class=\"wp-image-87595\" style=\"width:370px;height:auto\" srcset=\"https:\/\/aktuelles.uni-frankfurt.de\/wp-content\/uploads\/2026\/03\/beitragbild-azubi-bewerbertag-agentur-fuer-arbeit-01-500x346.jpg 500w, https:\/\/aktuelles.uni-frankfurt.de\/wp-content\/uploads\/2026\/03\/beitragbild-azubi-bewerbertag-agentur-fuer-arbeit-01-300x208.jpg 300w, https:\/\/aktuelles.uni-frankfurt.de\/wp-content\/uploads\/2026\/03\/beitragbild-azubi-bewerbertag-agentur-fuer-arbeit-01-18x12.jpg 18w, https:\/\/aktuelles.uni-frankfurt.de\/wp-content\/uploads\/2026\/03\/beitragbild-azubi-bewerbertag-agentur-fuer-arbeit-01.jpg 650w\" sizes=\"(max-width: 500px) 100vw, 500px\" \/><figcaption class=\"wp-element-caption\">Lisa Hildmann (Auszubildene Verwaltungsfachangestellte) und Theresa Anton (Ausbildungsleiterin); (Foto: Niklas Sujan<\/figcaption><\/figure>\n\n\n\n<p>Die Berufsberater*innen der Agentur f\u00fcr Arbeit unterst\u00fctzten die ankommenden Besucher*innen bei der Orientierung und gaben erste Informationen dazu, an welchen St\u00e4nden die verschiedenen Informationen zu finden waren. Individuelle Gespr\u00e4che, ehrliches Interesse und das gemeinsame Commitment, wie es weitergeht, waren das Erfolgsrezept. Um den Ausbildungsinteressierten weitere Unterst\u00fctzung zu bieten und mehr Verbindlichkeit zu schaffen, wurde ein Bewerbungspoint der Universit\u00e4t aufgebaut. Interessierte konnten dort ihre Kontaktdaten hinterlassen und erhielten im Anschluss an die Veranstaltung eine individuelle E-Mail mit den aktuellen Ausschreibungen, um sich direkt bewerben zu k\u00f6nnen.<\/p>\n\n\n\n<figure class=\"wp-block-image alignright size-large is-resized\"><img decoding=\"async\" width=\"500\" height=\"346\" src=\"https:\/\/aktuelles.uni-frankfurt.de\/wp-content\/uploads\/2026\/03\/beitrag-azubi-bewerbertag-agentur-fuer-arbeit-500x346.jpg\" alt=\"\" class=\"wp-image-87626\" style=\"width:404px;height:auto\" srcset=\"https:\/\/aktuelles.uni-frankfurt.de\/wp-content\/uploads\/2026\/03\/beitrag-azubi-bewerbertag-agentur-fuer-arbeit-500x346.jpg 500w, https:\/\/aktuelles.uni-frankfurt.de\/wp-content\/uploads\/2026\/03\/beitrag-azubi-bewerbertag-agentur-fuer-arbeit-300x208.jpg 300w, https:\/\/aktuelles.uni-frankfurt.de\/wp-content\/uploads\/2026\/03\/beitrag-azubi-bewerbertag-agentur-fuer-arbeit-18x12.jpg 18w, https:\/\/aktuelles.uni-frankfurt.de\/wp-content\/uploads\/2026\/03\/beitrag-azubi-bewerbertag-agentur-fuer-arbeit.jpg 650w\" sizes=\"(max-width: 500px) 100vw, 500px\" \/><figcaption class=\"wp-element-caption\">von rechts nach links: Dennis Schmelzer (Tierpflegermeister), Niklas Sujan, Sven Reploeg (Werkstattleiter Institut f\u00fcr angewandte Physik IAP), Theresa Anton, Viktor Hammer (ebenfalls IAP), Lisa Hildmann.<\/figcaption><\/figure>\n\n\n\n<p>Auch wenn der Andrang insgesamt \u00fcberschaubar war, waren sich die Agentur f\u00fcr Arbeit und die Ausbilder*innen einig: Es geht darum, Pr\u00e4senz zu zeigen und einen aktiven Platz in den K\u00f6pfen der Ausbildungssuchenden einzunehmen. Wenn nicht jetzt, dann vielleicht zu einem sp\u00e4teren Zeitpunkt. Eine Orientierung und ehrliche Beratung seitens der Unternehmen k\u00f6nnen deshalb manchmal mehr bewirken als statisches Rekrutieren.<\/p>\n\n\n\n<p>Wenn Sie mehr \u00fcber die berufliche Ausbildung und das duale Studium an der Goethe-Universit\u00e4t erfahren m\u00f6chten, <a href=\"https:\/\/www.uni-frankfurt.de\/103026632\/Start.\" target=\"_blank\" rel=\"noreferrer noopener\">besuchen Sie gerne unsere Homepage oder nehmen Sie Kontakt mit uns auf.<\/a><\/p>\n\n\n\n<p>Das Team der Stabsstelle Ausbildung freut sich auf Sie.<\/p>\n\n\n\n<p class=\"has-text-align-right\"><em>Autor: Niklas Sujan<\/em><\/p>","protected":false},"excerpt":{"rendered":"<p>Am 23. Februar hatte die Stabsstelle Ausbildung im Rahmen des Bewerbertags bei der Agentur f\u00fcr Arbeit die Gelegenheit, gemeinsam mit Ausbilder*innen die vielf\u00e4ltigen Ausbildungsangebote und dualen Studieng\u00e4nge der Goethe-Universit\u00e4t vorzustellen. [&hellip;]<\/p>\n","protected":false},"author":8,"featured_media":87595,"comment_status":"closed","ping_status":"closed","sticky":false,"template":"","format":"standard","meta":{"_eb_attr":"","_price":"","_stock":"","_tribe_ticket_header":"","_tribe_default_ticket_provider":"","_ticket_start_date":"","_ticket_end_date":"","_tribe_ticket_show_description":"","_tribe_ticket_show_not_going":false,"_tribe_ticket_use_global_stock":"","_tribe_ticket_global_stock_level":"","_global_stock_mode":"","_global_stock_cap":"","_tribe_rsvp_for_event":"","_tribe_ticket_going_count":"","_tribe_ticket_not_going_count":"","_tribe_tickets_list":"[]","_tribe_ticket_has_attendee_info_fields":false,"footnotes":""},"categories":[8],"tags":[304],"post_folder":[],"class_list":["post-87594","post","type-post","status-publish","format-standard","has-post-thumbnail","hentry","category-hochschule","tag-berufliche-ausbildung"],"yoast_head":"<!-- This site is optimized with the Yoast SEO plugin v27.5 - https:\/\/yoast.com\/product\/yoast-seo-wordpress\/ -->\n<title>Berufliche Ausbildung: Gemeinsamer Bewerbertag mit der Agentur f\u00fcr Arbeit | Aktuelles aus der Goethe-Universit\u00e4t Frankfurt<\/title>\n<meta name=\"robots\" content=\"index, follow, max-snippet:-1, max-image-preview:large, max-video-preview:-1\" \/>\n<link rel=\"canonical\" href=\"https:\/\/aktuelles.uni-frankfurt.de\/en\/hochschule\/berufliche-ausbildung-gemeinsamer-bewerbertag-mit-der-agentur-fuer-arbeit\/\" \/>\n<meta property=\"og:locale\" content=\"en_GB\" \/>\n<meta property=\"og:type\" content=\"article\" \/>\n<meta property=\"og:title\" content=\"Berufliche Ausbildung: Gemeinsamer Bewerbertag mit der Agentur f\u00fcr Arbeit | Aktuelles aus der Goethe-Universit\u00e4t Frankfurt\" \/>\n<meta property=\"og:description\" content=\"Am 23. Februar hatte die Stabsstelle Ausbildung im Rahmen des Bewerbertags bei der Agentur f\u00fcr Arbeit die Gelegenheit, gemeinsam mit Ausbilder*innen die vielf\u00e4ltigen Ausbildungsangebote und dualen Studieng\u00e4nge der Goethe-Universit\u00e4t vorzustellen. [&hellip;]\" \/>\n<meta property=\"og:url\" content=\"https:\/\/aktuelles.uni-frankfurt.de\/en\/hochschule\/berufliche-ausbildung-gemeinsamer-bewerbertag-mit-der-agentur-fuer-arbeit\/\" \/>\n<meta property=\"og:site_name\" content=\"Aktuelles aus der Goethe-Universit\u00e4t Frankfurt\" \/>\n<meta property=\"article:published_time\" content=\"2026-03-02T08:06:37+00:00\" \/>\n<meta property=\"article:modified_time\" content=\"2026-03-05T10:19:09+00:00\" \/>\n<meta property=\"og:image\" content=\"https:\/\/aktuelles.uni-frankfurt.de\/wp-content\/uploads\/2026\/03\/beitragbild-azubi-bewerbertag-agentur-fuer-arbeit-01.jpg\" \/>\n\t<meta property=\"og:image:width\" content=\"650\" \/>\n\t<meta property=\"og:image:height\" content=\"450\" \/>\n\t<meta property=\"og:image:type\" content=\"image\/jpeg\" \/>\n<meta name=\"author\" content=\"-\" \/>\n<meta name=\"twitter:card\" content=\"summary_large_image\" \/>\n<meta name=\"twitter:label1\" content=\"Written by\" \/>\n\t<meta name=\"twitter:data1\" content=\"-\" \/>\n\t<meta name=\"twitter:label2\" content=\"Estimated reading time\" \/>\n\t<meta name=\"twitter:data2\" content=\"2 minutes\" \/>\n<script type=\"application\/ld+json\" class=\"yoast-schema-graph\">{\"@context\":\"https:\\\/\\\/schema.org\",\"@graph\":[{\"@type\":\"Article\",\"@id\":\"https:\\\/\\\/aktuelles.uni-frankfurt.de\\\/hochschule\\\/berufliche-ausbildung-gemeinsamer-bewerbertag-mit-der-agentur-fuer-arbeit\\\/#article\",\"isPartOf\":{\"@id\":\"https:\\\/\\\/aktuelles.uni-frankfurt.de\\\/hochschule\\\/berufliche-ausbildung-gemeinsamer-bewerbertag-mit-der-agentur-fuer-arbeit\\\/\"},\"author\":{\"name\":\"-\",\"@id\":\"https:\\\/\\\/aktuelles.uni-frankfurt.de\\\/#\\\/schema\\\/person\\\/8e55ea338fb65d1ce87a91565d1f1739\"},\"headline\":\"Berufliche Ausbildung: Gemeinsamer Bewerbertag mit der Agentur f\u00fcr Arbeit\",\"datePublished\":\"2026-03-02T08:06:37+00:00\",\"dateModified\":\"2026-03-05T10:19:09+00:00\",\"mainEntityOfPage\":{\"@id\":\"https:\\\/\\\/aktuelles.uni-frankfurt.de\\\/hochschule\\\/berufliche-ausbildung-gemeinsamer-bewerbertag-mit-der-agentur-fuer-arbeit\\\/\"},\"wordCount\":345,\"publisher\":{\"@id\":\"https:\\\/\\\/aktuelles.uni-frankfurt.de\\\/#organization\"},\"image\":{\"@id\":\"https:\\\/\\\/aktuelles.uni-frankfurt.de\\\/hochschule\\\/berufliche-ausbildung-gemeinsamer-bewerbertag-mit-der-agentur-fuer-arbeit\\\/#primaryimage\"},\"thumbnailUrl\":\"https:\\\/\\\/aktuelles.uni-frankfurt.de\\\/wp-content\\\/uploads\\\/2026\\\/03\\\/beitragbild-azubi-bewerbertag-agentur-fuer-arbeit-01.jpg\",\"keywords\":[\"Berufliche Ausbildung\"],\"articleSection\":[\"Hochschule\"],\"inLanguage\":\"en-GB\"},{\"@type\":\"WebPage\",\"@id\":\"https:\\\/\\\/aktuelles.uni-frankfurt.de\\\/hochschule\\\/berufliche-ausbildung-gemeinsamer-bewerbertag-mit-der-agentur-fuer-arbeit\\\/\",\"url\":\"https:\\\/\\\/aktuelles.uni-frankfurt.de\\\/hochschule\\\/berufliche-ausbildung-gemeinsamer-bewerbertag-mit-der-agentur-fuer-arbeit\\\/\",\"name\":\"Berufliche Ausbildung: Gemeinsamer Bewerbertag mit der Agentur f\u00fcr Arbeit | Aktuelles aus der Goethe-Universit\u00e4t Frankfurt\",\"isPartOf\":{\"@id\":\"https:\\\/\\\/aktuelles.uni-frankfurt.de\\\/#website\"},\"primaryImageOfPage\":{\"@id\":\"https:\\\/\\\/aktuelles.uni-frankfurt.de\\\/hochschule\\\/berufliche-ausbildung-gemeinsamer-bewerbertag-mit-der-agentur-fuer-arbeit\\\/#primaryimage\"},\"image\":{\"@id\":\"https:\\\/\\\/aktuelles.uni-frankfurt.de\\\/hochschule\\\/berufliche-ausbildung-gemeinsamer-bewerbertag-mit-der-agentur-fuer-arbeit\\\/#primaryimage\"},\"thumbnailUrl\":\"https:\\\/\\\/aktuelles.uni-frankfurt.de\\\/wp-content\\\/uploads\\\/2026\\\/03\\\/beitragbild-azubi-bewerbertag-agentur-fuer-arbeit-01.jpg\",\"datePublished\":\"2026-03-02T08:06:37+00:00\",\"dateModified\":\"2026-03-05T10:19:09+00:00\",\"breadcrumb\":{\"@id\":\"https:\\\/\\\/aktuelles.uni-frankfurt.de\\\/hochschule\\\/berufliche-ausbildung-gemeinsamer-bewerbertag-mit-der-agentur-fuer-arbeit\\\/#breadcrumb\"},\"inLanguage\":\"en-GB\",\"potentialAction\":[{\"@type\":\"ReadAction\",\"target\":[\"https:\\\/\\\/aktuelles.uni-frankfurt.de\\\/hochschule\\\/berufliche-ausbildung-gemeinsamer-bewerbertag-mit-der-agentur-fuer-arbeit\\\/\"]}]},{\"@type\":\"ImageObject\",\"inLanguage\":\"en-GB\",\"@id\":\"https:\\\/\\\/aktuelles.uni-frankfurt.de\\\/hochschule\\\/berufliche-ausbildung-gemeinsamer-bewerbertag-mit-der-agentur-fuer-arbeit\\\/#primaryimage\",\"url\":\"https:\\\/\\\/aktuelles.uni-frankfurt.de\\\/wp-content\\\/uploads\\\/2026\\\/03\\\/beitragbild-azubi-bewerbertag-agentur-fuer-arbeit-01.jpg\",\"contentUrl\":\"https:\\\/\\\/aktuelles.uni-frankfurt.de\\\/wp-content\\\/uploads\\\/2026\\\/03\\\/beitragbild-azubi-bewerbertag-agentur-fuer-arbeit-01.jpg\",\"width\":650,\"height\":450},{\"@type\":\"BreadcrumbList\",\"@id\":\"https:\\\/\\\/aktuelles.uni-frankfurt.de\\\/hochschule\\\/berufliche-ausbildung-gemeinsamer-bewerbertag-mit-der-agentur-fuer-arbeit\\\/#breadcrumb\",\"itemListElement\":[{\"@type\":\"ListItem\",\"position\":1,\"name\":\"Startseite\",\"item\":\"https:\\\/\\\/aktuelles.uni-frankfurt.de\\\/\"},{\"@type\":\"ListItem\",\"position\":2,\"name\":\"Berufliche Ausbildung: Gemeinsamer Bewerbertag mit der Agentur f\u00fcr Arbeit\"}]},{\"@type\":\"WebSite\",\"@id\":\"https:\\\/\\\/aktuelles.uni-frankfurt.de\\\/#website\",\"url\":\"https:\\\/\\\/aktuelles.uni-frankfurt.de\\\/\",\"name\":\"Aktuelles aus der Goethe-Universit\u00e4t Frankfurt\",\"description\":\"Aktuelles aus der Goethe-Universit\u00e4t | Neues aus Forschung, Lehre, Studium\",\"publisher\":{\"@id\":\"https:\\\/\\\/aktuelles.uni-frankfurt.de\\\/#organization\"},\"potentialAction\":[{\"@type\":\"SearchAction\",\"target\":{\"@type\":\"EntryPoint\",\"urlTemplate\":\"https:\\\/\\\/aktuelles.uni-frankfurt.de\\\/?s={search_term_string}\"},\"query-input\":{\"@type\":\"PropertyValueSpecification\",\"valueRequired\":true,\"valueName\":\"search_term_string\"}}],\"inLanguage\":\"en-GB\"},{\"@type\":\"Organization\",\"@id\":\"https:\\\/\\\/aktuelles.uni-frankfurt.de\\\/#organization\",\"name\":\"Goethe-Universit\u00e4t\",\"url\":\"https:\\\/\\\/aktuelles.uni-frankfurt.de\\\/\",\"logo\":{\"@type\":\"ImageObject\",\"inLanguage\":\"en-GB\",\"@id\":\"https:\\\/\\\/aktuelles.uni-frankfurt.de\\\/#\\\/schema\\\/logo\\\/image\\\/\",\"url\":\"https:\\\/\\\/aktuelles.uni-frankfurt.de\\\/wp-content\\\/uploads\\\/2022\\\/03\\\/800px-Goethe-Logo.png\",\"contentUrl\":\"https:\\\/\\\/aktuelles.uni-frankfurt.de\\\/wp-content\\\/uploads\\\/2022\\\/03\\\/800px-Goethe-Logo.png\",\"width\":800,\"height\":436,\"caption\":\"Goethe-Universit\u00e4t\"},\"image\":{\"@id\":\"https:\\\/\\\/aktuelles.uni-frankfurt.de\\\/#\\\/schema\\\/logo\\\/image\\\/\"}},{\"@type\":\"Person\",\"@id\":\"https:\\\/\\\/aktuelles.uni-frankfurt.de\\\/#\\\/schema\\\/person\\\/8e55ea338fb65d1ce87a91565d1f1739\",\"name\":\"-\",\"description\":\"Dieser Beitrag wurde von der Online-Redaktion ver\u00f6ffentlicht. Wenn der Beitrag von einem Gastautoren verfasst wurde, findet sich dieser Hinweis am Ende des jeweiligen Artikels.\",\"sameAs\":[\"http:\\\/\\\/aktuelles.uni-frankfurt.de\\\/autoren\"],\"url\":\"https:\\\/\\\/aktuelles.uni-frankfurt.de\\\/en\\\/author\\\/redaktion\\\/\"}]}<\/script>\n<!-- \/ Yoast SEO plugin. -->","yoast_head_json":{"title":"Berufliche Ausbildung: Gemeinsamer Bewerbertag mit der Agentur f\u00fcr Arbeit | Aktuelles aus der Goethe-Universit\u00e4t Frankfurt","robots":{"index":"index","follow":"follow","max-snippet":"max-snippet:-1","max-image-preview":"max-image-preview:large","max-video-preview":"max-video-preview:-1"},"canonical":"https:\/\/aktuelles.uni-frankfurt.de\/en\/hochschule\/berufliche-ausbildung-gemeinsamer-bewerbertag-mit-der-agentur-fuer-arbeit\/","og_locale":"en_GB","og_type":"article","og_title":"Berufliche Ausbildung: Gemeinsamer Bewerbertag mit der Agentur f\u00fcr Arbeit | Aktuelles aus der Goethe-Universit\u00e4t Frankfurt","og_description":"Am 23. Februar hatte die Stabsstelle Ausbildung im Rahmen des Bewerbertags bei der Agentur f\u00fcr Arbeit die Gelegenheit, gemeinsam mit Ausbilder*innen die vielf\u00e4ltigen Ausbildungsangebote und dualen Studieng\u00e4nge der Goethe-Universit\u00e4t vorzustellen. [&hellip;]","og_url":"https:\/\/aktuelles.uni-frankfurt.de\/en\/hochschule\/berufliche-ausbildung-gemeinsamer-bewerbertag-mit-der-agentur-fuer-arbeit\/","og_site_name":"Aktuelles aus der Goethe-Universit\u00e4t Frankfurt","article_published_time":"2026-03-02T08:06:37+00:00","article_modified_time":"2026-03-05T10:19:09+00:00","og_image":[{"width":650,"height":450,"url":"https:\/\/aktuelles.uni-frankfurt.de\/wp-content\/uploads\/2026\/03\/beitragbild-azubi-bewerbertag-agentur-fuer-arbeit-01.jpg","type":"image\/jpeg"}],"author":"-","twitter_card":"summary_large_image","twitter_misc":{"Written by":"-","Estimated reading time":"2 minutes"},"schema":{"@context":"https:\/\/schema.org","@graph":[{"@type":"Article","@id":"https:\/\/aktuelles.uni-frankfurt.de\/hochschule\/berufliche-ausbildung-gemeinsamer-bewerbertag-mit-der-agentur-fuer-arbeit\/#article","isPartOf":{"@id":"https:\/\/aktuelles.uni-frankfurt.de\/hochschule\/berufliche-ausbildung-gemeinsamer-bewerbertag-mit-der-agentur-fuer-arbeit\/"},"author":{"name":"-","@id":"https:\/\/aktuelles.uni-frankfurt.de\/#\/schema\/person\/8e55ea338fb65d1ce87a91565d1f1739"},"headline":"Berufliche Ausbildung: Gemeinsamer Bewerbertag mit der Agentur f\u00fcr Arbeit","datePublished":"2026-03-02T08:06:37+00:00","dateModified":"2026-03-05T10:19:09+00:00","mainEntityOfPage":{"@id":"https:\/\/aktuelles.uni-frankfurt.de\/hochschule\/berufliche-ausbildung-gemeinsamer-bewerbertag-mit-der-agentur-fuer-arbeit\/"},"wordCount":345,"publisher":{"@id":"https:\/\/aktuelles.uni-frankfurt.de\/#organization"},"image":{"@id":"https:\/\/aktuelles.uni-frankfurt.de\/hochschule\/berufliche-ausbildung-gemeinsamer-bewerbertag-mit-der-agentur-fuer-arbeit\/#primaryimage"},"thumbnailUrl":"https:\/\/aktuelles.uni-frankfurt.de\/wp-content\/uploads\/2026\/03\/beitragbild-azubi-bewerbertag-agentur-fuer-arbeit-01.jpg","keywords":["Berufliche Ausbildung"],"articleSection":["Hochschule"],"inLanguage":"en-GB"},{"@type":"WebPage","@id":"https:\/\/aktuelles.uni-frankfurt.de\/hochschule\/berufliche-ausbildung-gemeinsamer-bewerbertag-mit-der-agentur-fuer-arbeit\/","url":"https:\/\/aktuelles.uni-frankfurt.de\/hochschule\/berufliche-ausbildung-gemeinsamer-bewerbertag-mit-der-agentur-fuer-arbeit\/","name":"Berufliche Ausbildung: Gemeinsamer Bewerbertag mit der Agentur f\u00fcr Arbeit | Aktuelles aus der Goethe-Universit\u00e4t Frankfurt","isPartOf":{"@id":"https:\/\/aktuelles.uni-frankfurt.de\/#website"},"primaryImageOfPage":{"@id":"https:\/\/aktuelles.uni-frankfurt.de\/hochschule\/berufliche-ausbildung-gemeinsamer-bewerbertag-mit-der-agentur-fuer-arbeit\/#primaryimage"},"image":{"@id":"https:\/\/aktuelles.uni-frankfurt.de\/hochschule\/berufliche-ausbildung-gemeinsamer-bewerbertag-mit-der-agentur-fuer-arbeit\/#primaryimage"},"thumbnailUrl":"https:\/\/aktuelles.uni-frankfurt.de\/wp-content\/uploads\/2026\/03\/beitragbild-azubi-bewerbertag-agentur-fuer-arbeit-01.jpg","datePublished":"2026-03-02T08:06:37+00:00","dateModified":"2026-03-05T10:19:09+00:00","breadcrumb":{"@id":"https:\/\/aktuelles.uni-frankfurt.de\/hochschule\/berufliche-ausbildung-gemeinsamer-bewerbertag-mit-der-agentur-fuer-arbeit\/#breadcrumb"},"inLanguage":"en-GB","potentialAction":[{"@type":"ReadAction","target":["https:\/\/aktuelles.uni-frankfurt.de\/hochschule\/berufliche-ausbildung-gemeinsamer-bewerbertag-mit-der-agentur-fuer-arbeit\/"]}]},{"@type":"ImageObject","inLanguage":"en-GB","@id":"https:\/\/aktuelles.uni-frankfurt.de\/hochschule\/berufliche-ausbildung-gemeinsamer-bewerbertag-mit-der-agentur-fuer-arbeit\/#primaryimage","url":"https:\/\/aktuelles.uni-frankfurt.de\/wp-content\/uploads\/2026\/03\/beitragbild-azubi-bewerbertag-agentur-fuer-arbeit-01.jpg","contentUrl":"https:\/\/aktuelles.uni-frankfurt.de\/wp-content\/uploads\/2026\/03\/beitragbild-azubi-bewerbertag-agentur-fuer-arbeit-01.jpg","width":650,"height":450},{"@type":"BreadcrumbList","@id":"https:\/\/aktuelles.uni-frankfurt.de\/hochschule\/berufliche-ausbildung-gemeinsamer-bewerbertag-mit-der-agentur-fuer-arbeit\/#breadcrumb","itemListElement":[{"@type":"ListItem","position":1,"name":"Startseite","item":"https:\/\/aktuelles.uni-frankfurt.de\/"},{"@type":"ListItem","position":2,"name":"Berufliche Ausbildung: Gemeinsamer Bewerbertag mit der Agentur f\u00fcr Arbeit"}]},{"@type":"WebSite","@id":"https:\/\/aktuelles.uni-frankfurt.de\/#website","url":"https:\/\/aktuelles.uni-frankfurt.de\/","name":"Aktuelles aus der Goethe-Universit\u00e4t Frankfurt","description":"Aktuelles aus der Goethe-Universit\u00e4t | Neues aus Forschung, Lehre, Studium","publisher":{"@id":"https:\/\/aktuelles.uni-frankfurt.de\/#organization"},"potentialAction":[{"@type":"SearchAction","target":{"@type":"EntryPoint","urlTemplate":"https:\/\/aktuelles.uni-frankfurt.de\/?s={search_term_string}"},"query-input":{"@type":"PropertyValueSpecification","valueRequired":true,"valueName":"search_term_string"}}],"inLanguage":"en-GB"},{"@type":"Organization","@id":"https:\/\/aktuelles.uni-frankfurt.de\/#organization","name":"Goethe University Frankfurt","url":"https:\/\/aktuelles.uni-frankfurt.de\/","logo":{"@type":"ImageObject","inLanguage":"en-GB","@id":"https:\/\/aktuelles.uni-frankfurt.de\/#\/schema\/logo\/image\/","url":"https:\/\/aktuelles.uni-frankfurt.de\/wp-content\/uploads\/2022\/03\/800px-Goethe-Logo.png","contentUrl":"https:\/\/aktuelles.uni-frankfurt.de\/wp-content\/uploads\/2022\/03\/800px-Goethe-Logo.png","width":800,"height":436,"caption":"Goethe-Universit\u00e4t"},"image":{"@id":"https:\/\/aktuelles.uni-frankfurt.de\/#\/schema\/logo\/image\/"}},{"@type":"Person","@id":"https:\/\/aktuelles.uni-frankfurt.de\/#\/schema\/person\/8e55ea338fb65d1ce87a91565d1f1739","name":"-","description":"Dieser Beitrag wurde von der Online-Redaktion ver\u00f6ffentlicht. Wenn der Beitrag von einem Gastautoren verfasst wurde, findet sich dieser Hinweis am Ende des jeweiligen Artikels.","sameAs":["http:\/\/aktuelles.uni-frankfurt.de\/autoren"],"url":"https:\/\/aktuelles.uni-frankfurt.de\/en\/author\/redaktion\/"}]}},"_links":{"self":[{"href":"https:\/\/aktuelles.uni-frankfurt.de\/en\/wp-json\/wp\/v2\/posts\/87594","targetHints":{"allow":["GET"]}}],"collection":[{"href":"https:\/\/aktuelles.uni-frankfurt.de\/en\/wp-json\/wp\/v2\/posts"}],"about":[{"href":"https:\/\/aktuelles.uni-frankfurt.de\/en\/wp-json\/wp\/v2\/types\/post"}],"author":[{"embeddable":true,"href":"https:\/\/aktuelles.uni-frankfurt.de\/en\/wp-json\/wp\/v2\/users\/8"}],"replies":[{"embeddable":true,"href":"https:\/\/aktuelles.uni-frankfurt.de\/en\/wp-json\/wp\/v2\/comments?post=87594"}],"version-history":[{"count":0,"href":"https:\/\/aktuelles.uni-frankfurt.de\/en\/wp-json\/wp\/v2\/posts\/87594\/revisions"}],"wp:featuredmedia":[{"embeddable":true,"href":"https:\/\/aktuelles.uni-frankfurt.de\/en\/wp-json\/wp\/v2\/media\/87595"}],"wp:attachment":[{"href":"https:\/\/aktuelles.uni-frankfurt.de\/en\/wp-json\/wp\/v2\/media?parent=87594"}],"wp:term":[{"taxonomy":"category","embeddable":true,"href":"https:\/\/aktuelles.uni-frankfurt.de\/en\/wp-json\/wp\/v2\/categories?post=87594"},{"taxonomy":"post_tag","embeddable":true,"href":"https:\/\/aktuelles.uni-frankfurt.de\/en\/wp-json\/wp\/v2\/tags?post=87594"},{"taxonomy":"post_folder","embeddable":true,"href":"https:\/\/aktuelles.uni-frankfurt.de\/en\/wp-json\/wp\/v2\/post_folder?post=87594"}],"curies":[{"name":"wp","href":"https:\/\/api.w.org\/{rel}","templated":true}]}}