{"id":87599,"date":"2026-03-02T12:51:19","date_gmt":"2026-03-02T11:51:19","guid":{"rendered":"https:\/\/aktuelles.uni-frankfurt.de\/?p=87599"},"modified":"2026-03-02T12:51:20","modified_gmt":"2026-03-02T11:51:20","slug":"nachhaltig-und-visionaer-siegerentwurf-fuer-das-gebaeude-des-frankfurt-conservation-centers-steht-fest","status":"publish","type":"post","link":"https:\/\/aktuelles.uni-frankfurt.de\/en\/hochschule\/nachhaltig-und-visionaer-siegerentwurf-fuer-das-gebaeude-des-frankfurt-conservation-centers-steht-fest\/","title":{"rendered":"Nachhaltig und vision\u00e4r: Siegerentwurf f\u00fcr das Geb\u00e4ude des Frankfurt Conservation Centers steht fest"},"content":{"rendered":"<p><strong>Das Frankfurt Conservation Center (FCC) soll auf dem Gel\u00e4nde des Frankfurter Zoos ein neues Zuhause bekommen. Aus dem Architekturwettbewerb f\u00fcr das geplante Geb\u00e4ude ging das Stuttgarter B\u00fcro haascookzemmrich STUDIO2050 als Sieger hervor. Der Entwurf \u00fcberzeugte die Jury durch seine innovative, \u00f6kologische und st\u00e4dtebauliche Gestaltung. Die eingereichten Entw\u00fcrfe sind bis zum 13. M\u00e4rz 2026 im Stadtplanungsamt \u00f6ffentlich ausgestellt. Das FCC ist ein internationales Kompetenzzentrum f\u00fcr integrierten Naturschutz unter der Federf\u00fchrung der Goethe-Universit\u00e4t Frankfurt, der Senckenberg Gesellschaft f\u00fcr Naturforschung und der Zoologischen Gesellschaft Frankfurt (ZGF). Als unabh\u00e4ngige Plattform vereint es wissenschaftliche Expertise, praktische Naturschutzarbeit und gesellschaftliches Engagement. Gemeinsam mit seinen Partnern treibt das FCC von Frankfurt aus einen wissenschaftlich fundierten, interdisziplin\u00e4ren und wirkungsorientierten internationalen Naturschutz voran. Ziel ist es, ein f\u00fchrender europ\u00e4ischer Knotenpunkt f\u00fcr integrierten Naturschutz und nachhaltige Entwicklung zu werden, der weltweit Impulse setzt.<\/strong><\/p>\n\n\n\n<div style=\"height:20px\" aria-hidden=\"true\" class=\"wp-block-spacer\"><\/div>\n\n\n\n<figure class=\"wp-block-image aligncenter size-full\"><img fetchpriority=\"high\" decoding=\"async\" width=\"650\" height=\"450\" src=\"https:\/\/aktuelles.uni-frankfurt.de\/wp-content\/uploads\/2026\/03\/beitragsbild-frankfurt-conservation-centers-siegerentwurf.jpg\" alt=\"\" class=\"wp-image-87600\" srcset=\"https:\/\/aktuelles.uni-frankfurt.de\/wp-content\/uploads\/2026\/03\/beitragsbild-frankfurt-conservation-centers-siegerentwurf.jpg 650w, https:\/\/aktuelles.uni-frankfurt.de\/wp-content\/uploads\/2026\/03\/beitragsbild-frankfurt-conservation-centers-siegerentwurf-300x208.jpg 300w, https:\/\/aktuelles.uni-frankfurt.de\/wp-content\/uploads\/2026\/03\/beitragsbild-frankfurt-conservation-centers-siegerentwurf-500x346.jpg 500w, https:\/\/aktuelles.uni-frankfurt.de\/wp-content\/uploads\/2026\/03\/beitragsbild-frankfurt-conservation-centers-siegerentwurf-18x12.jpg 18w\" sizes=\"(max-width: 650px) 100vw, 650px\" \/><figcaption class=\"wp-element-caption\">Gerenderte Ostansicht des ausgew\u00e4hlten Entwurfs aus Sicht der Waldschmidtstra\u00dfe.  Quelle: haascookzemmrich STUDIO 2050 \/ ZGF<\/figcaption><\/figure>\n\n\n\n<div style=\"height:20px\" aria-hidden=\"true\" class=\"wp-block-spacer\"><\/div>\n\n\n\n<p>In das neue Geb\u00e4ude sollen neben der FCC-Gesch\u00e4ftsstelle auch mehrere Partnerorganisationen einziehen, um bestehende Kooperationen zu st\u00e4rken und neue Synergien zu schaffen. Der Neubau entsteht am \u00f6stlichen Rand des Frankfurter Zoos auf einer Fl\u00e4che von 1.448 Quadratmetern. Mit f\u00fcnf Geschossen und einem m\u00f6glichen Staffelgeschoss bietet er auf rund 5.000 Quadratmetern Fl\u00e4che ausreichend Raum f\u00fcr B\u00fcros, Konferenz- und Meetingbereiche, offene Arbeitsfl\u00e4chen, Arbeitspl\u00e4tze im Freien sowie r\u00e4umliche Angebote f\u00fcr Ausstellungen und interdisziplin\u00e4re Zusammenarbeit. Auch der Zoo profitiert, denn mit dem Neubau erh\u00e4lt er wieder einen dauerhaften zweiten Eingang im Osten an der Ecke Rh\u00f6nstra\u00dfe\/Waldschmidtstra\u00dfe.<\/p>\n\n\n\n<p>Der Vorsitzende der Auswahljury, Architekturprofessor Zvonko Turkali aus Frankfurt, betont: \u201eDer elegante, gerundete Solit\u00e4r f\u00fcgt sich harmonisch in den Kontext von Zoo und Stadtquartier ein und bespielt die Schnittstelle von Architektur und Landschaft spezifisch und auf spannungsvolle Weise. Er hebt sich von g\u00e4ngigen B\u00fcro- oder Schulungsgeb\u00e4uden ab und entwickelt einen individuellen, starken Ausdruck mit sympathischer Klarheit und Leichtigkeit, der das FCC mit seiner immens wichtigen Mission entsprechend in Wert setzt.\u201d<\/p>\n\n\n\n<div style=\"height:20px\" aria-hidden=\"true\" class=\"wp-block-spacer\"><\/div>\n\n\n\n<h2 class=\"wp-block-heading\">Nachhaltigkeit im Bau als Grundprinzip<\/h2>\n\n\n\n<p>Der Siegerentwurf hebt sich besonders durch seinen konsequent nachhaltigen Ansatz hervor. Vorgesehen sind Holz- und Lehmbauelemente, die dem Geb\u00e4ude eine ressourcenschonende Struktur verleihen. Ein Low-Tech-Konzept soll f\u00fcr einfache und energieeffiziente Geb\u00e4udetechnik sorgen. Erg\u00e4nzt wird dies durch Photovoltaik-Elemente, Abw\u00e4rmenutzung sowie ein begr\u00fcntes, vorgelagertes Verschattungssystem, das eine klimagerechte Verglasung erm\u00f6glicht. Ein Wintergarten fungiert als passives Klimaelement, w\u00e4hrend Au\u00dfenarbeitsbereiche und Fassadenelemente nicht nur begr\u00fcnt, sondern auch als \u00f6kologische Habitate \u2013 etwa f\u00fcr V\u00f6gel und Insekten \u2013 vorgesehen sind. Damit wird das Geb\u00e4ude selbst zu einem funktionalen Bestandteil des Naturschutzansatzes, den das FCC verk\u00f6rpert.<\/p>\n\n\n\n<div style=\"height:20px\" aria-hidden=\"true\" class=\"wp-block-spacer\"><\/div>\n\n\n\n<h2 class=\"wp-block-heading\">Ausgew\u00e4hlte Jury mit Architekturexpertise und Einbindung der Nutzenden<\/h2>\n\n\n\n<p>Neben Prof. Turkali setzte sich die Jury aus Vertreterinnen und Vertretern der Architektur, der Stadt sowie den beteiligten Institutionen zusammen, darunter Dr. Ina Hartwig, Dezernentin f\u00fcr Kultur und Wissenschaft der Stadt Frankfurt, Zoodirektorin Dr. Christina Geiger und Dr. Christof Schenck, Gesch\u00e4ftsf\u00fchrer der Zoologischen Gesellschaft Frankfurt. Die Jury tagte am 20.02.2026 und beurteilte dabei die Entw\u00fcrfe von f\u00fcnf Architekturb\u00fcros.<\/p>\n\n\n\n<p><strong>Dr. Ina Hartwig<\/strong> betont die Besonderheiten des Siegerentwurfs: \u201eDas Stuttgarter B\u00fcro haascookzemmrich ist hochverdient Sieger dieses Architekturwettbewerbs und der Entwurf wirklich sehr gelungen. Mich pers\u00f6nlich hat vor allem die Kombination aus eleganter moderner Architektur und nachhaltigem, innovativem Bauen \u00fcberzeugt. Es ist gro\u00dfartig, dass wir auf dem Gel\u00e4nde des Zoos nun ein solches internationales Kompetenzzentrum bekommen, das sich interdisziplin\u00e4r mit zahlreichen renommierten Forschungsinstitutionen dem weltweiten Natur- und Artenschutz und dem Erhalt der Biodiversit\u00e4t widmet. Das passt exzellent zu unserem Zoo, erg\u00e4nzt und erweitert die gute Arbeit und die vorhandene Expertise des Zoos und seiner Partner im FCC\u201c.<\/p>\n\n\n\n<p><strong>Dr. Christina Geiger<\/strong> hebt die besondere Bedeutung des Standorts und die enge Verbindung zum Zoo hervor: \u201eWir freuen uns sehr dar\u00fcber, dass sich das FCC auf unserem Gel\u00e4nde in einem so innovativen wie architektonisch ansprechenden Geb\u00e4ude ansiedeln wird. Eine enge und intensive Zusammenarbeit der Frankfurter Institutionen, die sich f\u00fcr Natur- und Artenschutz einsetzen, ist unerl\u00e4sslich, wenn wir Biodiversit\u00e4t und Lebensr\u00e4ume effektiv sch\u00fctzen wollen. Der Zoo ist inhaltlich pr\u00e4destiniert als Standort f\u00fcr das FCC und wird sichtbarer Partner bei der Vermittlung unserer gemeinsamen Themen sein.&nbsp; Die unmittelbare Nachbarschaft f\u00f6rdert Begegnung und Austausch und macht eine Kooperation deutlich dynamischer. Der Neubau f\u00fcgt sich gut in unsere Pl\u00e4ne f\u00fcr den Zoo-Umbau im Zuge des Masterplans ein. Bei diesem setzen wir ebenfalls explizit auf Nachhaltigkeit und Energieeffizienz. Da das FCC ein Bestandsgeb\u00e4ude aus den 1960er-Jahren ersetzen wird, geht dem Zoo auch keine Fl\u00e4che f\u00fcr die Tierhaltung verloren. Unsere Mitarbeitenden und Auszubildenden bekommen im Neubau moderne Schulungs- und Sozialr\u00e4ume. Und besonders freut mich \u2013 auch f\u00fcr den Stadtteil \u2013 dass der Zoo nach langer Zeit wieder einen geschickt in das Geb\u00e4ude integrierten zweiten Eingang bekommt.\u201d<\/p>\n\n\n\n<p><strong>Auch Dr. Christof Schenck<\/strong>, der Gesch\u00e4ftsf\u00fchrer der Zoologischen Gesellschaft Frankfurt, die als Bauherrin auftritt, freut sich \u00fcber den wichtigen Schritt: \u201eDas Frankfurt Conservation Center ist bereits jetzt ein Thinktank von herausragender Bedeutung f\u00fcr Wege aus der globalen Biodiversit\u00e4ts- und Klimakrise. Mit dem neuen Geb\u00e4ude entsteht nun ein architektonischer Leuchtturm, ein Markenzeichen der Nachhaltigkeit in Frankfurt. Als Zoologische Gesellschaft Frankfurt freuen wir uns sehr, 150 Jahre nach dem Bau des Zoogesellschaftshauses, einen weiteren starken Akzent in der Stadt zu setzen.\u201c<\/p>\n\n\n\n<p><strong>Felix Gaschick<\/strong>, Gesch\u00e4ftsf\u00fchrer des FCCs, sieht in dem Bauprojekt einen Meilenstein f\u00fcr Naturschutz \u201emade in Frankfurt\u201c: \u201eMit dem neuen Geb\u00e4ude gewinnt das Frankfurt Conservation Center zus\u00e4tzliche Strahlkraft. Es macht Frankfurt als Ort f\u00fcr internationalen Naturschutz und nachhaltigen Entwicklung noch sichtbarer und setzt ein klares Zeichen f\u00fcr die Bedeutung integrierter L\u00f6sungen zum Schutz unseres Planeten. Der \u00f6kologisch konsequent durchdachte Entwurf schafft einen Ort f\u00fcr Zusammenarbeit, Innovation und wissenschaftlich fundiertes Handeln. Dadurch wird deutlich, dass \u00f6kologische Grundprinzipien nicht nur die Natur sch\u00fctzen, sondern auch die Qualit\u00e4t unserer Arbeitsumgebung und unser Wohlbefinden ma\u00dfgeblich pr\u00e4gen. Ich freue mich sehr auf dieses neue Zuhause f\u00fcr das FCC und darauf, von hier aus gemeinsam mit unseren Partnern die Zukunft des Naturschutzes aktiv mitzugestalten.\u201c<\/p>\n\n\n\n<p>Durch den Zusammenschluss unterschiedlicher Akteure ist das FCC ein zentraler Vernetzungsakteur auf europ\u00e4ischer Ebene und wird in seinem neuen Geb\u00e4ude offen gestaltete Arbeits- und Kommunikationsr\u00e4ume nutzen, die Austausch und Innovation f\u00f6rdern. Damit entsteht in Frankfurt ein Ort, der globale Naturschutzstrategien vorantreibt und zugleich architektonisch und \u00f6kologisch Ma\u00dfst\u00e4be setzt. Der Baubeginn ist f\u00fcr die zweite Jahresh\u00e4lfte 2027 geplant; bis zur Fertigstellung wird mit circa zwei Jahren kalkuliert.<\/p>\n\n\n\n<div style=\"height:20px\" aria-hidden=\"true\" class=\"wp-block-spacer\"><\/div>\n\n\n\n<p class=\"has-background\" style=\"background-color:#eeeeee\"><strong>Quelle:<\/strong> Pressemitteilung FCC. <a href=\"https:\/\/frankfurtconservation.org\/\">https:\/\/frankfurtconservation.org\/<\/a><\/p>\n\n\n\n<p><\/p>","protected":false},"excerpt":{"rendered":"<p>Das Frankfurt Conservation Center (FCC) soll auf dem Gel\u00e4nde des Frankfurter Zoos ein neues Zuhause bekommen. Aus dem Architekturwettbewerb f\u00fcr das geplante Geb\u00e4ude ging das Stuttgarter B\u00fcro haascookzemmrich STUDIO2050 als [&hellip;]<\/p>\n","protected":false},"author":8,"featured_media":87600,"comment_status":"closed","ping_status":"closed","sticky":false,"template":"","format":"standard","meta":{"_eb_attr":"","_price":"","_stock":"","_tribe_ticket_header":"","_tribe_default_ticket_provider":"","_ticket_start_date":"","_ticket_end_date":"","_tribe_ticket_show_description":"","_tribe_ticket_show_not_going":false,"_tribe_ticket_use_global_stock":"","_tribe_ticket_global_stock_level":"","_global_stock_mode":"","_global_stock_cap":"","_tribe_rsvp_for_event":"","_tribe_ticket_going_count":"","_tribe_ticket_not_going_count":"","_tribe_tickets_list":"[]","_tribe_ticket_has_attendee_info_fields":false,"footnotes":""},"categories":[8],"tags":[35],"post_folder":[],"class_list":["post-87599","post","type-post","status-publish","format-standard","has-post-thumbnail","hentry","category-hochschule","tag-biowissenschaften"],"yoast_head":"<!-- This site is optimized with the Yoast SEO plugin v27.5 - https:\/\/yoast.com\/product\/yoast-seo-wordpress\/ -->\n<title>Nachhaltig und vision\u00e4r: Siegerentwurf f\u00fcr das Geb\u00e4ude des Frankfurt Conservation Centers steht fest | Aktuelles aus der Goethe-Universit\u00e4t Frankfurt<\/title>\n<meta name=\"robots\" content=\"index, follow, max-snippet:-1, max-image-preview:large, max-video-preview:-1\" \/>\n<link rel=\"canonical\" href=\"https:\/\/aktuelles.uni-frankfurt.de\/en\/hochschule\/nachhaltig-und-visionaer-siegerentwurf-fuer-das-gebaeude-des-frankfurt-conservation-centers-steht-fest\/\" \/>\n<meta property=\"og:locale\" content=\"en_GB\" \/>\n<meta property=\"og:type\" content=\"article\" \/>\n<meta property=\"og:title\" content=\"Nachhaltig und vision\u00e4r: Siegerentwurf f\u00fcr das Geb\u00e4ude des Frankfurt Conservation Centers steht fest | Aktuelles aus der Goethe-Universit\u00e4t Frankfurt\" \/>\n<meta property=\"og:description\" content=\"Das Frankfurt Conservation Center (FCC) soll auf dem Gel\u00e4nde des Frankfurter Zoos ein neues Zuhause bekommen. Aus dem Architekturwettbewerb f\u00fcr das geplante Geb\u00e4ude ging das Stuttgarter B\u00fcro haascookzemmrich STUDIO2050 als [&hellip;]\" \/>\n<meta property=\"og:url\" content=\"https:\/\/aktuelles.uni-frankfurt.de\/en\/hochschule\/nachhaltig-und-visionaer-siegerentwurf-fuer-das-gebaeude-des-frankfurt-conservation-centers-steht-fest\/\" \/>\n<meta property=\"og:site_name\" content=\"Aktuelles aus der Goethe-Universit\u00e4t Frankfurt\" \/>\n<meta property=\"article:published_time\" content=\"2026-03-02T11:51:19+00:00\" \/>\n<meta property=\"article:modified_time\" content=\"2026-03-02T11:51:20+00:00\" \/>\n<meta property=\"og:image\" content=\"https:\/\/aktuelles.uni-frankfurt.de\/wp-content\/uploads\/2026\/03\/beitragsbild-frankfurt-conservation-centers-siegerentwurf.jpg\" \/>\n\t<meta property=\"og:image:width\" content=\"650\" \/>\n\t<meta property=\"og:image:height\" content=\"450\" \/>\n\t<meta property=\"og:image:type\" content=\"image\/jpeg\" \/>\n<meta name=\"author\" content=\"-\" \/>\n<meta name=\"twitter:card\" content=\"summary_large_image\" \/>\n<meta name=\"twitter:label1\" content=\"Written by\" \/>\n\t<meta name=\"twitter:data1\" content=\"-\" \/>\n\t<meta name=\"twitter:label2\" content=\"Estimated reading time\" \/>\n\t<meta name=\"twitter:data2\" content=\"6 minutes\" \/>\n<script type=\"application\/ld+json\" class=\"yoast-schema-graph\">{\"@context\":\"https:\\\/\\\/schema.org\",\"@graph\":[{\"@type\":\"Article\",\"@id\":\"https:\\\/\\\/aktuelles.uni-frankfurt.de\\\/hochschule\\\/nachhaltig-und-visionaer-siegerentwurf-fuer-das-gebaeude-des-frankfurt-conservation-centers-steht-fest\\\/#article\",\"isPartOf\":{\"@id\":\"https:\\\/\\\/aktuelles.uni-frankfurt.de\\\/hochschule\\\/nachhaltig-und-visionaer-siegerentwurf-fuer-das-gebaeude-des-frankfurt-conservation-centers-steht-fest\\\/\"},\"author\":{\"name\":\"-\",\"@id\":\"https:\\\/\\\/aktuelles.uni-frankfurt.de\\\/#\\\/schema\\\/person\\\/8e55ea338fb65d1ce87a91565d1f1739\"},\"headline\":\"Nachhaltig und vision\u00e4r: Siegerentwurf f\u00fcr das Geb\u00e4ude des Frankfurt Conservation Centers steht fest\",\"datePublished\":\"2026-03-02T11:51:19+00:00\",\"dateModified\":\"2026-03-02T11:51:20+00:00\",\"mainEntityOfPage\":{\"@id\":\"https:\\\/\\\/aktuelles.uni-frankfurt.de\\\/hochschule\\\/nachhaltig-und-visionaer-siegerentwurf-fuer-das-gebaeude-des-frankfurt-conservation-centers-steht-fest\\\/\"},\"wordCount\":1136,\"publisher\":{\"@id\":\"https:\\\/\\\/aktuelles.uni-frankfurt.de\\\/#organization\"},\"image\":{\"@id\":\"https:\\\/\\\/aktuelles.uni-frankfurt.de\\\/hochschule\\\/nachhaltig-und-visionaer-siegerentwurf-fuer-das-gebaeude-des-frankfurt-conservation-centers-steht-fest\\\/#primaryimage\"},\"thumbnailUrl\":\"https:\\\/\\\/aktuelles.uni-frankfurt.de\\\/wp-content\\\/uploads\\\/2026\\\/03\\\/beitragsbild-frankfurt-conservation-centers-siegerentwurf.jpg\",\"keywords\":[\"Biowissenschaften\"],\"articleSection\":[\"Hochschule\"],\"inLanguage\":\"en-GB\"},{\"@type\":\"WebPage\",\"@id\":\"https:\\\/\\\/aktuelles.uni-frankfurt.de\\\/hochschule\\\/nachhaltig-und-visionaer-siegerentwurf-fuer-das-gebaeude-des-frankfurt-conservation-centers-steht-fest\\\/\",\"url\":\"https:\\\/\\\/aktuelles.uni-frankfurt.de\\\/hochschule\\\/nachhaltig-und-visionaer-siegerentwurf-fuer-das-gebaeude-des-frankfurt-conservation-centers-steht-fest\\\/\",\"name\":\"Nachhaltig und vision\u00e4r: Siegerentwurf f\u00fcr das Geb\u00e4ude des Frankfurt Conservation Centers steht fest | Aktuelles aus der Goethe-Universit\u00e4t Frankfurt\",\"isPartOf\":{\"@id\":\"https:\\\/\\\/aktuelles.uni-frankfurt.de\\\/#website\"},\"primaryImageOfPage\":{\"@id\":\"https:\\\/\\\/aktuelles.uni-frankfurt.de\\\/hochschule\\\/nachhaltig-und-visionaer-siegerentwurf-fuer-das-gebaeude-des-frankfurt-conservation-centers-steht-fest\\\/#primaryimage\"},\"image\":{\"@id\":\"https:\\\/\\\/aktuelles.uni-frankfurt.de\\\/hochschule\\\/nachhaltig-und-visionaer-siegerentwurf-fuer-das-gebaeude-des-frankfurt-conservation-centers-steht-fest\\\/#primaryimage\"},\"thumbnailUrl\":\"https:\\\/\\\/aktuelles.uni-frankfurt.de\\\/wp-content\\\/uploads\\\/2026\\\/03\\\/beitragsbild-frankfurt-conservation-centers-siegerentwurf.jpg\",\"datePublished\":\"2026-03-02T11:51:19+00:00\",\"dateModified\":\"2026-03-02T11:51:20+00:00\",\"breadcrumb\":{\"@id\":\"https:\\\/\\\/aktuelles.uni-frankfurt.de\\\/hochschule\\\/nachhaltig-und-visionaer-siegerentwurf-fuer-das-gebaeude-des-frankfurt-conservation-centers-steht-fest\\\/#breadcrumb\"},\"inLanguage\":\"en-GB\",\"potentialAction\":[{\"@type\":\"ReadAction\",\"target\":[\"https:\\\/\\\/aktuelles.uni-frankfurt.de\\\/hochschule\\\/nachhaltig-und-visionaer-siegerentwurf-fuer-das-gebaeude-des-frankfurt-conservation-centers-steht-fest\\\/\"]}]},{\"@type\":\"ImageObject\",\"inLanguage\":\"en-GB\",\"@id\":\"https:\\\/\\\/aktuelles.uni-frankfurt.de\\\/hochschule\\\/nachhaltig-und-visionaer-siegerentwurf-fuer-das-gebaeude-des-frankfurt-conservation-centers-steht-fest\\\/#primaryimage\",\"url\":\"https:\\\/\\\/aktuelles.uni-frankfurt.de\\\/wp-content\\\/uploads\\\/2026\\\/03\\\/beitragsbild-frankfurt-conservation-centers-siegerentwurf.jpg\",\"contentUrl\":\"https:\\\/\\\/aktuelles.uni-frankfurt.de\\\/wp-content\\\/uploads\\\/2026\\\/03\\\/beitragsbild-frankfurt-conservation-centers-siegerentwurf.jpg\",\"width\":650,\"height\":450,\"caption\":\"Gerenderte Ostansicht des ausgew\u00e4hlten Entwurfs aus Sicht der Waldschmidtstra\u00dfe. Quelle: haascookzemmrich STUDIO 2050 \\\/ ZGF\"},{\"@type\":\"BreadcrumbList\",\"@id\":\"https:\\\/\\\/aktuelles.uni-frankfurt.de\\\/hochschule\\\/nachhaltig-und-visionaer-siegerentwurf-fuer-das-gebaeude-des-frankfurt-conservation-centers-steht-fest\\\/#breadcrumb\",\"itemListElement\":[{\"@type\":\"ListItem\",\"position\":1,\"name\":\"Startseite\",\"item\":\"https:\\\/\\\/aktuelles.uni-frankfurt.de\\\/\"},{\"@type\":\"ListItem\",\"position\":2,\"name\":\"Nachhaltig und vision\u00e4r: Siegerentwurf f\u00fcr das Geb\u00e4ude des Frankfurt Conservation Centers steht fest\"}]},{\"@type\":\"WebSite\",\"@id\":\"https:\\\/\\\/aktuelles.uni-frankfurt.de\\\/#website\",\"url\":\"https:\\\/\\\/aktuelles.uni-frankfurt.de\\\/\",\"name\":\"Aktuelles aus der Goethe-Universit\u00e4t Frankfurt\",\"description\":\"Aktuelles aus der Goethe-Universit\u00e4t | Neues aus Forschung, Lehre, Studium\",\"publisher\":{\"@id\":\"https:\\\/\\\/aktuelles.uni-frankfurt.de\\\/#organization\"},\"potentialAction\":[{\"@type\":\"SearchAction\",\"target\":{\"@type\":\"EntryPoint\",\"urlTemplate\":\"https:\\\/\\\/aktuelles.uni-frankfurt.de\\\/?s={search_term_string}\"},\"query-input\":{\"@type\":\"PropertyValueSpecification\",\"valueRequired\":true,\"valueName\":\"search_term_string\"}}],\"inLanguage\":\"en-GB\"},{\"@type\":\"Organization\",\"@id\":\"https:\\\/\\\/aktuelles.uni-frankfurt.de\\\/#organization\",\"name\":\"Goethe-Universit\u00e4t\",\"url\":\"https:\\\/\\\/aktuelles.uni-frankfurt.de\\\/\",\"logo\":{\"@type\":\"ImageObject\",\"inLanguage\":\"en-GB\",\"@id\":\"https:\\\/\\\/aktuelles.uni-frankfurt.de\\\/#\\\/schema\\\/logo\\\/image\\\/\",\"url\":\"https:\\\/\\\/aktuelles.uni-frankfurt.de\\\/wp-content\\\/uploads\\\/2022\\\/03\\\/800px-Goethe-Logo.png\",\"contentUrl\":\"https:\\\/\\\/aktuelles.uni-frankfurt.de\\\/wp-content\\\/uploads\\\/2022\\\/03\\\/800px-Goethe-Logo.png\",\"width\":800,\"height\":436,\"caption\":\"Goethe-Universit\u00e4t\"},\"image\":{\"@id\":\"https:\\\/\\\/aktuelles.uni-frankfurt.de\\\/#\\\/schema\\\/logo\\\/image\\\/\"}},{\"@type\":\"Person\",\"@id\":\"https:\\\/\\\/aktuelles.uni-frankfurt.de\\\/#\\\/schema\\\/person\\\/8e55ea338fb65d1ce87a91565d1f1739\",\"name\":\"-\",\"description\":\"Dieser Beitrag wurde von der Online-Redaktion ver\u00f6ffentlicht. Wenn der Beitrag von einem Gastautoren verfasst wurde, findet sich dieser Hinweis am Ende des jeweiligen Artikels.\",\"sameAs\":[\"http:\\\/\\\/aktuelles.uni-frankfurt.de\\\/autoren\"],\"url\":\"https:\\\/\\\/aktuelles.uni-frankfurt.de\\\/en\\\/author\\\/redaktion\\\/\"}]}<\/script>\n<!-- \/ Yoast SEO plugin. -->","yoast_head_json":{"title":"Nachhaltig und vision\u00e4r: Siegerentwurf f\u00fcr das Geb\u00e4ude des Frankfurt Conservation Centers steht fest | Aktuelles aus der Goethe-Universit\u00e4t Frankfurt","robots":{"index":"index","follow":"follow","max-snippet":"max-snippet:-1","max-image-preview":"max-image-preview:large","max-video-preview":"max-video-preview:-1"},"canonical":"https:\/\/aktuelles.uni-frankfurt.de\/en\/hochschule\/nachhaltig-und-visionaer-siegerentwurf-fuer-das-gebaeude-des-frankfurt-conservation-centers-steht-fest\/","og_locale":"en_GB","og_type":"article","og_title":"Nachhaltig und vision\u00e4r: Siegerentwurf f\u00fcr das Geb\u00e4ude des Frankfurt Conservation Centers steht fest | Aktuelles aus der Goethe-Universit\u00e4t Frankfurt","og_description":"Das Frankfurt Conservation Center (FCC) soll auf dem Gel\u00e4nde des Frankfurter Zoos ein neues Zuhause bekommen. Aus dem Architekturwettbewerb f\u00fcr das geplante Geb\u00e4ude ging das Stuttgarter B\u00fcro haascookzemmrich STUDIO2050 als [&hellip;]","og_url":"https:\/\/aktuelles.uni-frankfurt.de\/en\/hochschule\/nachhaltig-und-visionaer-siegerentwurf-fuer-das-gebaeude-des-frankfurt-conservation-centers-steht-fest\/","og_site_name":"Aktuelles aus der Goethe-Universit\u00e4t Frankfurt","article_published_time":"2026-03-02T11:51:19+00:00","article_modified_time":"2026-03-02T11:51:20+00:00","og_image":[{"width":650,"height":450,"url":"https:\/\/aktuelles.uni-frankfurt.de\/wp-content\/uploads\/2026\/03\/beitragsbild-frankfurt-conservation-centers-siegerentwurf.jpg","type":"image\/jpeg"}],"author":"-","twitter_card":"summary_large_image","twitter_misc":{"Written by":"-","Estimated reading time":"6 minutes"},"schema":{"@context":"https:\/\/schema.org","@graph":[{"@type":"Article","@id":"https:\/\/aktuelles.uni-frankfurt.de\/hochschule\/nachhaltig-und-visionaer-siegerentwurf-fuer-das-gebaeude-des-frankfurt-conservation-centers-steht-fest\/#article","isPartOf":{"@id":"https:\/\/aktuelles.uni-frankfurt.de\/hochschule\/nachhaltig-und-visionaer-siegerentwurf-fuer-das-gebaeude-des-frankfurt-conservation-centers-steht-fest\/"},"author":{"name":"-","@id":"https:\/\/aktuelles.uni-frankfurt.de\/#\/schema\/person\/8e55ea338fb65d1ce87a91565d1f1739"},"headline":"Nachhaltig und vision\u00e4r: Siegerentwurf f\u00fcr das Geb\u00e4ude des Frankfurt Conservation Centers steht fest","datePublished":"2026-03-02T11:51:19+00:00","dateModified":"2026-03-02T11:51:20+00:00","mainEntityOfPage":{"@id":"https:\/\/aktuelles.uni-frankfurt.de\/hochschule\/nachhaltig-und-visionaer-siegerentwurf-fuer-das-gebaeude-des-frankfurt-conservation-centers-steht-fest\/"},"wordCount":1136,"publisher":{"@id":"https:\/\/aktuelles.uni-frankfurt.de\/#organization"},"image":{"@id":"https:\/\/aktuelles.uni-frankfurt.de\/hochschule\/nachhaltig-und-visionaer-siegerentwurf-fuer-das-gebaeude-des-frankfurt-conservation-centers-steht-fest\/#primaryimage"},"thumbnailUrl":"https:\/\/aktuelles.uni-frankfurt.de\/wp-content\/uploads\/2026\/03\/beitragsbild-frankfurt-conservation-centers-siegerentwurf.jpg","keywords":["Biowissenschaften"],"articleSection":["Hochschule"],"inLanguage":"en-GB"},{"@type":"WebPage","@id":"https:\/\/aktuelles.uni-frankfurt.de\/hochschule\/nachhaltig-und-visionaer-siegerentwurf-fuer-das-gebaeude-des-frankfurt-conservation-centers-steht-fest\/","url":"https:\/\/aktuelles.uni-frankfurt.de\/hochschule\/nachhaltig-und-visionaer-siegerentwurf-fuer-das-gebaeude-des-frankfurt-conservation-centers-steht-fest\/","name":"Nachhaltig und vision\u00e4r: Siegerentwurf f\u00fcr das Geb\u00e4ude des Frankfurt Conservation Centers steht fest | Aktuelles aus der Goethe-Universit\u00e4t Frankfurt","isPartOf":{"@id":"https:\/\/aktuelles.uni-frankfurt.de\/#website"},"primaryImageOfPage":{"@id":"https:\/\/aktuelles.uni-frankfurt.de\/hochschule\/nachhaltig-und-visionaer-siegerentwurf-fuer-das-gebaeude-des-frankfurt-conservation-centers-steht-fest\/#primaryimage"},"image":{"@id":"https:\/\/aktuelles.uni-frankfurt.de\/hochschule\/nachhaltig-und-visionaer-siegerentwurf-fuer-das-gebaeude-des-frankfurt-conservation-centers-steht-fest\/#primaryimage"},"thumbnailUrl":"https:\/\/aktuelles.uni-frankfurt.de\/wp-content\/uploads\/2026\/03\/beitragsbild-frankfurt-conservation-centers-siegerentwurf.jpg","datePublished":"2026-03-02T11:51:19+00:00","dateModified":"2026-03-02T11:51:20+00:00","breadcrumb":{"@id":"https:\/\/aktuelles.uni-frankfurt.de\/hochschule\/nachhaltig-und-visionaer-siegerentwurf-fuer-das-gebaeude-des-frankfurt-conservation-centers-steht-fest\/#breadcrumb"},"inLanguage":"en-GB","potentialAction":[{"@type":"ReadAction","target":["https:\/\/aktuelles.uni-frankfurt.de\/hochschule\/nachhaltig-und-visionaer-siegerentwurf-fuer-das-gebaeude-des-frankfurt-conservation-centers-steht-fest\/"]}]},{"@type":"ImageObject","inLanguage":"en-GB","@id":"https:\/\/aktuelles.uni-frankfurt.de\/hochschule\/nachhaltig-und-visionaer-siegerentwurf-fuer-das-gebaeude-des-frankfurt-conservation-centers-steht-fest\/#primaryimage","url":"https:\/\/aktuelles.uni-frankfurt.de\/wp-content\/uploads\/2026\/03\/beitragsbild-frankfurt-conservation-centers-siegerentwurf.jpg","contentUrl":"https:\/\/aktuelles.uni-frankfurt.de\/wp-content\/uploads\/2026\/03\/beitragsbild-frankfurt-conservation-centers-siegerentwurf.jpg","width":650,"height":450,"caption":"Gerenderte Ostansicht des ausgew\u00e4hlten Entwurfs aus Sicht der Waldschmidtstra\u00dfe. Quelle: haascookzemmrich STUDIO 2050 \/ ZGF"},{"@type":"BreadcrumbList","@id":"https:\/\/aktuelles.uni-frankfurt.de\/hochschule\/nachhaltig-und-visionaer-siegerentwurf-fuer-das-gebaeude-des-frankfurt-conservation-centers-steht-fest\/#breadcrumb","itemListElement":[{"@type":"ListItem","position":1,"name":"Startseite","item":"https:\/\/aktuelles.uni-frankfurt.de\/"},{"@type":"ListItem","position":2,"name":"Nachhaltig und vision\u00e4r: Siegerentwurf f\u00fcr das Geb\u00e4ude des Frankfurt Conservation Centers steht fest"}]},{"@type":"WebSite","@id":"https:\/\/aktuelles.uni-frankfurt.de\/#website","url":"https:\/\/aktuelles.uni-frankfurt.de\/","name":"Aktuelles aus der Goethe-Universit\u00e4t Frankfurt","description":"Aktuelles aus der Goethe-Universit\u00e4t | Neues aus Forschung, Lehre, Studium","publisher":{"@id":"https:\/\/aktuelles.uni-frankfurt.de\/#organization"},"potentialAction":[{"@type":"SearchAction","target":{"@type":"EntryPoint","urlTemplate":"https:\/\/aktuelles.uni-frankfurt.de\/?s={search_term_string}"},"query-input":{"@type":"PropertyValueSpecification","valueRequired":true,"valueName":"search_term_string"}}],"inLanguage":"en-GB"},{"@type":"Organization","@id":"https:\/\/aktuelles.uni-frankfurt.de\/#organization","name":"Goethe University Frankfurt","url":"https:\/\/aktuelles.uni-frankfurt.de\/","logo":{"@type":"ImageObject","inLanguage":"en-GB","@id":"https:\/\/aktuelles.uni-frankfurt.de\/#\/schema\/logo\/image\/","url":"https:\/\/aktuelles.uni-frankfurt.de\/wp-content\/uploads\/2022\/03\/800px-Goethe-Logo.png","contentUrl":"https:\/\/aktuelles.uni-frankfurt.de\/wp-content\/uploads\/2022\/03\/800px-Goethe-Logo.png","width":800,"height":436,"caption":"Goethe-Universit\u00e4t"},"image":{"@id":"https:\/\/aktuelles.uni-frankfurt.de\/#\/schema\/logo\/image\/"}},{"@type":"Person","@id":"https:\/\/aktuelles.uni-frankfurt.de\/#\/schema\/person\/8e55ea338fb65d1ce87a91565d1f1739","name":"-","description":"Dieser Beitrag wurde von der Online-Redaktion ver\u00f6ffentlicht. Wenn der Beitrag von einem Gastautoren verfasst wurde, findet sich dieser Hinweis am Ende des jeweiligen Artikels.","sameAs":["http:\/\/aktuelles.uni-frankfurt.de\/autoren"],"url":"https:\/\/aktuelles.uni-frankfurt.de\/en\/author\/redaktion\/"}]}},"_links":{"self":[{"href":"https:\/\/aktuelles.uni-frankfurt.de\/en\/wp-json\/wp\/v2\/posts\/87599","targetHints":{"allow":["GET"]}}],"collection":[{"href":"https:\/\/aktuelles.uni-frankfurt.de\/en\/wp-json\/wp\/v2\/posts"}],"about":[{"href":"https:\/\/aktuelles.uni-frankfurt.de\/en\/wp-json\/wp\/v2\/types\/post"}],"author":[{"embeddable":true,"href":"https:\/\/aktuelles.uni-frankfurt.de\/en\/wp-json\/wp\/v2\/users\/8"}],"replies":[{"embeddable":true,"href":"https:\/\/aktuelles.uni-frankfurt.de\/en\/wp-json\/wp\/v2\/comments?post=87599"}],"version-history":[{"count":0,"href":"https:\/\/aktuelles.uni-frankfurt.de\/en\/wp-json\/wp\/v2\/posts\/87599\/revisions"}],"wp:featuredmedia":[{"embeddable":true,"href":"https:\/\/aktuelles.uni-frankfurt.de\/en\/wp-json\/wp\/v2\/media\/87600"}],"wp:attachment":[{"href":"https:\/\/aktuelles.uni-frankfurt.de\/en\/wp-json\/wp\/v2\/media?parent=87599"}],"wp:term":[{"taxonomy":"category","embeddable":true,"href":"https:\/\/aktuelles.uni-frankfurt.de\/en\/wp-json\/wp\/v2\/categories?post=87599"},{"taxonomy":"post_tag","embeddable":true,"href":"https:\/\/aktuelles.uni-frankfurt.de\/en\/wp-json\/wp\/v2\/tags?post=87599"},{"taxonomy":"post_folder","embeddable":true,"href":"https:\/\/aktuelles.uni-frankfurt.de\/en\/wp-json\/wp\/v2\/post_folder?post=87599"}],"curies":[{"name":"wp","href":"https:\/\/api.w.org\/{rel}","templated":true}]}}