{"id":87668,"date":"2026-03-13T14:03:37","date_gmt":"2026-03-13T13:03:37","guid":{"rendered":"https:\/\/aktuelles.uni-frankfurt.de\/?p=87668"},"modified":"2026-03-13T14:25:50","modified_gmt":"2026-03-13T13:25:50","slug":"uni-praesident-schleiff-ruft-mit-20-weiteren-personen-aus-der-stadtgesellschaft-zur-kommunalwahl-auf","status":"publish","type":"post","link":"https:\/\/aktuelles.uni-frankfurt.de\/en\/gesellschaft\/uni-praesident-schleiff-ruft-mit-20-weiteren-personen-aus-der-stadtgesellschaft-zur-kommunalwahl-auf\/","title":{"rendered":"Uni-Pr\u00e4sident Schleiff ruft mit 20 weiteren Personen aus der Stadtgesellschaft zur Kommunalwahl auf"},"content":{"rendered":"<p class=\"has-background\" style=\"background-color:#eeeeee\">Auf Initiative des Pr\u00e4sidenten der Goethe-Universit\u00e4t, Prof. Dr. Enrico Schleiff, haben sich Pers\u00f6nlichkeiten aus Wissenschaft, Wirtschaft und Sport, Kultur und Stadtgesellschaft <a href=\"https:\/\/www.fr.de\/frankfurt\/prominente-werben-fuer-die-demokratie-bei-der-kommunalwahl-in-frankfurt-94216204.html\" target=\"_blank\" rel=\"noreferrer noopener\">zu diesem Gastbeitrag f\u00fcr die Frankfurter Rundschau anl\u00e4sslich der Kommunalwahlen in Hessen zusammengefunden. <\/a><\/p>\n\n\n\n<div style=\"height:20px\" aria-hidden=\"true\" class=\"wp-block-spacer\"><\/div>\n\n\n\n<p><a href=\"https:\/\/aktuelles.uni-frankfurt.de\/english\/university-president-schleiff-and-21-other-members-of-frankfurts-civic-community-issue-a-call-to-participate-in-the-municipal-elections\/\" type=\"post\" id=\"87676\">English Version<\/a><\/p>\n\n\n\n<h2 class=\"wp-block-heading\">Damit Frankfurt Frankfurt bleibt<\/h2>\n\n\n\n<h3 class=\"wp-block-heading\">Ein Aufruf zur Kommunalwahl aus Wissenschaft und Wirtschaft, Sport, Kultur und Stadtgesellschaft<\/h3>\n\n\n\n<p>Unser Frankfurt: eine gro\u00dfartige Stadt. Modern und traditionell zugleich, mit schicken und schmuddeligen Ecken, oft laut, manchmal still, immer bunt, lebendig, weltoffen. Die Diva vom Main, im Herzen von Europa. In einer starken Region, in der an vielen Orten Wirtschaftskraft, Innovationsfreude und Zukunftsoffenheit leben.<\/p>\n\n\n\n<p>Wir schreiben diesen Beitrag, weil uns Frankfurt und die Region wichtig sind \u2013 <em>dieses<\/em> Frankfurt, <em>diese<\/em> Region. Weil wir glauben, dass Sie dazu beitragen k\u00f6nnen, damit ihre guten Seiten erhalten bleiben und es L\u00f6sungen f\u00fcr ihre Probleme gibt: indem Sie w\u00e4hlen gehen und m\u00f6glichst viele Menschen davon \u00fcberzeugen, es Ihnen gleich zu tun.<\/p>\n\n\n\n<p>Denn am Sonntag sind Kommunalwahlen. Und leider sind demokratiefeindliche Stimmen zu h\u00f6ren: \u201eDie da oben machen doch was sie wollen, warum soll ich w\u00e4hlen gehen.\u201c Oder \u201ediese Politiker haben keine Ahnung vom richtigen Leben\u201c. Oder gar \u201ees br\u00e4uchte mal einen, der da richtig durchgreift\u201c.<\/p>\n\n\n\n<p>Stadtverordnete, Ortsbeiratsmitglieder, Mitglieder der Kommunalen Ausl\u00e4ndervertretung \u2013 all diese Menschen nehmen ihre Mandate ehrenamtlich wahr, zus\u00e4tzlich zu ihrem Job. Sie bekommen daf\u00fcr kein Gehalt, nur eine kleine Aufwandsentsch\u00e4digung \u2013 herzlichen Dank daf\u00fcr an dieser Stelle f\u00fcr dieses f\u00fcr uns so wichtige Engagement! Sie sind also gar nicht \u201edie da oben\u201c, sondern die von nebenan.<\/p>\n\n\n\n<p>Sie entscheiden \u00fcber wichtige Weichenstellungen. Wie gut sind Kitas und Schulen ausgestattet? Wie oft f\u00e4hrt der Bus? Wo entstehen neue Wohngebiete und Gewerbegebiete, Radwege oder Gr\u00fcnfl\u00e4chen? Wie werden Vereine, Kulturangebote und soziale Einrichtungen unterst\u00fctzt?<\/p>\n\n\n\n<p>Und neben ihrer inhaltlichen Bedeutung sind kommunale Parlamente das Fundament im Geb\u00e4ude der Demokratie. Hier beginnt Mitbestimmung: im Gespr\u00e4ch mit Nachbarinnen und Nachbarn, in B\u00fcrgerversammlungen, in der Fragestunde im Ortsbeirat, in Aussch\u00fcssen. Stadtverordnetenversammlung und Ortsbeir\u00e4te tagen \u00f6ffentlich. Wer hingeht, sieht und h\u00f6rt, wie engagierte Menschen sich um L\u00f6sungen f\u00fcr ihre Nachbarschaft, f\u00fcr ihre Stadt bem\u00fchen. Und erlebt, dass es gar nicht immer so einfach ist, die unterschiedlichen Interessen unter einen Hut zu bringen. Aber aller M\u00fchen wert ist.<\/p>\n\n\n\n<p>Hier wird Politik greif- und sichtbar. Gerade in Ortsbeir\u00e4ten finden sich oft Mehrheiten \u00fcber Fraktionsgrenzen hinweg. Parteien haben unterschiedliche Ans\u00e4tze, Werte und Schwerpunkte, aber hier ist oft und mehrheitlich ein Miteinander in der Sache \u2013 kein Gegeneinander. Der Weg zur Entscheidung ist der Kern der Demokratie: Aus unterschiedlichen Interessen, Werten, Schwerpunktsetzungen entstehen gemeinsame Wege.<\/p>\n\n\n\n<p>Wir sind engagierte Menschen aus Wirtschaft und Wissenschaft, Kultur, Sport und Stadtgesellschaft. Und wir sind Eltern, Fahrradfahrerinnen, Mieter und Hausbesitzer, Teamplayer \u2013 einfach B\u00fcrgerinnen und B\u00fcrger der Stadt, der Region. Uns liegt am Herzen, dass die demokratischen Prozesse funktionieren, im Interesse unserer Unternehmen, Vereine, Institutionen und in unserem ganz pers\u00f6nlichen Interesse. Ja, auch wir w\u00fcrden uns manchmal schnellere Entscheidungen w\u00fcnschen. Aber jede demokratisch gefundene L\u00f6sung ist besser, als wenn einzelne Gruppen ihre Interessen durchsetzen.<\/p>\n\n\n\n<p>Denn uns ist wichtig, dass unsere Stadt und die Region Rhein-Main in all ihrer Buntheit und Vielfalt, Weltoffenheit und manchmal auch Verr\u00fccktheit beieinanderbleiben. Dass sie frei bleiben und tolerant, vern\u00fcnftig und dialogf\u00e4hig. Unsere Unternehmen sind international, sie arbeiten \u00fcber Grenzen hinweg und brauchen Arbeitskr\u00e4fte aus aller Welt; Rassismus, Antisemitismus und Abschottungsfantasien schaden dem Wohlstand der ganzen Region. Auch Sport und Kultur sind darauf angewiesen, dass alle Menschen sich einbringen k\u00f6nnen, ungeachtet ihrer Herkunft, Religion, sexuellen Identit\u00e4t und anderer Eigenschaften. Wissenschaftlicher Fortschritt lebt davon, dass wir uns frei und offen austauschen k\u00f6nnen, ohne Zensur und mit gleichen Chancen f\u00fcr alle.<\/p>\n\n\n\n<p>V\u00f6llig klar: Es ist nicht alles gut. Deshalb diskutieren die meisten Parteien \u00fcber L\u00f6sungen, die ihren unterschiedlichen Schwerpunktsetzungen entsprechen. Genau das ist Demokratie: dass wir Meinungsunterschiede aushalten und fruchtbar machen, indem wir dar\u00fcber reden \u2013 und uns nicht immer unvers\u00f6hnlicher gegen\u00fcberstehen. Dass wir in der Sache diskutieren \u2013 und nicht \u00fcber populistische Scheinl\u00f6sungen.<\/p>\n\n\n\n<p>Deshalb h\u00e4ngen unsere Lebensqualit\u00e4t, unser Wohlstand, ja: unsere Freiheit auch davon ab, was bei diesen Wahlen geschieht. Wir brauchen keine ideologischen Spr\u00fccheklopfer, wir brauchen funktionierende Infrastrukturen und Sicherheit. Wir m\u00fcssen mit der Verkehrsbelastung und der Erderhitzung umgehen, um unsere Lebensqualit\u00e4t zu erhalten. Wir brauchen Wohnraum, den auch Menschen sich leisten k\u00f6nnen, die nicht im obersten Stockwerk eines Bankhochhauses arbeiten. Wir brauchen eine lebendige Kultur und eine funktionierende Bildung, um kluge K\u00f6pfe hierher zu holen und hier zu halten.&nbsp; Wir brauchen Raum f\u00fcr die Entwicklung des Gewerbes und der Kultur f\u00fcr alle. Wir brauchen eine Politik, die \u00fcber den eigenen Kirchturm hinausdenkt und die ganze Region im Blick hat.<\/p>\n\n\n\n<p>Und damit Frankfurt eine erfolgreiche, moderne Stadt in einer starken Rhein-Main-Region bleibt, brauchen wir Internationalit\u00e4t und Offenheit. Abschottung, Engstirnigkeit, Intoleranz und Hass vergiften nicht nur die Gesellschaft, sie schaden auch Wirtschaft und Sport, Wissenschaft und Kultur, sie vernichten Arbeitspl\u00e4tze, Wohlstand und Zukunftschancen. Es bereitet uns gro\u00dfe Sorgen, dass manche politische Parole unserer Tage mindestens die spie\u00dfige Enge der Nachkriegsjahre, manche auch die v\u00f6lkischen Fantasien der 1930er heraufbeschw\u00f6rt.<\/p>\n\n\n\n<p>Wir haben uns aus verschiedenen Perspektiven zu diesem Beitrag zusammengefunden. Wir blicken unterschiedlich auf viele Themen der Kommunalpolitik. Wir w\u00e4hlen vermutlich unterschiedliche Parteien. Aber wir haben eine gemeinsame Bitte: Gehen Sie am Sonntag zur Wahl. Wenn Sie B\u00fcrgerin oder B\u00fcrger eines EU-Landes sind, w\u00e4hlen Sie Stadtverordnetenversammlung und Ortsbeirat mit. Wenn Sie keinen deutschen Pass haben, w\u00e4hlen Sie die Kommunale Ausl\u00e4ndervertretung mit.<\/p>\n\n\n\n<p>Und bitte geben Sie Ihre Stimme jemandem, dem sie zutrauen, das Miteinander, die Vielfalt, unsere ganze Stadt im Blick zu haben. Denn wir alle gemeinsam sind diese manchmal launische, aber wundervoll bunte und energiegeladene, tolerante und weltoffene Diva am Main. Wir alle sind Frankfurt. Lasst es uns gemeinsam gestalten \u2013 wir haben eine Wahl!<\/p>\n\n\n\n<div style=\"height:20px\" aria-hidden=\"true\" class=\"wp-block-spacer\"><\/div>\n\n\n\n<p class=\"has-background\" style=\"background-color:#eeeeee\"><em>Er wird mitgetragen von:<br><\/em><br><strong>Hassan Annouri<\/strong><br>Musikproduzent und Vorsitzender des Vereins Wir sind alles Frankfurter<br><br><strong>Markus Fein<\/strong><br>Intendant und Gesch\u00e4ftsf\u00fchrer Alte Oper<br><br><strong>Nura Froemel<\/strong><br>Vorsitzende des Rates der Religionen<br><br><strong>Elmar Fulda<\/strong><br>Pr\u00e4sident der Hochschule f\u00fcr Musik und Darstellende Kunst<br><br><strong>Susanne Haus<\/strong><br>Pr\u00e4sidentin der Handwerkskammer Frankfurt-Rhein-Main<br><br><strong>Axel Hellmann<\/strong><br>Vorstandssprecher der Eintracht Frankfurt Fu\u00dfball AG<br><br><strong>Annabelle Hornung<\/strong><br>Direktorin des Museums f\u00fcr Kommunikation Frankfurt<br><br><strong>Christine Kopf<\/strong><br>K\u00fcnstlerische Direktorin des DFF \u2013 Deutsches Filminstitut &amp; Filmmuseum<br><br><strong>Stefan Kr\u00e4mer<\/strong><br>Gesch\u00e4ftsf\u00fchrender Gesellschafter der L\u00f6wen Frankfurt<br><br><strong>Robert Lempka<\/strong><br>Gesch\u00e4ftsf\u00fchrer FSV Frankfurt 1899 Fu\u00dfball GmbH<br><br><strong>Bernd Loebe<\/strong><br>Intendant und Gesch\u00e4ftsf\u00fchrer der Oper Frankfurt<br><br><strong>Sabine Mauderer<\/strong><br>Vizepr\u00e4sidentin der Deutschen Bundesbank<br><br><strong>Volker Mosbrugger<\/strong><br>Pr\u00e4sident der Polytechnischen Gesellschaft&nbsp; e. V.<br><br><strong>Henni Nachtsheim<\/strong><br>Comedian<br><br><strong>Petra R\u00f6mer<\/strong><br>Vorsitzende des Vorstands der Turngemeinde Bornheim 1860 e. V.<br><br><strong>Enrico Schleiff<\/strong><br>Pr\u00e4sident der Goethe-Universit\u00e4t<br><br><strong>Kai-Oliver Schocke<\/strong><br>Pr\u00e4sident der Frankfurt University of Applied Sciences<br><br><strong>Stefan Schulte<\/strong><br>Vorstandsvorsitzender Fraport AG<br><br><strong>Gunnar W\u00f6bke<\/strong><br>Vorstandsvorsitzender der Skyliners<br><br><strong>Juliane Wolf<\/strong><br>paralympische Tischtennisspielerin<br><br><strong>Marion Zerlin<\/strong><br>Gesch\u00e4ftsf\u00fchrerin F&amp;E Sanofi Aventis GmbH<\/p>\n\n\n\n<p><\/p>","protected":false},"excerpt":{"rendered":"<p>Auf Initiative des Pr\u00e4sidenten der Goethe-Universit\u00e4t, Prof. Dr. Enrico Schleiff, haben sich Pers\u00f6nlichkeiten aus Wissenschaft, Wirtschaft und Sport, Kultur und Stadtgesellschaft zu diesem Gastbeitrag f\u00fcr die Frankfurter Rundschau anl\u00e4sslich der [&hellip;]<\/p>\n","protected":false},"author":8,"featured_media":87704,"comment_status":"closed","ping_status":"closed","sticky":false,"template":"","format":"standard","meta":{"_eb_attr":"","_price":"","_stock":"","_tribe_ticket_header":"","_tribe_default_ticket_provider":"","_ticket_start_date":"","_ticket_end_date":"","_tribe_ticket_show_description":"","_tribe_ticket_show_not_going":false,"_tribe_ticket_use_global_stock":"","_tribe_ticket_global_stock_level":"","_global_stock_mode":"","_global_stock_cap":"","_tribe_rsvp_for_event":"","_tribe_ticket_going_count":"","_tribe_ticket_not_going_count":"","_tribe_tickets_list":"[]","_tribe_ticket_has_attendee_info_fields":false,"footnotes":""},"categories":[4,139],"tags":[],"post_folder":[],"class_list":["post-87668","post","type-post","status-publish","format-standard","has-post-thumbnail","hentry","category-gesellschaft","category-instagram"],"yoast_head":"<!-- This site is optimized with the Yoast SEO plugin v27.5 - https:\/\/yoast.com\/product\/yoast-seo-wordpress\/ -->\n<title>Uni-Pr\u00e4sident Schleiff ruft mit 20 weiteren Personen aus der Stadtgesellschaft zur Kommunalwahl auf | Aktuelles aus der Goethe-Universit\u00e4t Frankfurt<\/title>\n<meta name=\"robots\" content=\"index, follow, max-snippet:-1, max-image-preview:large, max-video-preview:-1\" \/>\n<link rel=\"canonical\" href=\"https:\/\/aktuelles.uni-frankfurt.de\/en\/gesellschaft\/uni-praesident-schleiff-ruft-mit-20-weiteren-personen-aus-der-stadtgesellschaft-zur-kommunalwahl-auf\/\" \/>\n<meta property=\"og:locale\" content=\"en_GB\" \/>\n<meta property=\"og:type\" content=\"article\" \/>\n<meta property=\"og:title\" content=\"Uni-Pr\u00e4sident Schleiff ruft mit 20 weiteren Personen aus der Stadtgesellschaft zur Kommunalwahl auf | Aktuelles aus der Goethe-Universit\u00e4t Frankfurt\" \/>\n<meta property=\"og:description\" content=\"Auf Initiative des Pr\u00e4sidenten der Goethe-Universit\u00e4t, Prof. Dr. Enrico Schleiff, haben sich Pers\u00f6nlichkeiten aus Wissenschaft, Wirtschaft und Sport, Kultur und Stadtgesellschaft zu diesem Gastbeitrag f\u00fcr die Frankfurter Rundschau anl\u00e4sslich der [&hellip;]\" \/>\n<meta property=\"og:url\" content=\"https:\/\/aktuelles.uni-frankfurt.de\/en\/gesellschaft\/uni-praesident-schleiff-ruft-mit-20-weiteren-personen-aus-der-stadtgesellschaft-zur-kommunalwahl-auf\/\" \/>\n<meta property=\"og:site_name\" content=\"Aktuelles aus der Goethe-Universit\u00e4t Frankfurt\" \/>\n<meta property=\"article:published_time\" content=\"2026-03-13T13:03:37+00:00\" \/>\n<meta property=\"article:modified_time\" content=\"2026-03-13T13:25:50+00:00\" \/>\n<meta property=\"og:image\" content=\"https:\/\/aktuelles.uni-frankfurt.de\/wp-content\/uploads\/2026\/03\/beitragsbild-wahlaufruf-2026c-shutterstock-650x450-1.jpg\" \/>\n\t<meta property=\"og:image:width\" content=\"650\" \/>\n\t<meta property=\"og:image:height\" content=\"450\" \/>\n\t<meta property=\"og:image:type\" content=\"image\/jpeg\" \/>\n<meta name=\"author\" content=\"-\" \/>\n<meta name=\"twitter:card\" content=\"summary_large_image\" \/>\n<meta name=\"twitter:label1\" content=\"Written by\" \/>\n\t<meta name=\"twitter:data1\" content=\"-\" \/>\n\t<meta name=\"twitter:label2\" content=\"Estimated reading time\" \/>\n\t<meta name=\"twitter:data2\" content=\"6 minutes\" \/>\n<script type=\"application\/ld+json\" class=\"yoast-schema-graph\">{\"@context\":\"https:\\\/\\\/schema.org\",\"@graph\":[{\"@type\":\"Article\",\"@id\":\"https:\\\/\\\/aktuelles.uni-frankfurt.de\\\/gesellschaft\\\/uni-praesident-schleiff-ruft-mit-20-weiteren-personen-aus-der-stadtgesellschaft-zur-kommunalwahl-auf\\\/#article\",\"isPartOf\":{\"@id\":\"https:\\\/\\\/aktuelles.uni-frankfurt.de\\\/gesellschaft\\\/uni-praesident-schleiff-ruft-mit-20-weiteren-personen-aus-der-stadtgesellschaft-zur-kommunalwahl-auf\\\/\"},\"author\":{\"name\":\"-\",\"@id\":\"https:\\\/\\\/aktuelles.uni-frankfurt.de\\\/#\\\/schema\\\/person\\\/8e55ea338fb65d1ce87a91565d1f1739\"},\"headline\":\"Uni-Pr\u00e4sident Schleiff ruft mit 20 weiteren Personen aus der Stadtgesellschaft zur Kommunalwahl auf\",\"datePublished\":\"2026-03-13T13:03:37+00:00\",\"dateModified\":\"2026-03-13T13:25:50+00:00\",\"mainEntityOfPage\":{\"@id\":\"https:\\\/\\\/aktuelles.uni-frankfurt.de\\\/gesellschaft\\\/uni-praesident-schleiff-ruft-mit-20-weiteren-personen-aus-der-stadtgesellschaft-zur-kommunalwahl-auf\\\/\"},\"wordCount\":1198,\"publisher\":{\"@id\":\"https:\\\/\\\/aktuelles.uni-frankfurt.de\\\/#organization\"},\"image\":{\"@id\":\"https:\\\/\\\/aktuelles.uni-frankfurt.de\\\/gesellschaft\\\/uni-praesident-schleiff-ruft-mit-20-weiteren-personen-aus-der-stadtgesellschaft-zur-kommunalwahl-auf\\\/#primaryimage\"},\"thumbnailUrl\":\"https:\\\/\\\/aktuelles.uni-frankfurt.de\\\/wp-content\\\/uploads\\\/2026\\\/03\\\/beitragsbild-wahlaufruf-2026c-shutterstock-650x450-1.jpg\",\"articleSection\":[\"Gesellschaft\",\"Instagram\"],\"inLanguage\":\"en-GB\"},{\"@type\":\"WebPage\",\"@id\":\"https:\\\/\\\/aktuelles.uni-frankfurt.de\\\/gesellschaft\\\/uni-praesident-schleiff-ruft-mit-20-weiteren-personen-aus-der-stadtgesellschaft-zur-kommunalwahl-auf\\\/\",\"url\":\"https:\\\/\\\/aktuelles.uni-frankfurt.de\\\/gesellschaft\\\/uni-praesident-schleiff-ruft-mit-20-weiteren-personen-aus-der-stadtgesellschaft-zur-kommunalwahl-auf\\\/\",\"name\":\"Uni-Pr\u00e4sident Schleiff ruft mit 20 weiteren Personen aus der Stadtgesellschaft zur Kommunalwahl auf | Aktuelles aus der Goethe-Universit\u00e4t Frankfurt\",\"isPartOf\":{\"@id\":\"https:\\\/\\\/aktuelles.uni-frankfurt.de\\\/#website\"},\"primaryImageOfPage\":{\"@id\":\"https:\\\/\\\/aktuelles.uni-frankfurt.de\\\/gesellschaft\\\/uni-praesident-schleiff-ruft-mit-20-weiteren-personen-aus-der-stadtgesellschaft-zur-kommunalwahl-auf\\\/#primaryimage\"},\"image\":{\"@id\":\"https:\\\/\\\/aktuelles.uni-frankfurt.de\\\/gesellschaft\\\/uni-praesident-schleiff-ruft-mit-20-weiteren-personen-aus-der-stadtgesellschaft-zur-kommunalwahl-auf\\\/#primaryimage\"},\"thumbnailUrl\":\"https:\\\/\\\/aktuelles.uni-frankfurt.de\\\/wp-content\\\/uploads\\\/2026\\\/03\\\/beitragsbild-wahlaufruf-2026c-shutterstock-650x450-1.jpg\",\"datePublished\":\"2026-03-13T13:03:37+00:00\",\"dateModified\":\"2026-03-13T13:25:50+00:00\",\"breadcrumb\":{\"@id\":\"https:\\\/\\\/aktuelles.uni-frankfurt.de\\\/gesellschaft\\\/uni-praesident-schleiff-ruft-mit-20-weiteren-personen-aus-der-stadtgesellschaft-zur-kommunalwahl-auf\\\/#breadcrumb\"},\"inLanguage\":\"en-GB\",\"potentialAction\":[{\"@type\":\"ReadAction\",\"target\":[\"https:\\\/\\\/aktuelles.uni-frankfurt.de\\\/gesellschaft\\\/uni-praesident-schleiff-ruft-mit-20-weiteren-personen-aus-der-stadtgesellschaft-zur-kommunalwahl-auf\\\/\"]}]},{\"@type\":\"ImageObject\",\"inLanguage\":\"en-GB\",\"@id\":\"https:\\\/\\\/aktuelles.uni-frankfurt.de\\\/gesellschaft\\\/uni-praesident-schleiff-ruft-mit-20-weiteren-personen-aus-der-stadtgesellschaft-zur-kommunalwahl-auf\\\/#primaryimage\",\"url\":\"https:\\\/\\\/aktuelles.uni-frankfurt.de\\\/wp-content\\\/uploads\\\/2026\\\/03\\\/beitragsbild-wahlaufruf-2026c-shutterstock-650x450-1.jpg\",\"contentUrl\":\"https:\\\/\\\/aktuelles.uni-frankfurt.de\\\/wp-content\\\/uploads\\\/2026\\\/03\\\/beitragsbild-wahlaufruf-2026c-shutterstock-650x450-1.jpg\",\"width\":650,\"height\":450},{\"@type\":\"BreadcrumbList\",\"@id\":\"https:\\\/\\\/aktuelles.uni-frankfurt.de\\\/gesellschaft\\\/uni-praesident-schleiff-ruft-mit-20-weiteren-personen-aus-der-stadtgesellschaft-zur-kommunalwahl-auf\\\/#breadcrumb\",\"itemListElement\":[{\"@type\":\"ListItem\",\"position\":1,\"name\":\"Startseite\",\"item\":\"https:\\\/\\\/aktuelles.uni-frankfurt.de\\\/\"},{\"@type\":\"ListItem\",\"position\":2,\"name\":\"Uni-Pr\u00e4sident Schleiff ruft mit 20 weiteren Personen aus der Stadtgesellschaft zur Kommunalwahl auf\"}]},{\"@type\":\"WebSite\",\"@id\":\"https:\\\/\\\/aktuelles.uni-frankfurt.de\\\/#website\",\"url\":\"https:\\\/\\\/aktuelles.uni-frankfurt.de\\\/\",\"name\":\"Aktuelles aus der Goethe-Universit\u00e4t Frankfurt\",\"description\":\"Aktuelles aus der Goethe-Universit\u00e4t | Neues aus Forschung, Lehre, Studium\",\"publisher\":{\"@id\":\"https:\\\/\\\/aktuelles.uni-frankfurt.de\\\/#organization\"},\"potentialAction\":[{\"@type\":\"SearchAction\",\"target\":{\"@type\":\"EntryPoint\",\"urlTemplate\":\"https:\\\/\\\/aktuelles.uni-frankfurt.de\\\/?s={search_term_string}\"},\"query-input\":{\"@type\":\"PropertyValueSpecification\",\"valueRequired\":true,\"valueName\":\"search_term_string\"}}],\"inLanguage\":\"en-GB\"},{\"@type\":\"Organization\",\"@id\":\"https:\\\/\\\/aktuelles.uni-frankfurt.de\\\/#organization\",\"name\":\"Goethe-Universit\u00e4t\",\"url\":\"https:\\\/\\\/aktuelles.uni-frankfurt.de\\\/\",\"logo\":{\"@type\":\"ImageObject\",\"inLanguage\":\"en-GB\",\"@id\":\"https:\\\/\\\/aktuelles.uni-frankfurt.de\\\/#\\\/schema\\\/logo\\\/image\\\/\",\"url\":\"https:\\\/\\\/aktuelles.uni-frankfurt.de\\\/wp-content\\\/uploads\\\/2022\\\/03\\\/800px-Goethe-Logo.png\",\"contentUrl\":\"https:\\\/\\\/aktuelles.uni-frankfurt.de\\\/wp-content\\\/uploads\\\/2022\\\/03\\\/800px-Goethe-Logo.png\",\"width\":800,\"height\":436,\"caption\":\"Goethe-Universit\u00e4t\"},\"image\":{\"@id\":\"https:\\\/\\\/aktuelles.uni-frankfurt.de\\\/#\\\/schema\\\/logo\\\/image\\\/\"}},{\"@type\":\"Person\",\"@id\":\"https:\\\/\\\/aktuelles.uni-frankfurt.de\\\/#\\\/schema\\\/person\\\/8e55ea338fb65d1ce87a91565d1f1739\",\"name\":\"-\",\"description\":\"Dieser Beitrag wurde von der Online-Redaktion ver\u00f6ffentlicht. Wenn der Beitrag von einem Gastautoren verfasst wurde, findet sich dieser Hinweis am Ende des jeweiligen Artikels.\",\"sameAs\":[\"http:\\\/\\\/aktuelles.uni-frankfurt.de\\\/autoren\"],\"url\":\"https:\\\/\\\/aktuelles.uni-frankfurt.de\\\/en\\\/author\\\/redaktion\\\/\"}]}<\/script>\n<!-- \/ Yoast SEO plugin. -->","yoast_head_json":{"title":"Uni-Pr\u00e4sident Schleiff ruft mit 20 weiteren Personen aus der Stadtgesellschaft zur Kommunalwahl auf | Aktuelles aus der Goethe-Universit\u00e4t Frankfurt","robots":{"index":"index","follow":"follow","max-snippet":"max-snippet:-1","max-image-preview":"max-image-preview:large","max-video-preview":"max-video-preview:-1"},"canonical":"https:\/\/aktuelles.uni-frankfurt.de\/en\/gesellschaft\/uni-praesident-schleiff-ruft-mit-20-weiteren-personen-aus-der-stadtgesellschaft-zur-kommunalwahl-auf\/","og_locale":"en_GB","og_type":"article","og_title":"Uni-Pr\u00e4sident Schleiff ruft mit 20 weiteren Personen aus der Stadtgesellschaft zur Kommunalwahl auf | Aktuelles aus der Goethe-Universit\u00e4t Frankfurt","og_description":"Auf Initiative des Pr\u00e4sidenten der Goethe-Universit\u00e4t, Prof. Dr. Enrico Schleiff, haben sich Pers\u00f6nlichkeiten aus Wissenschaft, Wirtschaft und Sport, Kultur und Stadtgesellschaft zu diesem Gastbeitrag f\u00fcr die Frankfurter Rundschau anl\u00e4sslich der [&hellip;]","og_url":"https:\/\/aktuelles.uni-frankfurt.de\/en\/gesellschaft\/uni-praesident-schleiff-ruft-mit-20-weiteren-personen-aus-der-stadtgesellschaft-zur-kommunalwahl-auf\/","og_site_name":"Aktuelles aus der Goethe-Universit\u00e4t Frankfurt","article_published_time":"2026-03-13T13:03:37+00:00","article_modified_time":"2026-03-13T13:25:50+00:00","og_image":[{"width":650,"height":450,"url":"https:\/\/aktuelles.uni-frankfurt.de\/wp-content\/uploads\/2026\/03\/beitragsbild-wahlaufruf-2026c-shutterstock-650x450-1.jpg","type":"image\/jpeg"}],"author":"-","twitter_card":"summary_large_image","twitter_misc":{"Written by":"-","Estimated reading time":"6 minutes"},"schema":{"@context":"https:\/\/schema.org","@graph":[{"@type":"Article","@id":"https:\/\/aktuelles.uni-frankfurt.de\/gesellschaft\/uni-praesident-schleiff-ruft-mit-20-weiteren-personen-aus-der-stadtgesellschaft-zur-kommunalwahl-auf\/#article","isPartOf":{"@id":"https:\/\/aktuelles.uni-frankfurt.de\/gesellschaft\/uni-praesident-schleiff-ruft-mit-20-weiteren-personen-aus-der-stadtgesellschaft-zur-kommunalwahl-auf\/"},"author":{"name":"-","@id":"https:\/\/aktuelles.uni-frankfurt.de\/#\/schema\/person\/8e55ea338fb65d1ce87a91565d1f1739"},"headline":"Uni-Pr\u00e4sident Schleiff ruft mit 20 weiteren Personen aus der Stadtgesellschaft zur Kommunalwahl auf","datePublished":"2026-03-13T13:03:37+00:00","dateModified":"2026-03-13T13:25:50+00:00","mainEntityOfPage":{"@id":"https:\/\/aktuelles.uni-frankfurt.de\/gesellschaft\/uni-praesident-schleiff-ruft-mit-20-weiteren-personen-aus-der-stadtgesellschaft-zur-kommunalwahl-auf\/"},"wordCount":1198,"publisher":{"@id":"https:\/\/aktuelles.uni-frankfurt.de\/#organization"},"image":{"@id":"https:\/\/aktuelles.uni-frankfurt.de\/gesellschaft\/uni-praesident-schleiff-ruft-mit-20-weiteren-personen-aus-der-stadtgesellschaft-zur-kommunalwahl-auf\/#primaryimage"},"thumbnailUrl":"https:\/\/aktuelles.uni-frankfurt.de\/wp-content\/uploads\/2026\/03\/beitragsbild-wahlaufruf-2026c-shutterstock-650x450-1.jpg","articleSection":["Gesellschaft","Instagram"],"inLanguage":"en-GB"},{"@type":"WebPage","@id":"https:\/\/aktuelles.uni-frankfurt.de\/gesellschaft\/uni-praesident-schleiff-ruft-mit-20-weiteren-personen-aus-der-stadtgesellschaft-zur-kommunalwahl-auf\/","url":"https:\/\/aktuelles.uni-frankfurt.de\/gesellschaft\/uni-praesident-schleiff-ruft-mit-20-weiteren-personen-aus-der-stadtgesellschaft-zur-kommunalwahl-auf\/","name":"Uni-Pr\u00e4sident Schleiff ruft mit 20 weiteren Personen aus der Stadtgesellschaft zur Kommunalwahl auf | Aktuelles aus der Goethe-Universit\u00e4t Frankfurt","isPartOf":{"@id":"https:\/\/aktuelles.uni-frankfurt.de\/#website"},"primaryImageOfPage":{"@id":"https:\/\/aktuelles.uni-frankfurt.de\/gesellschaft\/uni-praesident-schleiff-ruft-mit-20-weiteren-personen-aus-der-stadtgesellschaft-zur-kommunalwahl-auf\/#primaryimage"},"image":{"@id":"https:\/\/aktuelles.uni-frankfurt.de\/gesellschaft\/uni-praesident-schleiff-ruft-mit-20-weiteren-personen-aus-der-stadtgesellschaft-zur-kommunalwahl-auf\/#primaryimage"},"thumbnailUrl":"https:\/\/aktuelles.uni-frankfurt.de\/wp-content\/uploads\/2026\/03\/beitragsbild-wahlaufruf-2026c-shutterstock-650x450-1.jpg","datePublished":"2026-03-13T13:03:37+00:00","dateModified":"2026-03-13T13:25:50+00:00","breadcrumb":{"@id":"https:\/\/aktuelles.uni-frankfurt.de\/gesellschaft\/uni-praesident-schleiff-ruft-mit-20-weiteren-personen-aus-der-stadtgesellschaft-zur-kommunalwahl-auf\/#breadcrumb"},"inLanguage":"en-GB","potentialAction":[{"@type":"ReadAction","target":["https:\/\/aktuelles.uni-frankfurt.de\/gesellschaft\/uni-praesident-schleiff-ruft-mit-20-weiteren-personen-aus-der-stadtgesellschaft-zur-kommunalwahl-auf\/"]}]},{"@type":"ImageObject","inLanguage":"en-GB","@id":"https:\/\/aktuelles.uni-frankfurt.de\/gesellschaft\/uni-praesident-schleiff-ruft-mit-20-weiteren-personen-aus-der-stadtgesellschaft-zur-kommunalwahl-auf\/#primaryimage","url":"https:\/\/aktuelles.uni-frankfurt.de\/wp-content\/uploads\/2026\/03\/beitragsbild-wahlaufruf-2026c-shutterstock-650x450-1.jpg","contentUrl":"https:\/\/aktuelles.uni-frankfurt.de\/wp-content\/uploads\/2026\/03\/beitragsbild-wahlaufruf-2026c-shutterstock-650x450-1.jpg","width":650,"height":450},{"@type":"BreadcrumbList","@id":"https:\/\/aktuelles.uni-frankfurt.de\/gesellschaft\/uni-praesident-schleiff-ruft-mit-20-weiteren-personen-aus-der-stadtgesellschaft-zur-kommunalwahl-auf\/#breadcrumb","itemListElement":[{"@type":"ListItem","position":1,"name":"Startseite","item":"https:\/\/aktuelles.uni-frankfurt.de\/"},{"@type":"ListItem","position":2,"name":"Uni-Pr\u00e4sident Schleiff ruft mit 20 weiteren Personen aus der Stadtgesellschaft zur Kommunalwahl auf"}]},{"@type":"WebSite","@id":"https:\/\/aktuelles.uni-frankfurt.de\/#website","url":"https:\/\/aktuelles.uni-frankfurt.de\/","name":"Aktuelles aus der Goethe-Universit\u00e4t Frankfurt","description":"Aktuelles aus der Goethe-Universit\u00e4t | Neues aus Forschung, Lehre, Studium","publisher":{"@id":"https:\/\/aktuelles.uni-frankfurt.de\/#organization"},"potentialAction":[{"@type":"SearchAction","target":{"@type":"EntryPoint","urlTemplate":"https:\/\/aktuelles.uni-frankfurt.de\/?s={search_term_string}"},"query-input":{"@type":"PropertyValueSpecification","valueRequired":true,"valueName":"search_term_string"}}],"inLanguage":"en-GB"},{"@type":"Organization","@id":"https:\/\/aktuelles.uni-frankfurt.de\/#organization","name":"Goethe University Frankfurt","url":"https:\/\/aktuelles.uni-frankfurt.de\/","logo":{"@type":"ImageObject","inLanguage":"en-GB","@id":"https:\/\/aktuelles.uni-frankfurt.de\/#\/schema\/logo\/image\/","url":"https:\/\/aktuelles.uni-frankfurt.de\/wp-content\/uploads\/2022\/03\/800px-Goethe-Logo.png","contentUrl":"https:\/\/aktuelles.uni-frankfurt.de\/wp-content\/uploads\/2022\/03\/800px-Goethe-Logo.png","width":800,"height":436,"caption":"Goethe-Universit\u00e4t"},"image":{"@id":"https:\/\/aktuelles.uni-frankfurt.de\/#\/schema\/logo\/image\/"}},{"@type":"Person","@id":"https:\/\/aktuelles.uni-frankfurt.de\/#\/schema\/person\/8e55ea338fb65d1ce87a91565d1f1739","name":"-","description":"Dieser Beitrag wurde von der Online-Redaktion ver\u00f6ffentlicht. Wenn der Beitrag von einem Gastautoren verfasst wurde, findet sich dieser Hinweis am Ende des jeweiligen Artikels.","sameAs":["http:\/\/aktuelles.uni-frankfurt.de\/autoren"],"url":"https:\/\/aktuelles.uni-frankfurt.de\/en\/author\/redaktion\/"}]}},"_links":{"self":[{"href":"https:\/\/aktuelles.uni-frankfurt.de\/en\/wp-json\/wp\/v2\/posts\/87668","targetHints":{"allow":["GET"]}}],"collection":[{"href":"https:\/\/aktuelles.uni-frankfurt.de\/en\/wp-json\/wp\/v2\/posts"}],"about":[{"href":"https:\/\/aktuelles.uni-frankfurt.de\/en\/wp-json\/wp\/v2\/types\/post"}],"author":[{"embeddable":true,"href":"https:\/\/aktuelles.uni-frankfurt.de\/en\/wp-json\/wp\/v2\/users\/8"}],"replies":[{"embeddable":true,"href":"https:\/\/aktuelles.uni-frankfurt.de\/en\/wp-json\/wp\/v2\/comments?post=87668"}],"version-history":[{"count":0,"href":"https:\/\/aktuelles.uni-frankfurt.de\/en\/wp-json\/wp\/v2\/posts\/87668\/revisions"}],"wp:featuredmedia":[{"embeddable":true,"href":"https:\/\/aktuelles.uni-frankfurt.de\/en\/wp-json\/wp\/v2\/media\/87704"}],"wp:attachment":[{"href":"https:\/\/aktuelles.uni-frankfurt.de\/en\/wp-json\/wp\/v2\/media?parent=87668"}],"wp:term":[{"taxonomy":"category","embeddable":true,"href":"https:\/\/aktuelles.uni-frankfurt.de\/en\/wp-json\/wp\/v2\/categories?post=87668"},{"taxonomy":"post_tag","embeddable":true,"href":"https:\/\/aktuelles.uni-frankfurt.de\/en\/wp-json\/wp\/v2\/tags?post=87668"},{"taxonomy":"post_folder","embeddable":true,"href":"https:\/\/aktuelles.uni-frankfurt.de\/en\/wp-json\/wp\/v2\/post_folder?post=87668"}],"curies":[{"name":"wp","href":"https:\/\/api.w.org\/{rel}","templated":true}]}}