{"id":87691,"date":"2026-03-12T12:13:35","date_gmt":"2026-03-12T11:13:35","guid":{"rendered":"https:\/\/aktuelles.uni-frankfurt.de\/?p=87691"},"modified":"2026-03-12T12:14:01","modified_gmt":"2026-03-12T11:14:01","slug":"start-stipendien-fuer-internationale-promovierende-sommersemester-2026","status":"publish","type":"post","link":"https:\/\/aktuelles.uni-frankfurt.de\/en\/hochschule\/start-stipendien-fuer-internationale-promovierende-sommersemester-2026\/","title":{"rendered":"Start-Stipendien f\u00fcr internationale Promovierende \u2013 Sommersemester 2026"},"content":{"rendered":"<p>Die Goethe Research Academy for Early Career Researchers (GRADE) vergibt aus Mitteln des Franz Adickes Stiftungsfonds bis zu 15 Start-Stipendien an internationale Kandidat*innen, die ihre Promotion an der Goethe-Universit\u00e4t Frankfurt vorbereiten oder beginnen.<\/p>\n\n\n\n<p>Internationale Kandidat*innen stehen beim Start einer Promotion in Frankfurt vor besonderen Herausforderungen: bspw. bei der Suche nach und Einrichtung von Wohnungen oder im Umgang mit dem Aufenthaltsrecht sowie mit dem komplizierten deutschen Promotionsfinanzierungssystem inklusive der Sprachanforderungen f\u00fcr Stipendienbewerbungen. Die Stipendien sollen ihnen den Start des Promotionsprojekts erleichtern, indem Vorbereitung und Start ihres Forschungsprojekts finanziert werden. Das Stipendium betr\u00e4gt 1650 Euro \/ Monat \u00fcber einen Zeitraum von 3 Monaten. Voraussetzungen f\u00fcr eine F\u00f6rderung sind:<\/p>\n\n\n\n<ul class=\"wp-block-list\">\n<li>nicht-deutsche Staatsangeh\u00f6rigkeit<\/li>\n\n\n\n<li>Hochschulzugangsberechtigung (z.\u00a0B. Schulabschluss) au\u00dferhalb Deutschlands erworben<\/li>\n\n\n\n<li>promotionsberechtigendes Studium (z.\u00a0B. Master) abgeschlossen oder weitgehend abgeschlossen<\/li>\n\n\n\n<li>Promotionsbetreuer*in an Goethe-Universit\u00e4t vorhanden<\/li>\n\n\n\n<li>Kandidat*innen m\u00fcssen entweder eine Bewerbung f\u00fcr die Finanzierung ihres Promotionsprojekts eingereicht haben oder eine Finanzierungszusage von ihrer Betreuungsperson erhalten haben.<\/li>\n<\/ul>\n\n\n\n<p>W\u00e4hrend der F\u00f6rderung k\u00f6nnen die Stipendiat*innen nicht in erheblichem Umfang besch\u00e4ftigt sein oder ein anderes Promotionsstipendium erhalten.<\/p>\n\n\n\n<p><strong><br>Bewerbungsfrist: 8. Mai 2026<\/strong><\/p>\n\n\n\n<p>Alle weiteren Informationen sowie die Formulare zur Bewerbung finden Sie unter <a href=\"https:\/\/tinygu.de\/Finanzierung\">https:\/\/tinygu.de\/Finanzierung<\/a><\/p>","protected":false},"excerpt":{"rendered":"<p>Die Goethe Research Academy for Early Career Researchers (GRADE) vergibt aus Mitteln des Franz Adickes Stiftungsfonds bis zu 15 Start-Stipendien an internationale Kandidat*innen, die ihre Promotion an der Goethe-Universit\u00e4t Frankfurt [&hellip;]<\/p>\n","protected":false},"author":8,"featured_media":53025,"comment_status":"closed","ping_status":"closed","sticky":false,"template":"","format":"standard","meta":{"_eb_attr":"","_price":"","_stock":"","_tribe_ticket_header":"","_tribe_default_ticket_provider":"","_ticket_start_date":"","_ticket_end_date":"","_tribe_ticket_show_description":"","_tribe_ticket_show_not_going":false,"_tribe_ticket_use_global_stock":"","_tribe_ticket_global_stock_level":"","_global_stock_mode":"","_global_stock_cap":"","_tribe_rsvp_for_event":"","_tribe_ticket_going_count":"","_tribe_ticket_not_going_count":"","_tribe_tickets_list":"[]","_tribe_ticket_has_attendee_info_fields":false,"footnotes":""},"categories":[8],"tags":[162],"post_folder":[],"class_list":["post-87691","post","type-post","status-publish","format-standard","has-post-thumbnail","hentry","category-hochschule","tag-grade"],"yoast_head":"<!-- This site is optimized with the Yoast SEO plugin v27.5 - https:\/\/yoast.com\/product\/yoast-seo-wordpress\/ -->\n<title>Start-Stipendien f\u00fcr internationale Promovierende \u2013 Sommersemester 2026 | Aktuelles aus der Goethe-Universit\u00e4t Frankfurt<\/title>\n<meta name=\"robots\" content=\"index, follow, max-snippet:-1, max-image-preview:large, max-video-preview:-1\" \/>\n<link rel=\"canonical\" href=\"https:\/\/aktuelles.uni-frankfurt.de\/en\/hochschule\/start-stipendien-fuer-internationale-promovierende-sommersemester-2026\/\" \/>\n<meta property=\"og:locale\" content=\"en_GB\" \/>\n<meta property=\"og:type\" content=\"article\" \/>\n<meta property=\"og:title\" content=\"Start-Stipendien f\u00fcr internationale Promovierende \u2013 Sommersemester 2026 | Aktuelles aus der Goethe-Universit\u00e4t Frankfurt\" \/>\n<meta property=\"og:description\" content=\"Die Goethe Research Academy for Early Career Researchers (GRADE) vergibt aus Mitteln des Franz Adickes Stiftungsfonds bis zu 15 Start-Stipendien an internationale Kandidat*innen, die ihre Promotion an der Goethe-Universit\u00e4t Frankfurt [&hellip;]\" \/>\n<meta property=\"og:url\" content=\"https:\/\/aktuelles.uni-frankfurt.de\/en\/hochschule\/start-stipendien-fuer-internationale-promovierende-sommersemester-2026\/\" \/>\n<meta property=\"og:site_name\" content=\"Aktuelles aus der Goethe-Universit\u00e4t Frankfurt\" \/>\n<meta property=\"article:published_time\" content=\"2026-03-12T11:13:35+00:00\" \/>\n<meta property=\"article:modified_time\" content=\"2026-03-12T11:14:01+00:00\" \/>\n<meta property=\"og:image\" content=\"https:\/\/aktuelles.uni-frankfurt.de\/wp-content\/uploads\/2021\/10\/beitragsbild_allgemein-goethe-uni-webmagazin.jpg\" \/>\n\t<meta property=\"og:image:width\" content=\"650\" \/>\n\t<meta property=\"og:image:height\" content=\"450\" \/>\n\t<meta property=\"og:image:type\" content=\"image\/jpeg\" \/>\n<meta name=\"author\" content=\"-\" \/>\n<meta name=\"twitter:card\" content=\"summary_large_image\" \/>\n<meta name=\"twitter:label1\" content=\"Written by\" \/>\n\t<meta name=\"twitter:data1\" content=\"-\" \/>\n\t<meta name=\"twitter:label2\" content=\"Estimated reading time\" \/>\n\t<meta name=\"twitter:data2\" content=\"1 minute\" \/>\n<script type=\"application\/ld+json\" class=\"yoast-schema-graph\">{\"@context\":\"https:\\\/\\\/schema.org\",\"@graph\":[{\"@type\":\"Article\",\"@id\":\"https:\\\/\\\/aktuelles.uni-frankfurt.de\\\/hochschule\\\/start-stipendien-fuer-internationale-promovierende-sommersemester-2026\\\/#article\",\"isPartOf\":{\"@id\":\"https:\\\/\\\/aktuelles.uni-frankfurt.de\\\/hochschule\\\/start-stipendien-fuer-internationale-promovierende-sommersemester-2026\\\/\"},\"author\":{\"name\":\"-\",\"@id\":\"https:\\\/\\\/aktuelles.uni-frankfurt.de\\\/#\\\/schema\\\/person\\\/8e55ea338fb65d1ce87a91565d1f1739\"},\"headline\":\"Start-Stipendien f\u00fcr internationale Promovierende \u2013 Sommersemester 2026\",\"datePublished\":\"2026-03-12T11:13:35+00:00\",\"dateModified\":\"2026-03-12T11:14:01+00:00\",\"mainEntityOfPage\":{\"@id\":\"https:\\\/\\\/aktuelles.uni-frankfurt.de\\\/hochschule\\\/start-stipendien-fuer-internationale-promovierende-sommersemester-2026\\\/\"},\"wordCount\":203,\"publisher\":{\"@id\":\"https:\\\/\\\/aktuelles.uni-frankfurt.de\\\/#organization\"},\"image\":{\"@id\":\"https:\\\/\\\/aktuelles.uni-frankfurt.de\\\/hochschule\\\/start-stipendien-fuer-internationale-promovierende-sommersemester-2026\\\/#primaryimage\"},\"thumbnailUrl\":\"https:\\\/\\\/aktuelles.uni-frankfurt.de\\\/wp-content\\\/uploads\\\/2021\\\/10\\\/beitragsbild_allgemein-goethe-uni-webmagazin.jpg\",\"keywords\":[\"GRADE\"],\"articleSection\":[\"Hochschule\"],\"inLanguage\":\"en-GB\"},{\"@type\":\"WebPage\",\"@id\":\"https:\\\/\\\/aktuelles.uni-frankfurt.de\\\/hochschule\\\/start-stipendien-fuer-internationale-promovierende-sommersemester-2026\\\/\",\"url\":\"https:\\\/\\\/aktuelles.uni-frankfurt.de\\\/hochschule\\\/start-stipendien-fuer-internationale-promovierende-sommersemester-2026\\\/\",\"name\":\"Start-Stipendien f\u00fcr internationale Promovierende \u2013 Sommersemester 2026 | Aktuelles aus der Goethe-Universit\u00e4t Frankfurt\",\"isPartOf\":{\"@id\":\"https:\\\/\\\/aktuelles.uni-frankfurt.de\\\/#website\"},\"primaryImageOfPage\":{\"@id\":\"https:\\\/\\\/aktuelles.uni-frankfurt.de\\\/hochschule\\\/start-stipendien-fuer-internationale-promovierende-sommersemester-2026\\\/#primaryimage\"},\"image\":{\"@id\":\"https:\\\/\\\/aktuelles.uni-frankfurt.de\\\/hochschule\\\/start-stipendien-fuer-internationale-promovierende-sommersemester-2026\\\/#primaryimage\"},\"thumbnailUrl\":\"https:\\\/\\\/aktuelles.uni-frankfurt.de\\\/wp-content\\\/uploads\\\/2021\\\/10\\\/beitragsbild_allgemein-goethe-uni-webmagazin.jpg\",\"datePublished\":\"2026-03-12T11:13:35+00:00\",\"dateModified\":\"2026-03-12T11:14:01+00:00\",\"breadcrumb\":{\"@id\":\"https:\\\/\\\/aktuelles.uni-frankfurt.de\\\/hochschule\\\/start-stipendien-fuer-internationale-promovierende-sommersemester-2026\\\/#breadcrumb\"},\"inLanguage\":\"en-GB\",\"potentialAction\":[{\"@type\":\"ReadAction\",\"target\":[\"https:\\\/\\\/aktuelles.uni-frankfurt.de\\\/hochschule\\\/start-stipendien-fuer-internationale-promovierende-sommersemester-2026\\\/\"]}]},{\"@type\":\"ImageObject\",\"inLanguage\":\"en-GB\",\"@id\":\"https:\\\/\\\/aktuelles.uni-frankfurt.de\\\/hochschule\\\/start-stipendien-fuer-internationale-promovierende-sommersemester-2026\\\/#primaryimage\",\"url\":\"https:\\\/\\\/aktuelles.uni-frankfurt.de\\\/wp-content\\\/uploads\\\/2021\\\/10\\\/beitragsbild_allgemein-goethe-uni-webmagazin.jpg\",\"contentUrl\":\"https:\\\/\\\/aktuelles.uni-frankfurt.de\\\/wp-content\\\/uploads\\\/2021\\\/10\\\/beitragsbild_allgemein-goethe-uni-webmagazin.jpg\",\"width\":650,\"height\":450},{\"@type\":\"BreadcrumbList\",\"@id\":\"https:\\\/\\\/aktuelles.uni-frankfurt.de\\\/hochschule\\\/start-stipendien-fuer-internationale-promovierende-sommersemester-2026\\\/#breadcrumb\",\"itemListElement\":[{\"@type\":\"ListItem\",\"position\":1,\"name\":\"Startseite\",\"item\":\"https:\\\/\\\/aktuelles.uni-frankfurt.de\\\/\"},{\"@type\":\"ListItem\",\"position\":2,\"name\":\"Start-Stipendien f\u00fcr internationale Promovierende \u2013 Sommersemester 2026\"}]},{\"@type\":\"WebSite\",\"@id\":\"https:\\\/\\\/aktuelles.uni-frankfurt.de\\\/#website\",\"url\":\"https:\\\/\\\/aktuelles.uni-frankfurt.de\\\/\",\"name\":\"Aktuelles aus der Goethe-Universit\u00e4t Frankfurt\",\"description\":\"Aktuelles aus der Goethe-Universit\u00e4t | Neues aus Forschung, Lehre, Studium\",\"publisher\":{\"@id\":\"https:\\\/\\\/aktuelles.uni-frankfurt.de\\\/#organization\"},\"potentialAction\":[{\"@type\":\"SearchAction\",\"target\":{\"@type\":\"EntryPoint\",\"urlTemplate\":\"https:\\\/\\\/aktuelles.uni-frankfurt.de\\\/?s={search_term_string}\"},\"query-input\":{\"@type\":\"PropertyValueSpecification\",\"valueRequired\":true,\"valueName\":\"search_term_string\"}}],\"inLanguage\":\"en-GB\"},{\"@type\":\"Organization\",\"@id\":\"https:\\\/\\\/aktuelles.uni-frankfurt.de\\\/#organization\",\"name\":\"Goethe-Universit\u00e4t\",\"url\":\"https:\\\/\\\/aktuelles.uni-frankfurt.de\\\/\",\"logo\":{\"@type\":\"ImageObject\",\"inLanguage\":\"en-GB\",\"@id\":\"https:\\\/\\\/aktuelles.uni-frankfurt.de\\\/#\\\/schema\\\/logo\\\/image\\\/\",\"url\":\"https:\\\/\\\/aktuelles.uni-frankfurt.de\\\/wp-content\\\/uploads\\\/2022\\\/03\\\/800px-Goethe-Logo.png\",\"contentUrl\":\"https:\\\/\\\/aktuelles.uni-frankfurt.de\\\/wp-content\\\/uploads\\\/2022\\\/03\\\/800px-Goethe-Logo.png\",\"width\":800,\"height\":436,\"caption\":\"Goethe-Universit\u00e4t\"},\"image\":{\"@id\":\"https:\\\/\\\/aktuelles.uni-frankfurt.de\\\/#\\\/schema\\\/logo\\\/image\\\/\"}},{\"@type\":\"Person\",\"@id\":\"https:\\\/\\\/aktuelles.uni-frankfurt.de\\\/#\\\/schema\\\/person\\\/8e55ea338fb65d1ce87a91565d1f1739\",\"name\":\"-\",\"description\":\"Dieser Beitrag wurde von der Online-Redaktion ver\u00f6ffentlicht. Wenn der Beitrag von einem Gastautoren verfasst wurde, findet sich dieser Hinweis am Ende des jeweiligen Artikels.\",\"sameAs\":[\"http:\\\/\\\/aktuelles.uni-frankfurt.de\\\/autoren\"],\"url\":\"https:\\\/\\\/aktuelles.uni-frankfurt.de\\\/en\\\/author\\\/redaktion\\\/\"}]}<\/script>\n<!-- \/ Yoast SEO plugin. -->","yoast_head_json":{"title":"Start-Stipendien f\u00fcr internationale Promovierende \u2013 Sommersemester 2026 | Aktuelles aus der Goethe-Universit\u00e4t Frankfurt","robots":{"index":"index","follow":"follow","max-snippet":"max-snippet:-1","max-image-preview":"max-image-preview:large","max-video-preview":"max-video-preview:-1"},"canonical":"https:\/\/aktuelles.uni-frankfurt.de\/en\/hochschule\/start-stipendien-fuer-internationale-promovierende-sommersemester-2026\/","og_locale":"en_GB","og_type":"article","og_title":"Start-Stipendien f\u00fcr internationale Promovierende \u2013 Sommersemester 2026 | Aktuelles aus der Goethe-Universit\u00e4t Frankfurt","og_description":"Die Goethe Research Academy for Early Career Researchers (GRADE) vergibt aus Mitteln des Franz Adickes Stiftungsfonds bis zu 15 Start-Stipendien an internationale Kandidat*innen, die ihre Promotion an der Goethe-Universit\u00e4t Frankfurt [&hellip;]","og_url":"https:\/\/aktuelles.uni-frankfurt.de\/en\/hochschule\/start-stipendien-fuer-internationale-promovierende-sommersemester-2026\/","og_site_name":"Aktuelles aus der Goethe-Universit\u00e4t Frankfurt","article_published_time":"2026-03-12T11:13:35+00:00","article_modified_time":"2026-03-12T11:14:01+00:00","og_image":[{"width":650,"height":450,"url":"https:\/\/aktuelles.uni-frankfurt.de\/wp-content\/uploads\/2021\/10\/beitragsbild_allgemein-goethe-uni-webmagazin.jpg","type":"image\/jpeg"}],"author":"-","twitter_card":"summary_large_image","twitter_misc":{"Written by":"-","Estimated reading time":"1 minute"},"schema":{"@context":"https:\/\/schema.org","@graph":[{"@type":"Article","@id":"https:\/\/aktuelles.uni-frankfurt.de\/hochschule\/start-stipendien-fuer-internationale-promovierende-sommersemester-2026\/#article","isPartOf":{"@id":"https:\/\/aktuelles.uni-frankfurt.de\/hochschule\/start-stipendien-fuer-internationale-promovierende-sommersemester-2026\/"},"author":{"name":"-","@id":"https:\/\/aktuelles.uni-frankfurt.de\/#\/schema\/person\/8e55ea338fb65d1ce87a91565d1f1739"},"headline":"Start-Stipendien f\u00fcr internationale Promovierende \u2013 Sommersemester 2026","datePublished":"2026-03-12T11:13:35+00:00","dateModified":"2026-03-12T11:14:01+00:00","mainEntityOfPage":{"@id":"https:\/\/aktuelles.uni-frankfurt.de\/hochschule\/start-stipendien-fuer-internationale-promovierende-sommersemester-2026\/"},"wordCount":203,"publisher":{"@id":"https:\/\/aktuelles.uni-frankfurt.de\/#organization"},"image":{"@id":"https:\/\/aktuelles.uni-frankfurt.de\/hochschule\/start-stipendien-fuer-internationale-promovierende-sommersemester-2026\/#primaryimage"},"thumbnailUrl":"https:\/\/aktuelles.uni-frankfurt.de\/wp-content\/uploads\/2021\/10\/beitragsbild_allgemein-goethe-uni-webmagazin.jpg","keywords":["GRADE"],"articleSection":["Hochschule"],"inLanguage":"en-GB"},{"@type":"WebPage","@id":"https:\/\/aktuelles.uni-frankfurt.de\/hochschule\/start-stipendien-fuer-internationale-promovierende-sommersemester-2026\/","url":"https:\/\/aktuelles.uni-frankfurt.de\/hochschule\/start-stipendien-fuer-internationale-promovierende-sommersemester-2026\/","name":"Start-Stipendien f\u00fcr internationale Promovierende \u2013 Sommersemester 2026 | Aktuelles aus der Goethe-Universit\u00e4t Frankfurt","isPartOf":{"@id":"https:\/\/aktuelles.uni-frankfurt.de\/#website"},"primaryImageOfPage":{"@id":"https:\/\/aktuelles.uni-frankfurt.de\/hochschule\/start-stipendien-fuer-internationale-promovierende-sommersemester-2026\/#primaryimage"},"image":{"@id":"https:\/\/aktuelles.uni-frankfurt.de\/hochschule\/start-stipendien-fuer-internationale-promovierende-sommersemester-2026\/#primaryimage"},"thumbnailUrl":"https:\/\/aktuelles.uni-frankfurt.de\/wp-content\/uploads\/2021\/10\/beitragsbild_allgemein-goethe-uni-webmagazin.jpg","datePublished":"2026-03-12T11:13:35+00:00","dateModified":"2026-03-12T11:14:01+00:00","breadcrumb":{"@id":"https:\/\/aktuelles.uni-frankfurt.de\/hochschule\/start-stipendien-fuer-internationale-promovierende-sommersemester-2026\/#breadcrumb"},"inLanguage":"en-GB","potentialAction":[{"@type":"ReadAction","target":["https:\/\/aktuelles.uni-frankfurt.de\/hochschule\/start-stipendien-fuer-internationale-promovierende-sommersemester-2026\/"]}]},{"@type":"ImageObject","inLanguage":"en-GB","@id":"https:\/\/aktuelles.uni-frankfurt.de\/hochschule\/start-stipendien-fuer-internationale-promovierende-sommersemester-2026\/#primaryimage","url":"https:\/\/aktuelles.uni-frankfurt.de\/wp-content\/uploads\/2021\/10\/beitragsbild_allgemein-goethe-uni-webmagazin.jpg","contentUrl":"https:\/\/aktuelles.uni-frankfurt.de\/wp-content\/uploads\/2021\/10\/beitragsbild_allgemein-goethe-uni-webmagazin.jpg","width":650,"height":450},{"@type":"BreadcrumbList","@id":"https:\/\/aktuelles.uni-frankfurt.de\/hochschule\/start-stipendien-fuer-internationale-promovierende-sommersemester-2026\/#breadcrumb","itemListElement":[{"@type":"ListItem","position":1,"name":"Startseite","item":"https:\/\/aktuelles.uni-frankfurt.de\/"},{"@type":"ListItem","position":2,"name":"Start-Stipendien f\u00fcr internationale Promovierende \u2013 Sommersemester 2026"}]},{"@type":"WebSite","@id":"https:\/\/aktuelles.uni-frankfurt.de\/#website","url":"https:\/\/aktuelles.uni-frankfurt.de\/","name":"Aktuelles aus der Goethe-Universit\u00e4t Frankfurt","description":"Aktuelles aus der Goethe-Universit\u00e4t | Neues aus Forschung, Lehre, Studium","publisher":{"@id":"https:\/\/aktuelles.uni-frankfurt.de\/#organization"},"potentialAction":[{"@type":"SearchAction","target":{"@type":"EntryPoint","urlTemplate":"https:\/\/aktuelles.uni-frankfurt.de\/?s={search_term_string}"},"query-input":{"@type":"PropertyValueSpecification","valueRequired":true,"valueName":"search_term_string"}}],"inLanguage":"en-GB"},{"@type":"Organization","@id":"https:\/\/aktuelles.uni-frankfurt.de\/#organization","name":"Goethe University Frankfurt","url":"https:\/\/aktuelles.uni-frankfurt.de\/","logo":{"@type":"ImageObject","inLanguage":"en-GB","@id":"https:\/\/aktuelles.uni-frankfurt.de\/#\/schema\/logo\/image\/","url":"https:\/\/aktuelles.uni-frankfurt.de\/wp-content\/uploads\/2022\/03\/800px-Goethe-Logo.png","contentUrl":"https:\/\/aktuelles.uni-frankfurt.de\/wp-content\/uploads\/2022\/03\/800px-Goethe-Logo.png","width":800,"height":436,"caption":"Goethe-Universit\u00e4t"},"image":{"@id":"https:\/\/aktuelles.uni-frankfurt.de\/#\/schema\/logo\/image\/"}},{"@type":"Person","@id":"https:\/\/aktuelles.uni-frankfurt.de\/#\/schema\/person\/8e55ea338fb65d1ce87a91565d1f1739","name":"-","description":"Dieser Beitrag wurde von der Online-Redaktion ver\u00f6ffentlicht. Wenn der Beitrag von einem Gastautoren verfasst wurde, findet sich dieser Hinweis am Ende des jeweiligen Artikels.","sameAs":["http:\/\/aktuelles.uni-frankfurt.de\/autoren"],"url":"https:\/\/aktuelles.uni-frankfurt.de\/en\/author\/redaktion\/"}]}},"_links":{"self":[{"href":"https:\/\/aktuelles.uni-frankfurt.de\/en\/wp-json\/wp\/v2\/posts\/87691","targetHints":{"allow":["GET"]}}],"collection":[{"href":"https:\/\/aktuelles.uni-frankfurt.de\/en\/wp-json\/wp\/v2\/posts"}],"about":[{"href":"https:\/\/aktuelles.uni-frankfurt.de\/en\/wp-json\/wp\/v2\/types\/post"}],"author":[{"embeddable":true,"href":"https:\/\/aktuelles.uni-frankfurt.de\/en\/wp-json\/wp\/v2\/users\/8"}],"replies":[{"embeddable":true,"href":"https:\/\/aktuelles.uni-frankfurt.de\/en\/wp-json\/wp\/v2\/comments?post=87691"}],"version-history":[{"count":0,"href":"https:\/\/aktuelles.uni-frankfurt.de\/en\/wp-json\/wp\/v2\/posts\/87691\/revisions"}],"wp:featuredmedia":[{"embeddable":true,"href":"https:\/\/aktuelles.uni-frankfurt.de\/en\/wp-json\/wp\/v2\/media\/53025"}],"wp:attachment":[{"href":"https:\/\/aktuelles.uni-frankfurt.de\/en\/wp-json\/wp\/v2\/media?parent=87691"}],"wp:term":[{"taxonomy":"category","embeddable":true,"href":"https:\/\/aktuelles.uni-frankfurt.de\/en\/wp-json\/wp\/v2\/categories?post=87691"},{"taxonomy":"post_tag","embeddable":true,"href":"https:\/\/aktuelles.uni-frankfurt.de\/en\/wp-json\/wp\/v2\/tags?post=87691"},{"taxonomy":"post_folder","embeddable":true,"href":"https:\/\/aktuelles.uni-frankfurt.de\/en\/wp-json\/wp\/v2\/post_folder?post=87691"}],"curies":[{"name":"wp","href":"https:\/\/api.w.org\/{rel}","templated":true}]}}