{"id":87711,"date":"2026-03-14T19:04:38","date_gmt":"2026-03-14T18:04:38","guid":{"rendered":"https:\/\/aktuelles.uni-frankfurt.de\/?p=87711"},"modified":"2026-03-14T21:34:34","modified_gmt":"2026-03-14T20:34:34","slug":"die-goethe-universitaet-frankfurt-am-main-trauert-um-juergen-habermas","status":"publish","type":"post","link":"https:\/\/aktuelles.uni-frankfurt.de\/en\/gesellschaft\/die-goethe-universitaet-frankfurt-am-main-trauert-um-juergen-habermas\/","title":{"rendered":"Die Goethe-Universit\u00e4t Frankfurt am Main trauert um J\u00fcrgen Habermas"},"content":{"rendered":"<figure class=\"wp-block-image aligncenter size-full\"><img fetchpriority=\"high\" decoding=\"async\" width=\"650\" height=\"450\" src=\"https:\/\/aktuelles.uni-frankfurt.de\/wp-content\/uploads\/2026\/03\/beitragsbild-habermas-vortrag-2019-c-uwe-dettmar.jpg\" alt=\"\" class=\"wp-image-87712\" srcset=\"https:\/\/aktuelles.uni-frankfurt.de\/wp-content\/uploads\/2026\/03\/beitragsbild-habermas-vortrag-2019-c-uwe-dettmar.jpg 650w, https:\/\/aktuelles.uni-frankfurt.de\/wp-content\/uploads\/2026\/03\/beitragsbild-habermas-vortrag-2019-c-uwe-dettmar-300x208.jpg 300w, https:\/\/aktuelles.uni-frankfurt.de\/wp-content\/uploads\/2026\/03\/beitragsbild-habermas-vortrag-2019-c-uwe-dettmar-500x346.jpg 500w, https:\/\/aktuelles.uni-frankfurt.de\/wp-content\/uploads\/2026\/03\/beitragsbild-habermas-vortrag-2019-c-uwe-dettmar-18x12.jpg 18w\" sizes=\"(max-width: 650px) 100vw, 650px\" \/><figcaption class=\"wp-element-caption\">J\u00fcrgen Habermas, hier bei einem Vortrag an der Goethe-Universit\u00e4t zu seinem 90. Geburtstag 2019.<\/figcaption><\/figure>\n\n\n\n<div style=\"height:20px\" aria-hidden=\"true\" class=\"wp-block-spacer\"><\/div>\n\n\n\n<p><a href=\"https:\/\/aktuelles.uni-frankfurt.de\/english\/goethe-university-frankfurt-mourns-juergen-habermas\/\" type=\"post\" id=\"87714\">English Version<\/a><\/p>\n\n\n\n<p>Am Morgen des 14. M\u00e4rz 2026 ist J\u00fcrgen Habermas in seinem Haus in Starnberg verstorben. Die Goethe-Universit\u00e4t trauert um ihren Kollegen J\u00fcrgen Habermas, der der Universit\u00e4t von 1964 bis 1971 als Nachfolger von Max Horkheimer auf dem Lehrstuhl f\u00fcr Philosophie und Soziologie und, nach seiner Zeit als Direktor des Max-Planck-Instituts zur Erforschung der Lebensbedingungen der wissenschaftlich-technischen Welt in Starnberg, erneut von 1983 bis zu seiner Emeritierung 1994 als Professor f\u00fcr Philosophie angeh\u00f6rte.<\/p>\n\n\n\n<p>Mit J\u00fcrgen Habermas verliert die Goethe-Universit\u00e4t einen der weltweit bedeutendsten Philosophen des 20. und 21. Jahrhunderts und den wichtigsten Vertreter der Kritischen Theorie, die zurecht als \u201eFrankfurter Schule\u201c bezeichnet wird. Zugleich war J\u00fcrgen Habermas der einflu\u00dfreichste \u00f6ffentliche Intellektuelle der Bundesrepublik Deutschland, dessen Stimme auch im wiedervereinigten Deutschland nach 1990 und stets weit \u00fcber Deutschland hinaus wahrgenommen wurde.<\/p>\n\n\n\n<p>Seine Beitr\u00e4ge zu einer philosophischen Theorie kommunikativer Vernunft, zur Grundlegung einer Theorie vern\u00fcnftiger Freiheit und gesellschaftlicher Gerechtigkeit, zur Normativit\u00e4t und Institutionalisierung des Rechts und zur Rolle von Religion in s\u00e4kular-pluralistischen Gesellschaften haben zu einer weltweiten Rezeption und zu lebendigen Debatten eingeladen, die an der Goethe-Universit\u00e4t Frankfurt bis auf den heutigen Tag weitergef\u00fchrt werden. So wirken die bahnbrechenden Arbeiten von J\u00fcrgen Habermas, aber auch seine pers\u00f6nliche Pr\u00e4senz an der Universit\u00e4t und seine vertrauensvolle N\u00e4he zu vielen Mitgliedern unserer Universit\u00e4t weit \u00fcber die Lebensspanne dieses au\u00dferordentlichen Forschers und einzigartigen Hochschullehrers hinaus. Sie werden die Forschung und Lehre an der Goethe-Universit\u00e4t Frankfurt auch in Zukunft im Verbund der Rhein-Main-Universit\u00e4ten weiterhin nachhaltig pr\u00e4gen.<\/p>\n\n\n\n<p>Prof. Dr. Enrico Schleiff, <br>Pr\u00e4sident der Goethe-Universit\u00e4t<\/p>\n\n\n\n<p>Frankfurt am Main, den 14.3.2026<\/p>\n\n\n\n<p><\/p>","protected":false},"excerpt":{"rendered":"<p>English Version Am Morgen des 14. M\u00e4rz 2026 ist J\u00fcrgen Habermas in seinem Haus in Starnberg verstorben. Die Goethe-Universit\u00e4t trauert um ihren Kollegen J\u00fcrgen Habermas, der der Universit\u00e4t von 1964 [&hellip;]<\/p>\n","protected":false},"author":8,"featured_media":87712,"comment_status":"closed","ping_status":"closed","sticky":false,"template":"","format":"standard","meta":{"_eb_attr":"","_price":"","_stock":"","_tribe_ticket_header":"","_tribe_default_ticket_provider":"","_ticket_start_date":"","_ticket_end_date":"","_tribe_ticket_show_description":"","_tribe_ticket_show_not_going":false,"_tribe_ticket_use_global_stock":"","_tribe_ticket_global_stock_level":"","_global_stock_mode":"","_global_stock_cap":"","_tribe_rsvp_for_event":"","_tribe_ticket_going_count":"","_tribe_ticket_not_going_count":"","_tribe_tickets_list":"[]","_tribe_ticket_has_attendee_info_fields":false,"footnotes":""},"categories":[4,8],"tags":[],"post_folder":[],"class_list":["post-87711","post","type-post","status-publish","format-standard","has-post-thumbnail","hentry","category-gesellschaft","category-hochschule"],"yoast_head":"<!-- This site is optimized with the Yoast SEO plugin v27.5 - https:\/\/yoast.com\/product\/yoast-seo-wordpress\/ -->\n<title>Die Goethe-Universit\u00e4t Frankfurt am Main trauert um J\u00fcrgen Habermas | Aktuelles aus der Goethe-Universit\u00e4t Frankfurt<\/title>\n<meta name=\"robots\" content=\"index, follow, max-snippet:-1, max-image-preview:large, max-video-preview:-1\" \/>\n<link rel=\"canonical\" href=\"https:\/\/aktuelles.uni-frankfurt.de\/en\/gesellschaft\/die-goethe-universitaet-frankfurt-am-main-trauert-um-juergen-habermas\/\" \/>\n<meta property=\"og:locale\" content=\"en_GB\" \/>\n<meta property=\"og:type\" content=\"article\" \/>\n<meta property=\"og:title\" content=\"Die Goethe-Universit\u00e4t Frankfurt am Main trauert um J\u00fcrgen Habermas | Aktuelles aus der Goethe-Universit\u00e4t Frankfurt\" \/>\n<meta property=\"og:description\" content=\"English Version Am Morgen des 14. M\u00e4rz 2026 ist J\u00fcrgen Habermas in seinem Haus in Starnberg verstorben. Die Goethe-Universit\u00e4t trauert um ihren Kollegen J\u00fcrgen Habermas, der der Universit\u00e4t von 1964 [&hellip;]\" \/>\n<meta property=\"og:url\" content=\"https:\/\/aktuelles.uni-frankfurt.de\/en\/gesellschaft\/die-goethe-universitaet-frankfurt-am-main-trauert-um-juergen-habermas\/\" \/>\n<meta property=\"og:site_name\" content=\"Aktuelles aus der Goethe-Universit\u00e4t Frankfurt\" \/>\n<meta property=\"article:published_time\" content=\"2026-03-14T18:04:38+00:00\" \/>\n<meta property=\"article:modified_time\" content=\"2026-03-14T20:34:34+00:00\" \/>\n<meta property=\"og:image\" content=\"https:\/\/aktuelles.uni-frankfurt.de\/wp-content\/uploads\/2026\/03\/beitragsbild-habermas-vortrag-2019-c-uwe-dettmar.jpg\" \/>\n\t<meta property=\"og:image:width\" content=\"650\" \/>\n\t<meta property=\"og:image:height\" content=\"450\" \/>\n\t<meta property=\"og:image:type\" content=\"image\/jpeg\" \/>\n<meta name=\"author\" content=\"-\" \/>\n<meta name=\"twitter:card\" content=\"summary_large_image\" \/>\n<meta name=\"twitter:label1\" content=\"Written by\" \/>\n\t<meta name=\"twitter:data1\" content=\"-\" \/>\n\t<meta name=\"twitter:label2\" content=\"Estimated reading time\" \/>\n\t<meta name=\"twitter:data2\" content=\"1 minute\" \/>\n<script type=\"application\/ld+json\" class=\"yoast-schema-graph\">{\"@context\":\"https:\\\/\\\/schema.org\",\"@graph\":[{\"@type\":\"Article\",\"@id\":\"https:\\\/\\\/aktuelles.uni-frankfurt.de\\\/gesellschaft\\\/die-goethe-universitaet-frankfurt-am-main-trauert-um-juergen-habermas\\\/#article\",\"isPartOf\":{\"@id\":\"https:\\\/\\\/aktuelles.uni-frankfurt.de\\\/gesellschaft\\\/die-goethe-universitaet-frankfurt-am-main-trauert-um-juergen-habermas\\\/\"},\"author\":{\"name\":\"-\",\"@id\":\"https:\\\/\\\/aktuelles.uni-frankfurt.de\\\/#\\\/schema\\\/person\\\/8e55ea338fb65d1ce87a91565d1f1739\"},\"headline\":\"Die Goethe-Universit\u00e4t Frankfurt am Main trauert um J\u00fcrgen Habermas\",\"datePublished\":\"2026-03-14T18:04:38+00:00\",\"dateModified\":\"2026-03-14T20:34:34+00:00\",\"mainEntityOfPage\":{\"@id\":\"https:\\\/\\\/aktuelles.uni-frankfurt.de\\\/gesellschaft\\\/die-goethe-universitaet-frankfurt-am-main-trauert-um-juergen-habermas\\\/\"},\"wordCount\":297,\"publisher\":{\"@id\":\"https:\\\/\\\/aktuelles.uni-frankfurt.de\\\/#organization\"},\"image\":{\"@id\":\"https:\\\/\\\/aktuelles.uni-frankfurt.de\\\/gesellschaft\\\/die-goethe-universitaet-frankfurt-am-main-trauert-um-juergen-habermas\\\/#primaryimage\"},\"thumbnailUrl\":\"https:\\\/\\\/aktuelles.uni-frankfurt.de\\\/wp-content\\\/uploads\\\/2026\\\/03\\\/beitragsbild-habermas-vortrag-2019-c-uwe-dettmar.jpg\",\"articleSection\":[\"Gesellschaft\",\"Hochschule\"],\"inLanguage\":\"en-GB\"},{\"@type\":\"WebPage\",\"@id\":\"https:\\\/\\\/aktuelles.uni-frankfurt.de\\\/gesellschaft\\\/die-goethe-universitaet-frankfurt-am-main-trauert-um-juergen-habermas\\\/\",\"url\":\"https:\\\/\\\/aktuelles.uni-frankfurt.de\\\/gesellschaft\\\/die-goethe-universitaet-frankfurt-am-main-trauert-um-juergen-habermas\\\/\",\"name\":\"Die Goethe-Universit\u00e4t Frankfurt am Main trauert um J\u00fcrgen Habermas | Aktuelles aus der Goethe-Universit\u00e4t Frankfurt\",\"isPartOf\":{\"@id\":\"https:\\\/\\\/aktuelles.uni-frankfurt.de\\\/#website\"},\"primaryImageOfPage\":{\"@id\":\"https:\\\/\\\/aktuelles.uni-frankfurt.de\\\/gesellschaft\\\/die-goethe-universitaet-frankfurt-am-main-trauert-um-juergen-habermas\\\/#primaryimage\"},\"image\":{\"@id\":\"https:\\\/\\\/aktuelles.uni-frankfurt.de\\\/gesellschaft\\\/die-goethe-universitaet-frankfurt-am-main-trauert-um-juergen-habermas\\\/#primaryimage\"},\"thumbnailUrl\":\"https:\\\/\\\/aktuelles.uni-frankfurt.de\\\/wp-content\\\/uploads\\\/2026\\\/03\\\/beitragsbild-habermas-vortrag-2019-c-uwe-dettmar.jpg\",\"datePublished\":\"2026-03-14T18:04:38+00:00\",\"dateModified\":\"2026-03-14T20:34:34+00:00\",\"breadcrumb\":{\"@id\":\"https:\\\/\\\/aktuelles.uni-frankfurt.de\\\/gesellschaft\\\/die-goethe-universitaet-frankfurt-am-main-trauert-um-juergen-habermas\\\/#breadcrumb\"},\"inLanguage\":\"en-GB\",\"potentialAction\":[{\"@type\":\"ReadAction\",\"target\":[\"https:\\\/\\\/aktuelles.uni-frankfurt.de\\\/gesellschaft\\\/die-goethe-universitaet-frankfurt-am-main-trauert-um-juergen-habermas\\\/\"]}]},{\"@type\":\"ImageObject\",\"inLanguage\":\"en-GB\",\"@id\":\"https:\\\/\\\/aktuelles.uni-frankfurt.de\\\/gesellschaft\\\/die-goethe-universitaet-frankfurt-am-main-trauert-um-juergen-habermas\\\/#primaryimage\",\"url\":\"https:\\\/\\\/aktuelles.uni-frankfurt.de\\\/wp-content\\\/uploads\\\/2026\\\/03\\\/beitragsbild-habermas-vortrag-2019-c-uwe-dettmar.jpg\",\"contentUrl\":\"https:\\\/\\\/aktuelles.uni-frankfurt.de\\\/wp-content\\\/uploads\\\/2026\\\/03\\\/beitragsbild-habermas-vortrag-2019-c-uwe-dettmar.jpg\",\"width\":650,\"height\":450,\"caption\":\"J\u00fcrgen Habermas, hier bei einem Vortrag an der Goethe-Universit\u00e4t zu seinem 90. Geburtstag 2019\"},{\"@type\":\"BreadcrumbList\",\"@id\":\"https:\\\/\\\/aktuelles.uni-frankfurt.de\\\/gesellschaft\\\/die-goethe-universitaet-frankfurt-am-main-trauert-um-juergen-habermas\\\/#breadcrumb\",\"itemListElement\":[{\"@type\":\"ListItem\",\"position\":1,\"name\":\"Startseite\",\"item\":\"https:\\\/\\\/aktuelles.uni-frankfurt.de\\\/\"},{\"@type\":\"ListItem\",\"position\":2,\"name\":\"Die Goethe-Universit\u00e4t Frankfurt am Main trauert um J\u00fcrgen Habermas\"}]},{\"@type\":\"WebSite\",\"@id\":\"https:\\\/\\\/aktuelles.uni-frankfurt.de\\\/#website\",\"url\":\"https:\\\/\\\/aktuelles.uni-frankfurt.de\\\/\",\"name\":\"Aktuelles aus der Goethe-Universit\u00e4t Frankfurt\",\"description\":\"Aktuelles aus der Goethe-Universit\u00e4t | Neues aus Forschung, Lehre, Studium\",\"publisher\":{\"@id\":\"https:\\\/\\\/aktuelles.uni-frankfurt.de\\\/#organization\"},\"potentialAction\":[{\"@type\":\"SearchAction\",\"target\":{\"@type\":\"EntryPoint\",\"urlTemplate\":\"https:\\\/\\\/aktuelles.uni-frankfurt.de\\\/?s={search_term_string}\"},\"query-input\":{\"@type\":\"PropertyValueSpecification\",\"valueRequired\":true,\"valueName\":\"search_term_string\"}}],\"inLanguage\":\"en-GB\"},{\"@type\":\"Organization\",\"@id\":\"https:\\\/\\\/aktuelles.uni-frankfurt.de\\\/#organization\",\"name\":\"Goethe-Universit\u00e4t\",\"url\":\"https:\\\/\\\/aktuelles.uni-frankfurt.de\\\/\",\"logo\":{\"@type\":\"ImageObject\",\"inLanguage\":\"en-GB\",\"@id\":\"https:\\\/\\\/aktuelles.uni-frankfurt.de\\\/#\\\/schema\\\/logo\\\/image\\\/\",\"url\":\"https:\\\/\\\/aktuelles.uni-frankfurt.de\\\/wp-content\\\/uploads\\\/2022\\\/03\\\/800px-Goethe-Logo.png\",\"contentUrl\":\"https:\\\/\\\/aktuelles.uni-frankfurt.de\\\/wp-content\\\/uploads\\\/2022\\\/03\\\/800px-Goethe-Logo.png\",\"width\":800,\"height\":436,\"caption\":\"Goethe-Universit\u00e4t\"},\"image\":{\"@id\":\"https:\\\/\\\/aktuelles.uni-frankfurt.de\\\/#\\\/schema\\\/logo\\\/image\\\/\"}},{\"@type\":\"Person\",\"@id\":\"https:\\\/\\\/aktuelles.uni-frankfurt.de\\\/#\\\/schema\\\/person\\\/8e55ea338fb65d1ce87a91565d1f1739\",\"name\":\"-\",\"description\":\"Dieser Beitrag wurde von der Online-Redaktion ver\u00f6ffentlicht. Wenn der Beitrag von einem Gastautoren verfasst wurde, findet sich dieser Hinweis am Ende des jeweiligen Artikels.\",\"sameAs\":[\"http:\\\/\\\/aktuelles.uni-frankfurt.de\\\/autoren\"],\"url\":\"https:\\\/\\\/aktuelles.uni-frankfurt.de\\\/en\\\/author\\\/redaktion\\\/\"}]}<\/script>\n<!-- \/ Yoast SEO plugin. -->","yoast_head_json":{"title":"Die Goethe-Universit\u00e4t Frankfurt am Main trauert um J\u00fcrgen Habermas | Aktuelles aus der Goethe-Universit\u00e4t Frankfurt","robots":{"index":"index","follow":"follow","max-snippet":"max-snippet:-1","max-image-preview":"max-image-preview:large","max-video-preview":"max-video-preview:-1"},"canonical":"https:\/\/aktuelles.uni-frankfurt.de\/en\/gesellschaft\/die-goethe-universitaet-frankfurt-am-main-trauert-um-juergen-habermas\/","og_locale":"en_GB","og_type":"article","og_title":"Die Goethe-Universit\u00e4t Frankfurt am Main trauert um J\u00fcrgen Habermas | Aktuelles aus der Goethe-Universit\u00e4t Frankfurt","og_description":"English Version Am Morgen des 14. M\u00e4rz 2026 ist J\u00fcrgen Habermas in seinem Haus in Starnberg verstorben. Die Goethe-Universit\u00e4t trauert um ihren Kollegen J\u00fcrgen Habermas, der der Universit\u00e4t von 1964 [&hellip;]","og_url":"https:\/\/aktuelles.uni-frankfurt.de\/en\/gesellschaft\/die-goethe-universitaet-frankfurt-am-main-trauert-um-juergen-habermas\/","og_site_name":"Aktuelles aus der Goethe-Universit\u00e4t Frankfurt","article_published_time":"2026-03-14T18:04:38+00:00","article_modified_time":"2026-03-14T20:34:34+00:00","og_image":[{"width":650,"height":450,"url":"https:\/\/aktuelles.uni-frankfurt.de\/wp-content\/uploads\/2026\/03\/beitragsbild-habermas-vortrag-2019-c-uwe-dettmar.jpg","type":"image\/jpeg"}],"author":"-","twitter_card":"summary_large_image","twitter_misc":{"Written by":"-","Estimated reading time":"1 minute"},"schema":{"@context":"https:\/\/schema.org","@graph":[{"@type":"Article","@id":"https:\/\/aktuelles.uni-frankfurt.de\/gesellschaft\/die-goethe-universitaet-frankfurt-am-main-trauert-um-juergen-habermas\/#article","isPartOf":{"@id":"https:\/\/aktuelles.uni-frankfurt.de\/gesellschaft\/die-goethe-universitaet-frankfurt-am-main-trauert-um-juergen-habermas\/"},"author":{"name":"-","@id":"https:\/\/aktuelles.uni-frankfurt.de\/#\/schema\/person\/8e55ea338fb65d1ce87a91565d1f1739"},"headline":"Die Goethe-Universit\u00e4t Frankfurt am Main trauert um J\u00fcrgen Habermas","datePublished":"2026-03-14T18:04:38+00:00","dateModified":"2026-03-14T20:34:34+00:00","mainEntityOfPage":{"@id":"https:\/\/aktuelles.uni-frankfurt.de\/gesellschaft\/die-goethe-universitaet-frankfurt-am-main-trauert-um-juergen-habermas\/"},"wordCount":297,"publisher":{"@id":"https:\/\/aktuelles.uni-frankfurt.de\/#organization"},"image":{"@id":"https:\/\/aktuelles.uni-frankfurt.de\/gesellschaft\/die-goethe-universitaet-frankfurt-am-main-trauert-um-juergen-habermas\/#primaryimage"},"thumbnailUrl":"https:\/\/aktuelles.uni-frankfurt.de\/wp-content\/uploads\/2026\/03\/beitragsbild-habermas-vortrag-2019-c-uwe-dettmar.jpg","articleSection":["Gesellschaft","Hochschule"],"inLanguage":"en-GB"},{"@type":"WebPage","@id":"https:\/\/aktuelles.uni-frankfurt.de\/gesellschaft\/die-goethe-universitaet-frankfurt-am-main-trauert-um-juergen-habermas\/","url":"https:\/\/aktuelles.uni-frankfurt.de\/gesellschaft\/die-goethe-universitaet-frankfurt-am-main-trauert-um-juergen-habermas\/","name":"Die Goethe-Universit\u00e4t Frankfurt am Main trauert um J\u00fcrgen Habermas | Aktuelles aus der Goethe-Universit\u00e4t Frankfurt","isPartOf":{"@id":"https:\/\/aktuelles.uni-frankfurt.de\/#website"},"primaryImageOfPage":{"@id":"https:\/\/aktuelles.uni-frankfurt.de\/gesellschaft\/die-goethe-universitaet-frankfurt-am-main-trauert-um-juergen-habermas\/#primaryimage"},"image":{"@id":"https:\/\/aktuelles.uni-frankfurt.de\/gesellschaft\/die-goethe-universitaet-frankfurt-am-main-trauert-um-juergen-habermas\/#primaryimage"},"thumbnailUrl":"https:\/\/aktuelles.uni-frankfurt.de\/wp-content\/uploads\/2026\/03\/beitragsbild-habermas-vortrag-2019-c-uwe-dettmar.jpg","datePublished":"2026-03-14T18:04:38+00:00","dateModified":"2026-03-14T20:34:34+00:00","breadcrumb":{"@id":"https:\/\/aktuelles.uni-frankfurt.de\/gesellschaft\/die-goethe-universitaet-frankfurt-am-main-trauert-um-juergen-habermas\/#breadcrumb"},"inLanguage":"en-GB","potentialAction":[{"@type":"ReadAction","target":["https:\/\/aktuelles.uni-frankfurt.de\/gesellschaft\/die-goethe-universitaet-frankfurt-am-main-trauert-um-juergen-habermas\/"]}]},{"@type":"ImageObject","inLanguage":"en-GB","@id":"https:\/\/aktuelles.uni-frankfurt.de\/gesellschaft\/die-goethe-universitaet-frankfurt-am-main-trauert-um-juergen-habermas\/#primaryimage","url":"https:\/\/aktuelles.uni-frankfurt.de\/wp-content\/uploads\/2026\/03\/beitragsbild-habermas-vortrag-2019-c-uwe-dettmar.jpg","contentUrl":"https:\/\/aktuelles.uni-frankfurt.de\/wp-content\/uploads\/2026\/03\/beitragsbild-habermas-vortrag-2019-c-uwe-dettmar.jpg","width":650,"height":450,"caption":"J\u00fcrgen Habermas, hier bei einem Vortrag an der Goethe-Universit\u00e4t zu seinem 90. Geburtstag 2019"},{"@type":"BreadcrumbList","@id":"https:\/\/aktuelles.uni-frankfurt.de\/gesellschaft\/die-goethe-universitaet-frankfurt-am-main-trauert-um-juergen-habermas\/#breadcrumb","itemListElement":[{"@type":"ListItem","position":1,"name":"Startseite","item":"https:\/\/aktuelles.uni-frankfurt.de\/"},{"@type":"ListItem","position":2,"name":"Die Goethe-Universit\u00e4t Frankfurt am Main trauert um J\u00fcrgen Habermas"}]},{"@type":"WebSite","@id":"https:\/\/aktuelles.uni-frankfurt.de\/#website","url":"https:\/\/aktuelles.uni-frankfurt.de\/","name":"Aktuelles aus der Goethe-Universit\u00e4t Frankfurt","description":"Aktuelles aus der Goethe-Universit\u00e4t | Neues aus Forschung, Lehre, Studium","publisher":{"@id":"https:\/\/aktuelles.uni-frankfurt.de\/#organization"},"potentialAction":[{"@type":"SearchAction","target":{"@type":"EntryPoint","urlTemplate":"https:\/\/aktuelles.uni-frankfurt.de\/?s={search_term_string}"},"query-input":{"@type":"PropertyValueSpecification","valueRequired":true,"valueName":"search_term_string"}}],"inLanguage":"en-GB"},{"@type":"Organization","@id":"https:\/\/aktuelles.uni-frankfurt.de\/#organization","name":"Goethe University Frankfurt","url":"https:\/\/aktuelles.uni-frankfurt.de\/","logo":{"@type":"ImageObject","inLanguage":"en-GB","@id":"https:\/\/aktuelles.uni-frankfurt.de\/#\/schema\/logo\/image\/","url":"https:\/\/aktuelles.uni-frankfurt.de\/wp-content\/uploads\/2022\/03\/800px-Goethe-Logo.png","contentUrl":"https:\/\/aktuelles.uni-frankfurt.de\/wp-content\/uploads\/2022\/03\/800px-Goethe-Logo.png","width":800,"height":436,"caption":"Goethe-Universit\u00e4t"},"image":{"@id":"https:\/\/aktuelles.uni-frankfurt.de\/#\/schema\/logo\/image\/"}},{"@type":"Person","@id":"https:\/\/aktuelles.uni-frankfurt.de\/#\/schema\/person\/8e55ea338fb65d1ce87a91565d1f1739","name":"-","description":"Dieser Beitrag wurde von der Online-Redaktion ver\u00f6ffentlicht. Wenn der Beitrag von einem Gastautoren verfasst wurde, findet sich dieser Hinweis am Ende des jeweiligen Artikels.","sameAs":["http:\/\/aktuelles.uni-frankfurt.de\/autoren"],"url":"https:\/\/aktuelles.uni-frankfurt.de\/en\/author\/redaktion\/"}]}},"_links":{"self":[{"href":"https:\/\/aktuelles.uni-frankfurt.de\/en\/wp-json\/wp\/v2\/posts\/87711","targetHints":{"allow":["GET"]}}],"collection":[{"href":"https:\/\/aktuelles.uni-frankfurt.de\/en\/wp-json\/wp\/v2\/posts"}],"about":[{"href":"https:\/\/aktuelles.uni-frankfurt.de\/en\/wp-json\/wp\/v2\/types\/post"}],"author":[{"embeddable":true,"href":"https:\/\/aktuelles.uni-frankfurt.de\/en\/wp-json\/wp\/v2\/users\/8"}],"replies":[{"embeddable":true,"href":"https:\/\/aktuelles.uni-frankfurt.de\/en\/wp-json\/wp\/v2\/comments?post=87711"}],"version-history":[{"count":0,"href":"https:\/\/aktuelles.uni-frankfurt.de\/en\/wp-json\/wp\/v2\/posts\/87711\/revisions"}],"wp:featuredmedia":[{"embeddable":true,"href":"https:\/\/aktuelles.uni-frankfurt.de\/en\/wp-json\/wp\/v2\/media\/87712"}],"wp:attachment":[{"href":"https:\/\/aktuelles.uni-frankfurt.de\/en\/wp-json\/wp\/v2\/media?parent=87711"}],"wp:term":[{"taxonomy":"category","embeddable":true,"href":"https:\/\/aktuelles.uni-frankfurt.de\/en\/wp-json\/wp\/v2\/categories?post=87711"},{"taxonomy":"post_tag","embeddable":true,"href":"https:\/\/aktuelles.uni-frankfurt.de\/en\/wp-json\/wp\/v2\/tags?post=87711"},{"taxonomy":"post_folder","embeddable":true,"href":"https:\/\/aktuelles.uni-frankfurt.de\/en\/wp-json\/wp\/v2\/post_folder?post=87711"}],"curies":[{"name":"wp","href":"https:\/\/api.w.org\/{rel}","templated":true}]}}