{"id":87786,"date":"2026-03-25T17:20:41","date_gmt":"2026-03-25T16:20:41","guid":{"rendered":"https:\/\/aktuelles.uni-frankfurt.de\/?p=87786"},"modified":"2026-03-25T17:22:13","modified_gmt":"2026-03-25T16:22:13","slug":"gemeinsam-verdi-erleben","status":"publish","type":"post","link":"https:\/\/aktuelles.uni-frankfurt.de\/en\/einblick\/gemeinsam-verdi-erleben\/","title":{"rendered":"Gemeinsam Verdi erleben"},"content":{"rendered":"<p><strong>Musik verbindet Generationen \u2013 Alumni-Stimmen in der Universit\u00e4tsmusik<\/strong><\/p>\n\n\n\n<div style=\"height:20px\" aria-hidden=\"true\" class=\"wp-block-spacer\"><\/div>\n\n\n\n<figure class=\"wp-block-image aligncenter size-full\"><img fetchpriority=\"high\" decoding=\"async\" width=\"650\" height=\"450\" src=\"https:\/\/aktuelles.uni-frankfurt.de\/wp-content\/uploads\/2026\/03\/Bild_Die-Universitaetsmusik-in-der-Alten-Oper-Frankfurt._Uwe-Dettmar.jpg\" alt=\"\" class=\"wp-image-87787\" srcset=\"https:\/\/aktuelles.uni-frankfurt.de\/wp-content\/uploads\/2026\/03\/Bild_Die-Universitaetsmusik-in-der-Alten-Oper-Frankfurt._Uwe-Dettmar.jpg 650w, https:\/\/aktuelles.uni-frankfurt.de\/wp-content\/uploads\/2026\/03\/Bild_Die-Universitaetsmusik-in-der-Alten-Oper-Frankfurt._Uwe-Dettmar-300x208.jpg 300w, https:\/\/aktuelles.uni-frankfurt.de\/wp-content\/uploads\/2026\/03\/Bild_Die-Universitaetsmusik-in-der-Alten-Oper-Frankfurt._Uwe-Dettmar-500x346.jpg 500w, https:\/\/aktuelles.uni-frankfurt.de\/wp-content\/uploads\/2026\/03\/Bild_Die-Universitaetsmusik-in-der-Alten-Oper-Frankfurt._Uwe-Dettmar-18x12.jpg 18w\" sizes=\"(max-width: 650px) 100vw, 650px\" \/><figcaption class=\"wp-element-caption\">Die Universit\u00e4tsmusik in der Alten Oper Frankfurt. (Bildnachweis: Uwe Dettmar)<\/figcaption><\/figure>\n\n\n\n<div style=\"height:20px\" aria-hidden=\"true\" class=\"wp-block-spacer\"><\/div>\n\n\n\n<p><em>Es geht um Musik, die mehr will als gefallen: Es geht um ein gemeinsames Wagnis. Und um einen Ort, an dem sich akademische Tradition und st\u00e4dtische \u00d6ffentlichkeit begegnen. Am Sonntag, 7. Juni 2026, um 19 Uhr bringt das Collegium Musicum der Goethe-Universit\u00e4t Frankfurt eines der gro\u00dfen Werke der Musikgeschichte in die Alte Oper Frankfurt: das Requiem von Giuseppe Verdi. Studierende, Alumni und Partnerch\u00f6re stehen dabei Seite an Seite auf der B\u00fchne \u2013 rund 400 Mitwirkende, vereint in einem einzigen Klangk\u00f6rper.<\/em><\/p>\n\n\n\n<div style=\"height:20px\" aria-hidden=\"true\" class=\"wp-block-spacer\"><\/div>\n\n\n\n<h2 class=\"wp-block-heading\">Ein Requiem voller Dramatik und Tiefe<\/h2>\n\n\n\n<p>Verdis Requiem ist ein musikalisches Drama, voller Spannung, Zweifel und Trost. Zeitgenossen nannten es eine \u201eOper im Kirchengewand\u201c, als Hinweis auf seine Wucht. Der Text der lateinischen Totenmesse wird von Verdi mit extremer Intensit\u00e4t vertont: fl\u00fcsternde Bitten wechseln mit kraftvollen Ausbr\u00fcchen, zarteste Linien mit archaischer Gewalt. F\u00fcr den Universit\u00e4tsmusikdirektor Jan Schumacher z\u00e4hlt das Werk zu den Gipfeln der chorsinfonischen Literatur: hochanspruchsvoll, emotional unmittelbar und nur im Zusammenspiel gro\u00dfer Kr\u00e4fte wirklich erfahrbar. Dass neben dem Collegium Musicum auch Partnerch\u00f6re aus Frankfurt, K\u00f6ln und Vilnius sowie internationale Solistinnen und Solisten beteiligt sind, verleiht dem Projekt eine besondere Spannung: eine h\u00f6rbare Vielfalt an Stimmen, Pr\u00e4gungen und Erfahrungen.<\/p>\n\n\n\n<div style=\"height:20px\" aria-hidden=\"true\" class=\"wp-block-spacer\"><\/div>\n\n\n\n<h2 class=\"wp-block-heading\">Einladung zum Mitsingen<\/h2>\n\n\n\n<p>Dieses Konzert ist mehr als ein Ereignis zum Zuh\u00f6ren. Ehemalige der Goethe-Universit\u00e4t sind ausdr\u00fccklich eingeladen, mitzusingen. Wer Chorerfahrung mitbringt und Lust hat, sich auf ein intensives Probenprojekt einzulassen, ist willkommen. Eine feste Kapazit\u00e4tsgrenze gibt es nicht. Entscheidend ist die Bereitschaft zur gemeinsamen Arbeit.<\/p>\n\n\n\n<div style=\"height:20px\" aria-hidden=\"true\" class=\"wp-block-spacer\"><\/div>\n\n\n\n<h2 class=\"wp-block-heading\">Die Proben beginnen im Sommersemester 2026<\/h2>\n\n\n\n<ul class=\"wp-block-list\">\n<li>ab Mittwoch, 22. April 2026, w\u00f6chentlich 18.00\u201319.30 Uhr in der Lobby des PA-Geb\u00e4udes | Campus Westend<\/li>\n\n\n\n<li>zus\u00e4tzlicher Probentag am Samstag, 9. Mai 2026<\/li>\n\n\n\n<li>Freitag, 5. Juni 2026: gemeinsame Chorprobe am Abend<\/li>\n\n\n\n<li>Samstag, 6. Juni 2026: Haupt- und Generalprobe tags\u00fcber<\/li>\n<\/ul>\n\n\n\n<p>Anmeldung bis 15. April 2026 bitte per E-Mail an <a href=\"mailto:alumni@uni-frankfurt.de\">alumni@uni-frankfurt.de<\/a><\/p>\n\n\n\n<p>Ein solches Unterfangen Wirklichkeit werden zu lassen \u2013 mit dieser Besetzung, an diesem Ort, mit diesem Anspruch \u2013 ist keine Selbstverst\u00e4ndlichkeit. Erm\u00f6glicht wird dieses gro\u00dfartige Projekt durch die Dr. Rolf M. Schwiete Stiftung. Sie schafft den Rahmen f\u00fcr ein musikalisches Ereignis, das Generationen verbindet und der Universit\u00e4t eine Stimme verleiht, die weit \u00fcber den Campus hinaus klingt.<\/p>\n\n\n\n<p>Autorin: Heike J\u00fcngst<\/p>\n\n\n\n<p><\/p>","protected":false},"excerpt":{"rendered":"<p>Musik verbindet Generationen \u2013 Alumni-Stimmen in der Universit\u00e4tsmusik Es geht um Musik, die mehr will als gefallen: Es geht um ein gemeinsames Wagnis. Und um einen Ort, an dem sich [&hellip;]<\/p>\n","protected":false},"author":8,"featured_media":87787,"comment_status":"closed","ping_status":"closed","sticky":false,"template":"","format":"standard","meta":{"_eb_attr":"","_price":"","_stock":"","_tribe_ticket_header":"","_tribe_default_ticket_provider":"","_ticket_start_date":"","_ticket_end_date":"","_tribe_ticket_show_description":"","_tribe_ticket_show_not_going":false,"_tribe_ticket_use_global_stock":"","_tribe_ticket_global_stock_level":"","_global_stock_mode":"","_global_stock_cap":"","_tribe_rsvp_for_event":"","_tribe_ticket_going_count":"","_tribe_ticket_not_going_count":"","_tribe_tickets_list":"[]","_tribe_ticket_has_attendee_info_fields":false,"footnotes":""},"categories":[266],"tags":[423],"post_folder":[],"class_list":["post-87786","post","type-post","status-publish","format-standard","has-post-thumbnail","hentry","category-einblick","tag-einblick-62"],"yoast_head":"<!-- This site is optimized with the Yoast SEO plugin v27.5 - https:\/\/yoast.com\/product\/yoast-seo-wordpress\/ -->\n<title>Gemeinsam Verdi erleben | Aktuelles aus der Goethe-Universit\u00e4t Frankfurt<\/title>\n<meta name=\"robots\" content=\"index, follow, max-snippet:-1, max-image-preview:large, max-video-preview:-1\" \/>\n<link rel=\"canonical\" href=\"https:\/\/aktuelles.uni-frankfurt.de\/en\/einblick\/gemeinsam-verdi-erleben\/\" \/>\n<meta property=\"og:locale\" content=\"en_GB\" \/>\n<meta property=\"og:type\" content=\"article\" \/>\n<meta property=\"og:title\" content=\"Gemeinsam Verdi erleben | Aktuelles aus der Goethe-Universit\u00e4t Frankfurt\" \/>\n<meta property=\"og:description\" content=\"Musik verbindet Generationen \u2013 Alumni-Stimmen in der Universit\u00e4tsmusik Es geht um Musik, die mehr will als gefallen: Es geht um ein gemeinsames Wagnis. Und um einen Ort, an dem sich [&hellip;]\" \/>\n<meta property=\"og:url\" content=\"https:\/\/aktuelles.uni-frankfurt.de\/en\/einblick\/gemeinsam-verdi-erleben\/\" \/>\n<meta property=\"og:site_name\" content=\"Aktuelles aus der Goethe-Universit\u00e4t Frankfurt\" \/>\n<meta property=\"article:published_time\" content=\"2026-03-25T16:20:41+00:00\" \/>\n<meta property=\"article:modified_time\" content=\"2026-03-25T16:22:13+00:00\" \/>\n<meta property=\"og:image\" content=\"https:\/\/aktuelles.uni-frankfurt.de\/wp-content\/uploads\/2026\/03\/Bild_Die-Universitaetsmusik-in-der-Alten-Oper-Frankfurt._Uwe-Dettmar.jpg\" \/>\n\t<meta property=\"og:image:width\" content=\"650\" \/>\n\t<meta property=\"og:image:height\" content=\"450\" \/>\n\t<meta property=\"og:image:type\" content=\"image\/jpeg\" \/>\n<meta name=\"author\" content=\"-\" \/>\n<meta name=\"twitter:card\" content=\"summary_large_image\" \/>\n<meta name=\"twitter:label1\" content=\"Written by\" \/>\n\t<meta name=\"twitter:data1\" content=\"-\" \/>\n\t<meta name=\"twitter:label2\" content=\"Estimated reading time\" \/>\n\t<meta name=\"twitter:data2\" content=\"2 minutes\" \/>\n<script type=\"application\/ld+json\" class=\"yoast-schema-graph\">{\"@context\":\"https:\\\/\\\/schema.org\",\"@graph\":[{\"@type\":\"Article\",\"@id\":\"https:\\\/\\\/aktuelles.uni-frankfurt.de\\\/einblick\\\/gemeinsam-verdi-erleben\\\/#article\",\"isPartOf\":{\"@id\":\"https:\\\/\\\/aktuelles.uni-frankfurt.de\\\/einblick\\\/gemeinsam-verdi-erleben\\\/\"},\"author\":{\"name\":\"-\",\"@id\":\"https:\\\/\\\/aktuelles.uni-frankfurt.de\\\/#\\\/schema\\\/person\\\/8e55ea338fb65d1ce87a91565d1f1739\"},\"headline\":\"Gemeinsam Verdi erleben\",\"datePublished\":\"2026-03-25T16:20:41+00:00\",\"dateModified\":\"2026-03-25T16:22:13+00:00\",\"mainEntityOfPage\":{\"@id\":\"https:\\\/\\\/aktuelles.uni-frankfurt.de\\\/einblick\\\/gemeinsam-verdi-erleben\\\/\"},\"wordCount\":387,\"publisher\":{\"@id\":\"https:\\\/\\\/aktuelles.uni-frankfurt.de\\\/#organization\"},\"image\":{\"@id\":\"https:\\\/\\\/aktuelles.uni-frankfurt.de\\\/einblick\\\/gemeinsam-verdi-erleben\\\/#primaryimage\"},\"thumbnailUrl\":\"https:\\\/\\\/aktuelles.uni-frankfurt.de\\\/wp-content\\\/uploads\\\/2026\\\/03\\\/Bild_Die-Universitaetsmusik-in-der-Alten-Oper-Frankfurt._Uwe-Dettmar.jpg\",\"keywords\":[\"Einblick 62\"],\"articleSection\":[\"EinBlick\"],\"inLanguage\":\"en-GB\"},{\"@type\":\"WebPage\",\"@id\":\"https:\\\/\\\/aktuelles.uni-frankfurt.de\\\/einblick\\\/gemeinsam-verdi-erleben\\\/\",\"url\":\"https:\\\/\\\/aktuelles.uni-frankfurt.de\\\/einblick\\\/gemeinsam-verdi-erleben\\\/\",\"name\":\"Gemeinsam Verdi erleben | Aktuelles aus der Goethe-Universit\u00e4t Frankfurt\",\"isPartOf\":{\"@id\":\"https:\\\/\\\/aktuelles.uni-frankfurt.de\\\/#website\"},\"primaryImageOfPage\":{\"@id\":\"https:\\\/\\\/aktuelles.uni-frankfurt.de\\\/einblick\\\/gemeinsam-verdi-erleben\\\/#primaryimage\"},\"image\":{\"@id\":\"https:\\\/\\\/aktuelles.uni-frankfurt.de\\\/einblick\\\/gemeinsam-verdi-erleben\\\/#primaryimage\"},\"thumbnailUrl\":\"https:\\\/\\\/aktuelles.uni-frankfurt.de\\\/wp-content\\\/uploads\\\/2026\\\/03\\\/Bild_Die-Universitaetsmusik-in-der-Alten-Oper-Frankfurt._Uwe-Dettmar.jpg\",\"datePublished\":\"2026-03-25T16:20:41+00:00\",\"dateModified\":\"2026-03-25T16:22:13+00:00\",\"breadcrumb\":{\"@id\":\"https:\\\/\\\/aktuelles.uni-frankfurt.de\\\/einblick\\\/gemeinsam-verdi-erleben\\\/#breadcrumb\"},\"inLanguage\":\"en-GB\",\"potentialAction\":[{\"@type\":\"ReadAction\",\"target\":[\"https:\\\/\\\/aktuelles.uni-frankfurt.de\\\/einblick\\\/gemeinsam-verdi-erleben\\\/\"]}]},{\"@type\":\"ImageObject\",\"inLanguage\":\"en-GB\",\"@id\":\"https:\\\/\\\/aktuelles.uni-frankfurt.de\\\/einblick\\\/gemeinsam-verdi-erleben\\\/#primaryimage\",\"url\":\"https:\\\/\\\/aktuelles.uni-frankfurt.de\\\/wp-content\\\/uploads\\\/2026\\\/03\\\/Bild_Die-Universitaetsmusik-in-der-Alten-Oper-Frankfurt._Uwe-Dettmar.jpg\",\"contentUrl\":\"https:\\\/\\\/aktuelles.uni-frankfurt.de\\\/wp-content\\\/uploads\\\/2026\\\/03\\\/Bild_Die-Universitaetsmusik-in-der-Alten-Oper-Frankfurt._Uwe-Dettmar.jpg\",\"width\":650,\"height\":450,\"caption\":\"Die Universit\u00e4tsmusik in der Alten Oper Frankfurt. (Bildnachweis: Uwe Dettmar)\"},{\"@type\":\"BreadcrumbList\",\"@id\":\"https:\\\/\\\/aktuelles.uni-frankfurt.de\\\/einblick\\\/gemeinsam-verdi-erleben\\\/#breadcrumb\",\"itemListElement\":[{\"@type\":\"ListItem\",\"position\":1,\"name\":\"Startseite\",\"item\":\"https:\\\/\\\/aktuelles.uni-frankfurt.de\\\/\"},{\"@type\":\"ListItem\",\"position\":2,\"name\":\"Gemeinsam Verdi erleben\"}]},{\"@type\":\"WebSite\",\"@id\":\"https:\\\/\\\/aktuelles.uni-frankfurt.de\\\/#website\",\"url\":\"https:\\\/\\\/aktuelles.uni-frankfurt.de\\\/\",\"name\":\"Aktuelles aus der Goethe-Universit\u00e4t Frankfurt\",\"description\":\"Aktuelles aus der Goethe-Universit\u00e4t | Neues aus Forschung, Lehre, Studium\",\"publisher\":{\"@id\":\"https:\\\/\\\/aktuelles.uni-frankfurt.de\\\/#organization\"},\"potentialAction\":[{\"@type\":\"SearchAction\",\"target\":{\"@type\":\"EntryPoint\",\"urlTemplate\":\"https:\\\/\\\/aktuelles.uni-frankfurt.de\\\/?s={search_term_string}\"},\"query-input\":{\"@type\":\"PropertyValueSpecification\",\"valueRequired\":true,\"valueName\":\"search_term_string\"}}],\"inLanguage\":\"en-GB\"},{\"@type\":\"Organization\",\"@id\":\"https:\\\/\\\/aktuelles.uni-frankfurt.de\\\/#organization\",\"name\":\"Goethe-Universit\u00e4t\",\"url\":\"https:\\\/\\\/aktuelles.uni-frankfurt.de\\\/\",\"logo\":{\"@type\":\"ImageObject\",\"inLanguage\":\"en-GB\",\"@id\":\"https:\\\/\\\/aktuelles.uni-frankfurt.de\\\/#\\\/schema\\\/logo\\\/image\\\/\",\"url\":\"https:\\\/\\\/aktuelles.uni-frankfurt.de\\\/wp-content\\\/uploads\\\/2022\\\/03\\\/800px-Goethe-Logo.png\",\"contentUrl\":\"https:\\\/\\\/aktuelles.uni-frankfurt.de\\\/wp-content\\\/uploads\\\/2022\\\/03\\\/800px-Goethe-Logo.png\",\"width\":800,\"height\":436,\"caption\":\"Goethe-Universit\u00e4t\"},\"image\":{\"@id\":\"https:\\\/\\\/aktuelles.uni-frankfurt.de\\\/#\\\/schema\\\/logo\\\/image\\\/\"}},{\"@type\":\"Person\",\"@id\":\"https:\\\/\\\/aktuelles.uni-frankfurt.de\\\/#\\\/schema\\\/person\\\/8e55ea338fb65d1ce87a91565d1f1739\",\"name\":\"-\",\"description\":\"Dieser Beitrag wurde von der Online-Redaktion ver\u00f6ffentlicht. Wenn der Beitrag von einem Gastautoren verfasst wurde, findet sich dieser Hinweis am Ende des jeweiligen Artikels.\",\"sameAs\":[\"http:\\\/\\\/aktuelles.uni-frankfurt.de\\\/autoren\"],\"url\":\"https:\\\/\\\/aktuelles.uni-frankfurt.de\\\/en\\\/author\\\/redaktion\\\/\"}]}<\/script>\n<!-- \/ Yoast SEO plugin. -->","yoast_head_json":{"title":"Gemeinsam Verdi erleben | Aktuelles aus der Goethe-Universit\u00e4t Frankfurt","robots":{"index":"index","follow":"follow","max-snippet":"max-snippet:-1","max-image-preview":"max-image-preview:large","max-video-preview":"max-video-preview:-1"},"canonical":"https:\/\/aktuelles.uni-frankfurt.de\/en\/einblick\/gemeinsam-verdi-erleben\/","og_locale":"en_GB","og_type":"article","og_title":"Gemeinsam Verdi erleben | Aktuelles aus der Goethe-Universit\u00e4t Frankfurt","og_description":"Musik verbindet Generationen \u2013 Alumni-Stimmen in der Universit\u00e4tsmusik Es geht um Musik, die mehr will als gefallen: Es geht um ein gemeinsames Wagnis. Und um einen Ort, an dem sich [&hellip;]","og_url":"https:\/\/aktuelles.uni-frankfurt.de\/en\/einblick\/gemeinsam-verdi-erleben\/","og_site_name":"Aktuelles aus der Goethe-Universit\u00e4t Frankfurt","article_published_time":"2026-03-25T16:20:41+00:00","article_modified_time":"2026-03-25T16:22:13+00:00","og_image":[{"width":650,"height":450,"url":"https:\/\/aktuelles.uni-frankfurt.de\/wp-content\/uploads\/2026\/03\/Bild_Die-Universitaetsmusik-in-der-Alten-Oper-Frankfurt._Uwe-Dettmar.jpg","type":"image\/jpeg"}],"author":"-","twitter_card":"summary_large_image","twitter_misc":{"Written by":"-","Estimated reading time":"2 minutes"},"schema":{"@context":"https:\/\/schema.org","@graph":[{"@type":"Article","@id":"https:\/\/aktuelles.uni-frankfurt.de\/einblick\/gemeinsam-verdi-erleben\/#article","isPartOf":{"@id":"https:\/\/aktuelles.uni-frankfurt.de\/einblick\/gemeinsam-verdi-erleben\/"},"author":{"name":"-","@id":"https:\/\/aktuelles.uni-frankfurt.de\/#\/schema\/person\/8e55ea338fb65d1ce87a91565d1f1739"},"headline":"Gemeinsam Verdi erleben","datePublished":"2026-03-25T16:20:41+00:00","dateModified":"2026-03-25T16:22:13+00:00","mainEntityOfPage":{"@id":"https:\/\/aktuelles.uni-frankfurt.de\/einblick\/gemeinsam-verdi-erleben\/"},"wordCount":387,"publisher":{"@id":"https:\/\/aktuelles.uni-frankfurt.de\/#organization"},"image":{"@id":"https:\/\/aktuelles.uni-frankfurt.de\/einblick\/gemeinsam-verdi-erleben\/#primaryimage"},"thumbnailUrl":"https:\/\/aktuelles.uni-frankfurt.de\/wp-content\/uploads\/2026\/03\/Bild_Die-Universitaetsmusik-in-der-Alten-Oper-Frankfurt._Uwe-Dettmar.jpg","keywords":["Einblick 62"],"articleSection":["EinBlick"],"inLanguage":"en-GB"},{"@type":"WebPage","@id":"https:\/\/aktuelles.uni-frankfurt.de\/einblick\/gemeinsam-verdi-erleben\/","url":"https:\/\/aktuelles.uni-frankfurt.de\/einblick\/gemeinsam-verdi-erleben\/","name":"Gemeinsam Verdi erleben | Aktuelles aus der Goethe-Universit\u00e4t Frankfurt","isPartOf":{"@id":"https:\/\/aktuelles.uni-frankfurt.de\/#website"},"primaryImageOfPage":{"@id":"https:\/\/aktuelles.uni-frankfurt.de\/einblick\/gemeinsam-verdi-erleben\/#primaryimage"},"image":{"@id":"https:\/\/aktuelles.uni-frankfurt.de\/einblick\/gemeinsam-verdi-erleben\/#primaryimage"},"thumbnailUrl":"https:\/\/aktuelles.uni-frankfurt.de\/wp-content\/uploads\/2026\/03\/Bild_Die-Universitaetsmusik-in-der-Alten-Oper-Frankfurt._Uwe-Dettmar.jpg","datePublished":"2026-03-25T16:20:41+00:00","dateModified":"2026-03-25T16:22:13+00:00","breadcrumb":{"@id":"https:\/\/aktuelles.uni-frankfurt.de\/einblick\/gemeinsam-verdi-erleben\/#breadcrumb"},"inLanguage":"en-GB","potentialAction":[{"@type":"ReadAction","target":["https:\/\/aktuelles.uni-frankfurt.de\/einblick\/gemeinsam-verdi-erleben\/"]}]},{"@type":"ImageObject","inLanguage":"en-GB","@id":"https:\/\/aktuelles.uni-frankfurt.de\/einblick\/gemeinsam-verdi-erleben\/#primaryimage","url":"https:\/\/aktuelles.uni-frankfurt.de\/wp-content\/uploads\/2026\/03\/Bild_Die-Universitaetsmusik-in-der-Alten-Oper-Frankfurt._Uwe-Dettmar.jpg","contentUrl":"https:\/\/aktuelles.uni-frankfurt.de\/wp-content\/uploads\/2026\/03\/Bild_Die-Universitaetsmusik-in-der-Alten-Oper-Frankfurt._Uwe-Dettmar.jpg","width":650,"height":450,"caption":"Die Universit\u00e4tsmusik in der Alten Oper Frankfurt. (Bildnachweis: Uwe Dettmar)"},{"@type":"BreadcrumbList","@id":"https:\/\/aktuelles.uni-frankfurt.de\/einblick\/gemeinsam-verdi-erleben\/#breadcrumb","itemListElement":[{"@type":"ListItem","position":1,"name":"Startseite","item":"https:\/\/aktuelles.uni-frankfurt.de\/"},{"@type":"ListItem","position":2,"name":"Gemeinsam Verdi erleben"}]},{"@type":"WebSite","@id":"https:\/\/aktuelles.uni-frankfurt.de\/#website","url":"https:\/\/aktuelles.uni-frankfurt.de\/","name":"Aktuelles aus der Goethe-Universit\u00e4t Frankfurt","description":"Aktuelles aus der Goethe-Universit\u00e4t | Neues aus Forschung, Lehre, Studium","publisher":{"@id":"https:\/\/aktuelles.uni-frankfurt.de\/#organization"},"potentialAction":[{"@type":"SearchAction","target":{"@type":"EntryPoint","urlTemplate":"https:\/\/aktuelles.uni-frankfurt.de\/?s={search_term_string}"},"query-input":{"@type":"PropertyValueSpecification","valueRequired":true,"valueName":"search_term_string"}}],"inLanguage":"en-GB"},{"@type":"Organization","@id":"https:\/\/aktuelles.uni-frankfurt.de\/#organization","name":"Goethe University Frankfurt","url":"https:\/\/aktuelles.uni-frankfurt.de\/","logo":{"@type":"ImageObject","inLanguage":"en-GB","@id":"https:\/\/aktuelles.uni-frankfurt.de\/#\/schema\/logo\/image\/","url":"https:\/\/aktuelles.uni-frankfurt.de\/wp-content\/uploads\/2022\/03\/800px-Goethe-Logo.png","contentUrl":"https:\/\/aktuelles.uni-frankfurt.de\/wp-content\/uploads\/2022\/03\/800px-Goethe-Logo.png","width":800,"height":436,"caption":"Goethe-Universit\u00e4t"},"image":{"@id":"https:\/\/aktuelles.uni-frankfurt.de\/#\/schema\/logo\/image\/"}},{"@type":"Person","@id":"https:\/\/aktuelles.uni-frankfurt.de\/#\/schema\/person\/8e55ea338fb65d1ce87a91565d1f1739","name":"-","description":"Dieser Beitrag wurde von der Online-Redaktion ver\u00f6ffentlicht. Wenn der Beitrag von einem Gastautoren verfasst wurde, findet sich dieser Hinweis am Ende des jeweiligen Artikels.","sameAs":["http:\/\/aktuelles.uni-frankfurt.de\/autoren"],"url":"https:\/\/aktuelles.uni-frankfurt.de\/en\/author\/redaktion\/"}]}},"_links":{"self":[{"href":"https:\/\/aktuelles.uni-frankfurt.de\/en\/wp-json\/wp\/v2\/posts\/87786","targetHints":{"allow":["GET"]}}],"collection":[{"href":"https:\/\/aktuelles.uni-frankfurt.de\/en\/wp-json\/wp\/v2\/posts"}],"about":[{"href":"https:\/\/aktuelles.uni-frankfurt.de\/en\/wp-json\/wp\/v2\/types\/post"}],"author":[{"embeddable":true,"href":"https:\/\/aktuelles.uni-frankfurt.de\/en\/wp-json\/wp\/v2\/users\/8"}],"replies":[{"embeddable":true,"href":"https:\/\/aktuelles.uni-frankfurt.de\/en\/wp-json\/wp\/v2\/comments?post=87786"}],"version-history":[{"count":0,"href":"https:\/\/aktuelles.uni-frankfurt.de\/en\/wp-json\/wp\/v2\/posts\/87786\/revisions"}],"wp:featuredmedia":[{"embeddable":true,"href":"https:\/\/aktuelles.uni-frankfurt.de\/en\/wp-json\/wp\/v2\/media\/87787"}],"wp:attachment":[{"href":"https:\/\/aktuelles.uni-frankfurt.de\/en\/wp-json\/wp\/v2\/media?parent=87786"}],"wp:term":[{"taxonomy":"category","embeddable":true,"href":"https:\/\/aktuelles.uni-frankfurt.de\/en\/wp-json\/wp\/v2\/categories?post=87786"},{"taxonomy":"post_tag","embeddable":true,"href":"https:\/\/aktuelles.uni-frankfurt.de\/en\/wp-json\/wp\/v2\/tags?post=87786"},{"taxonomy":"post_folder","embeddable":true,"href":"https:\/\/aktuelles.uni-frankfurt.de\/en\/wp-json\/wp\/v2\/post_folder?post=87786"}],"curies":[{"name":"wp","href":"https:\/\/api.w.org\/{rel}","templated":true}]}}