{"id":87798,"date":"2026-03-26T19:00:00","date_gmt":"2026-03-26T18:00:00","guid":{"rendered":"https:\/\/aktuelles.uni-frankfurt.de\/?p=87798"},"modified":"2026-03-30T13:57:52","modified_gmt":"2026-03-30T11:57:52","slug":"evolution-im-zeitraffer-wie-sich-die-ackerschmalwand-anpasst-oder-ausstirbt","status":"publish","type":"post","link":"https:\/\/aktuelles.uni-frankfurt.de\/en\/forschung\/evolution-im-zeitraffer-wie-sich-die-ackerschmalwand-anpasst-oder-ausstirbt\/","title":{"rendered":"Evolution im Zeitraffer: Wie sich die Ackerschmalwand anpasst \u2013 oder ausstirbt"},"content":{"rendered":"<p><strong>In einem bislang einzigartigen Feldexperiment hat ein internationales Forschungsteam unter Leitung der Goethe-Universit\u00e4t, der University of California, Berkeley, und dem CNRS Montpellier die evolution\u00e4re Anpassung der Ackerschmalwand <em>Arabidopsis <\/em>thaliana an verschiedensten Klimazonen von den Alpen bis zur Negevw\u00fcste untersucht. An weltweit 30 Standorten s\u00e4ten die Teammitglieder die Pflanzen aus, beobachteten deren Entwicklung und werteten genetische Ver\u00e4nderungen aus. Das Ergebnis: Viele <em>Arabidopsis<\/em>-Populationen passten sich rasch den Klimaverh\u00e4ltnissen an \u2013 einige jedoch starben aus. Die Ergebnisse zeigen, wie genetische Vielfalt das \u00dcberleben von Populationen sichert.<\/strong><\/p>\n\n\n\n<div style=\"height:20px\" aria-hidden=\"true\" class=\"wp-block-spacer\"><\/div>\n\n\n\n<figure class=\"wp-block-image aligncenter size-full\"><img fetchpriority=\"high\" decoding=\"async\" width=\"650\" height=\"450\" src=\"https:\/\/aktuelles.uni-frankfurt.de\/wp-content\/uploads\/2026\/03\/arabidopsis-thaliana-650x450px.jpg\" alt=\"Lehrt uns, dass genetische Vielfalt das \u00dcberleben sichert: die Ackerschmalwand, Arabidopsis thaliana. \u00a9 Niek Scheepens, Goethe-Universit\u00e4t Frankfurt\" class=\"wp-image-87800\" srcset=\"https:\/\/aktuelles.uni-frankfurt.de\/wp-content\/uploads\/2026\/03\/arabidopsis-thaliana-650x450px.jpg 650w, https:\/\/aktuelles.uni-frankfurt.de\/wp-content\/uploads\/2026\/03\/arabidopsis-thaliana-650x450px-300x208.jpg 300w, https:\/\/aktuelles.uni-frankfurt.de\/wp-content\/uploads\/2026\/03\/arabidopsis-thaliana-650x450px-500x346.jpg 500w, https:\/\/aktuelles.uni-frankfurt.de\/wp-content\/uploads\/2026\/03\/arabidopsis-thaliana-650x450px-18x12.jpg 18w\" sizes=\"(max-width: 650px) 100vw, 650px\" \/><figcaption class=\"wp-element-caption\">Lehrt uns, dass genetische Vielfalt das \u00dcberleben sichert: die Ackerschmalwand, <em>Arabidopsis <\/em>thaliana. \u00a9 Niek Scheepens, Goethe-Universit\u00e4t Frankfurt <\/figcaption><\/figure>\n\n\n\n<div style=\"height:20px\" aria-hidden=\"true\" class=\"wp-block-spacer\"><\/div>\n\n\n\n<p>Das gro\u00dfe Experiment startete im Herbst 2017 mit 360 kleinen Plastikr\u00f6hrchen, in denen sich eine Mischung aus Samen der Ackerschmalwand <em>Arabidopsis thaliana<\/em> befand, einer unscheinbaren, einj\u00e4hrigen Pflanze mit kleinen, wei\u00dfen Bl\u00fcten. Die R\u00f6hrchen wurden an 30 verschiedene Orte in West- und Nordeuropa, dem Mittelmeerraum und den USA verschickt, wo sie von den Biologinnen und Biologen eines weltweiten Netzwerks in je zw\u00f6lf jeweils rund ein Viertel Quadratmeter gro\u00dfe Beete einges\u00e4t wurden und dort zw\u00f6lf <em>Arabidopsis<\/em>-Populationen bildeten, die mit ihren Samen das Fortbestehen im jeweils kommenden Jahr sicherten. Bis zu f\u00fcnf Jahre lang dokumentierten die Forscherinnen und Forscher das Wachsen und Gedeihen der Pflanzen und nahmen j\u00e4hrlich Gewebeproben f\u00fcr genetische Analysen. Ihr gemeinsames Ziel: die Evolution der Pflanzen nachzuvollziehen, die sich an so unterschiedliche Standorte anpassen mussten.<\/p>\n\n\n\n<div style=\"height:20px\" aria-hidden=\"true\" class=\"wp-block-spacer\"><\/div>\n\n\n\n<figure class=\"wp-block-image aligncenter size-full\"><img decoding=\"async\" width=\"650\" height=\"450\" src=\"https:\/\/aktuelles.uni-frankfurt.de\/wp-content\/uploads\/2026\/03\/12plots-650x450px.jpg\" alt=\"In je zw\u00f6lf Beeten von einem Viertel Quadratmeter Fl\u00e4che wuchsen die Ackerschmalwandpflanzen. \u00a9 Niek Scheepens, Goethe-Universit\u00e4t Frankfurt\" class=\"wp-image-87802\" srcset=\"https:\/\/aktuelles.uni-frankfurt.de\/wp-content\/uploads\/2026\/03\/12plots-650x450px.jpg 650w, https:\/\/aktuelles.uni-frankfurt.de\/wp-content\/uploads\/2026\/03\/12plots-650x450px-300x208.jpg 300w, https:\/\/aktuelles.uni-frankfurt.de\/wp-content\/uploads\/2026\/03\/12plots-650x450px-500x346.jpg 500w, https:\/\/aktuelles.uni-frankfurt.de\/wp-content\/uploads\/2026\/03\/12plots-650x450px-18x12.jpg 18w\" sizes=\"(max-width: 650px) 100vw, 650px\" \/><figcaption class=\"wp-element-caption\">In je zw\u00f6lf Beeten von einem Viertel Quadratmeter Fl\u00e4che wuchsen die Ackerschmalwandpflanzen. \u00a9 Niek Scheepens, Goethe-Universit\u00e4t Frankfurt<\/figcaption><\/figure>\n\n\n\n<p>Mit dem Aufbau des Netzwerks \u201eGenomics of Rapid Evolution in Novel Environment\u201c \u2013 kurz GrENE-net \u2013 hatte 2016 Niek Scheepens, Professor f\u00fcr evolution\u00e4re Pflanzen\u00f6kologie an der Goethe-Universit\u00e4t Frankfurt, gemeinsam mit Dr. Fran\u00e7ois Vasseur vom franz\u00f6sischen Centre d\u2019\u00c9cologie Fonctionelle et \u00c9volutive in Montpellier und Prof. Mois\u00e9s Exp\u00f3sito-Alonso von der University of California in Berkeley begonnen.<\/p>\n\n\n\n<p>Die Pflanzenproben aus den ersten drei Jahren wurden nun vom US-amerikanischen Team genetisch analysiert. Das Ergebnis: In den meisten Klimazonen \u00fcberlebten die Populationen und passten sich an die Umweltbedingungen an. Sichtbar wurde das durch Millionen \u00c4nderungen in der Gesamtheit ihrer Gene, dem Genom. Dabei waren die genomischen Ver\u00e4nderungen h\u00e4ufig in allen zw\u00f6lf Populationen eines Standorts statistisch \u00e4hnlich, und Standorte mit \u00e4hnlichem Klima wiesen \u00e4hnliche genetische Ver\u00e4nderungen auf und betrafen etwa Gene, die die Trockentoleranz oder die Bl\u00fctezeit beeinflussen.<\/p>\n\n\n\n<div style=\"height:20px\" aria-hidden=\"true\" class=\"wp-block-spacer\"><\/div>\n\n\n\n<figure class=\"wp-block-image aligncenter size-full\"><img decoding=\"async\" width=\"650\" height=\"450\" src=\"https:\/\/aktuelles.uni-frankfurt.de\/wp-content\/uploads\/2026\/03\/tissue-sampling-650x450px.jpg\" alt=\"Jedes Jahr w\u00e4hrend der Bl\u00fcte wurden von allen Pflanzen Gewebeproben f\u00fcr die genetische Analyse genommen. \u00a9 Niek Scheepens, Goethe-Universit\u00e4t Frankfurt\" class=\"wp-image-87804\" srcset=\"https:\/\/aktuelles.uni-frankfurt.de\/wp-content\/uploads\/2026\/03\/tissue-sampling-650x450px.jpg 650w, https:\/\/aktuelles.uni-frankfurt.de\/wp-content\/uploads\/2026\/03\/tissue-sampling-650x450px-300x208.jpg 300w, https:\/\/aktuelles.uni-frankfurt.de\/wp-content\/uploads\/2026\/03\/tissue-sampling-650x450px-500x346.jpg 500w, https:\/\/aktuelles.uni-frankfurt.de\/wp-content\/uploads\/2026\/03\/tissue-sampling-650x450px-18x12.jpg 18w\" sizes=\"(max-width: 650px) 100vw, 650px\" \/><figcaption class=\"wp-element-caption\">Jedes Jahr w\u00e4hrend der Bl\u00fcte wurden von allen Pflanzen Gewebeproben f\u00fcr die genetische Analyse genommen. \u00a9 Niek Scheepens, Goethe-Universit\u00e4t Frankfurt<\/figcaption><\/figure>\n\n\n\n<div style=\"height:20px\" aria-hidden=\"true\" class=\"wp-block-spacer\"><\/div>\n\n\n\n<p>Scheepens kommentiert: \u201eBeide Ergebnisse zeigen, wie das Klima offenbar einen evolution\u00e4ren Selektionsdruck aus\u00fcbt und die Auswahl solcher Gene und Genvarianten beg\u00fcnstigt, die die Pflanze besser an das Klima anpassen.\u201c<\/p>\n\n\n\n<p>Einige Ackerschmalwand-Populationen, meist an besonders hei\u00dfen und trockenen Standorten, waren jedoch nach den drei Jahren ausgestorben, und ihre Beete blieben kahl. Dem gingen, wie die Genomanalysen jetzt zeigten, starke genetische Schwankungen voraus, und die 12 Populationen entwickelten sich nicht alle in dieselbe Richtung. Scheepens: \u201eIn diesen Populationen gab es offenbar zuf\u00e4llige Ver\u00e4nderungen als Folge einer am Ende doch recht kleinen Population in einem Beet. Statt einer erfolgreichen Anpassung hat hier also die sogenannte \u201agenetische Drift\u2018 \u00fcberwogen.\u201c<\/p>\n\n\n\n<div style=\"height:20px\" aria-hidden=\"true\" class=\"wp-block-spacer\"><\/div>\n\n\n\n<figure class=\"wp-block-image aligncenter size-full\"><img loading=\"lazy\" decoding=\"async\" width=\"650\" height=\"450\" src=\"https:\/\/aktuelles.uni-frankfurt.de\/wp-content\/uploads\/2026\/03\/station-alpine-joseph-fournier-650x450px.jpg\" alt=\"Die Standorte waren klimatisch verschieden und reichten vom Gebirge bis zur W\u00fcste. \u00a9 Jean-Gabriel Valay, Jardin du Lautaret\" class=\"wp-image-87803\" srcset=\"https:\/\/aktuelles.uni-frankfurt.de\/wp-content\/uploads\/2026\/03\/station-alpine-joseph-fournier-650x450px.jpg 650w, https:\/\/aktuelles.uni-frankfurt.de\/wp-content\/uploads\/2026\/03\/station-alpine-joseph-fournier-650x450px-300x208.jpg 300w, https:\/\/aktuelles.uni-frankfurt.de\/wp-content\/uploads\/2026\/03\/station-alpine-joseph-fournier-650x450px-500x346.jpg 500w, https:\/\/aktuelles.uni-frankfurt.de\/wp-content\/uploads\/2026\/03\/station-alpine-joseph-fournier-650x450px-18x12.jpg 18w\" sizes=\"(max-width: 650px) 100vw, 650px\" \/><figcaption class=\"wp-element-caption\">Die Standorte waren klimatisch verschieden und reichten vom Gebirge bis zur W\u00fcste. \u00a9 Jean-Gabriel Valay, Jardin du Lautaret<\/figcaption><\/figure>\n\n\n\n<div style=\"height:20px\" aria-hidden=\"true\" class=\"wp-block-spacer\"><\/div>\n\n\n\n<p>Evolutions\u00f6kologe Niek Scheepens fasst zusammen: \u201eMit diesem Experiment k\u00f6nnen wir der Evolution sozusagen live \u00fcber die Schulter schauen. Es zeigt uns: Evolution\u00e4re Anpassung kann sehr rasch verlaufen, sofern ausreichende genetische Vielfalt vorhanden ist. Daher k\u00f6nnen seltene Pflanzen mit kleinen Populationen und entsprechend geringer genetische Vielfalt nur schlecht mit Ver\u00e4nderungen wie dem Klimawandel umgehen. Insgesamt ist unser Experiment ein eindringlicher Appell f\u00fcr den Erhalt der Biodiversit\u00e4t ganz allgemein: Vielfalt sichert \u00dcberleben!\u201c<\/p>\n\n\n\n<div style=\"height:20px\" aria-hidden=\"true\" class=\"wp-block-spacer\"><\/div>\n\n\n\n<p class=\"has-background\" style=\"background-color:#eeeeee\"><strong>Publikation:<\/strong> <br>Xing Wu, Tatiana Bellagio, Yunru Peng, Lucas Czech, Meixi Lin, Patricia Lang, Ruth Epstein, Mohamed Abdelaziz, Jake Alexander, Carlos Alonso- Blanco, Heidi Lie Andersen, Modesto Berbel, Joy Bergelson, Oliver Bossdorf, Liana Burghardt, Mireille Caton- Darby, Robert Colautti, Carolin Delker, Panayiotis G. Dimitrakopoulos, Kathleen Donohue, Walter Durka, Gema Escribano- Avila, Steven J. Franks, Felix B. Fritschi, Alexandros Galanidis, Alfredo Garcia-Fern\u00e1ndez, Ana Garc\u00eda- Mu\u00f1oz, Elena Hamann, Allison Hutt, Jos\u00e9 M. Iriondo, Thomas E. Juenger, Stephen R. Keller, Karin Koehl, Arthur Korte, Pamela Korte, Alexander Kutschera, Carlos Lara-Romero, Laura Leventhal, Daniel Maag, Arnald Marcer, Mart\u00ed March- Salas, Juliette de Meaux, Bel\u00e9n M\u00e9ndez-Vigo, Javier Morente-L\u00f3pez, Timothy C. Morton, Zuzana M\u00fcnzbergova, Anne Muola, Hanna Akiko Nomoto, Meelis P\u00e4rtel, F. Xavier Pic\u00f3, Brandie Quarles- Chidyagwai, Marcel Quint, Niklas Reichelt, Agnieszka Rudak, Johanna Schmitt, Gregor Schmitz, Merav Seifan, Basten L. Snoek, Remco Stam, Marc Stift, John R. Stinchcombe, Mark A. Taylor, Peter Tiffin, Ir\u00e8ne Till-Bottraud, Anna Traveset, Jean- Gabriel Valay, Martijn Van Zanten, Vigdis Vandvik, Cyrille Violle, Detlef Weigel, Maciej W\u00f3dkiewicz, Fran\u00e7ois Vasseur, J. F. Scheepens, Moises Exposito- Alonso. <strong>Rapid adaptation and extinction in synchronized outdoor evolution experiments of Arabidopsis. <\/strong>Science (2026) <a href=\"https:\/\/doi.org\/10.1126\/science.adz0777\" target=\"_blank\" rel=\"noreferrer noopener\">https:\/\/doi.org\/10.1126\/science.adz0777<\/a><\/p>\n\n\n\n<div style=\"height:20px\" aria-hidden=\"true\" class=\"wp-block-spacer\"><\/div>\n\n\n\n<p class=\"has-background\" style=\"background-color:#eeeeee\"><strong>Hintergrundinformationen<\/strong>: <a href=\"https:\/\/grene-net.org\/\" type=\"link\" id=\"https:\/\/grene-net.org\/\">Website des Projekts GrENE-net \u2192<\/a><\/p>\n\n\n\n<div style=\"height:20px\" aria-hidden=\"true\" class=\"wp-block-spacer\"><\/div>\n\n\n\n<p class=\"has-background\" style=\"background-color:#eeeeee\"><strong>Weitere Informationen<\/strong><br>Prof. Dr. J.F. Niek Scheepens<br>Evolution\u00e4re \u00d6kologie der Pflanzen<br>Institut f\u00fcr \u00d6kologie, Evolution und Diversit\u00e4t<br>Fachbereich Biowissenschaften<br>Goethe University Frankfurt<br>Tel. +49 (0)69 798-42132<br><a href=\"mailto:Scheepens@bio.uni-frankfurt.de\" target=\"_blank\" rel=\"noreferrer noopener\">Scheepens@bio.uni-frankfurt.de<\/a><br><a href=\"https:\/\/www.bio.uni-frankfurt.de\/96381923\/J_F__Niek_Scheepens\" target=\"_blank\" rel=\"noreferrer noopener\">https:\/\/www.bio.uni-frankfurt.de\/96381923\/J_F__Niek_Scheepens<\/a><\/p>\n\n\n\n<p><\/p>","protected":false},"excerpt":{"rendered":"<p>In einem bislang einzigartigen Feldexperiment hat ein internationales Forschungsteam unter Leitung der Goethe-Universit\u00e4t, der University of California, Berkeley, und dem CNRS Montpellier die evolution\u00e4re Anpassung der Ackerschmalwand Arabidopsis thaliana an [&hellip;]<\/p>\n","protected":false},"author":23,"featured_media":87800,"comment_status":"closed","ping_status":"closed","sticky":false,"template":"","format":"standard","meta":{"_eb_attr":"","_price":"","_stock":"","_tribe_ticket_header":"","_tribe_default_ticket_provider":"","_ticket_start_date":"","_ticket_end_date":"","_tribe_ticket_show_description":"","_tribe_ticket_show_not_going":false,"_tribe_ticket_use_global_stock":"","_tribe_ticket_global_stock_level":"","_global_stock_mode":"","_global_stock_cap":"","_tribe_rsvp_for_event":"","_tribe_ticket_going_count":"","_tribe_ticket_not_going_count":"","_tribe_tickets_list":"[]","_tribe_ticket_has_attendee_info_fields":false,"footnotes":""},"categories":[3,139],"tags":[35],"post_folder":[],"class_list":["post-87798","post","type-post","status-publish","format-standard","has-post-thumbnail","hentry","category-forschung","category-instagram","tag-biowissenschaften"],"yoast_head":"<!-- This site is optimized with the Yoast SEO plugin v27.5 - https:\/\/yoast.com\/product\/yoast-seo-wordpress\/ -->\n<title>Evolution im Zeitraffer: Wie sich die Ackerschmalwand anpasst \u2013 oder ausstirbt | Aktuelles aus der Goethe-Universit\u00e4t Frankfurt<\/title>\n<meta name=\"robots\" content=\"index, follow, max-snippet:-1, max-image-preview:large, max-video-preview:-1\" \/>\n<link rel=\"canonical\" href=\"https:\/\/aktuelles.uni-frankfurt.de\/en\/forschung\/evolution-im-zeitraffer-wie-sich-die-ackerschmalwand-anpasst-oder-ausstirbt\/\" \/>\n<meta property=\"og:locale\" content=\"en_GB\" \/>\n<meta property=\"og:type\" content=\"article\" \/>\n<meta property=\"og:title\" content=\"Evolution im Zeitraffer: Wie sich die Ackerschmalwand anpasst \u2013 oder ausstirbt | Aktuelles aus der Goethe-Universit\u00e4t Frankfurt\" \/>\n<meta property=\"og:description\" content=\"In einem bislang einzigartigen Feldexperiment hat ein internationales Forschungsteam unter Leitung der Goethe-Universit\u00e4t, der University of California, Berkeley, und dem CNRS Montpellier die evolution\u00e4re Anpassung der Ackerschmalwand Arabidopsis thaliana an [&hellip;]\" \/>\n<meta property=\"og:url\" content=\"https:\/\/aktuelles.uni-frankfurt.de\/en\/forschung\/evolution-im-zeitraffer-wie-sich-die-ackerschmalwand-anpasst-oder-ausstirbt\/\" \/>\n<meta property=\"og:site_name\" content=\"Aktuelles aus der Goethe-Universit\u00e4t Frankfurt\" \/>\n<meta property=\"article:published_time\" content=\"2026-03-26T18:00:00+00:00\" \/>\n<meta property=\"article:modified_time\" content=\"2026-03-30T11:57:52+00:00\" \/>\n<meta property=\"og:image\" content=\"https:\/\/aktuelles.uni-frankfurt.de\/wp-content\/uploads\/2026\/03\/arabidopsis-thaliana-650x450px.jpg\" \/>\n\t<meta property=\"og:image:width\" content=\"650\" \/>\n\t<meta property=\"og:image:height\" content=\"450\" \/>\n\t<meta property=\"og:image:type\" content=\"image\/jpeg\" \/>\n<meta name=\"author\" content=\"Dr. Markus Bernards\" \/>\n<meta name=\"twitter:card\" content=\"summary_large_image\" \/>\n<meta name=\"twitter:label1\" content=\"Written by\" \/>\n\t<meta name=\"twitter:data1\" content=\"Dr. Markus Bernards\" \/>\n\t<meta name=\"twitter:label2\" content=\"Estimated reading time\" \/>\n\t<meta name=\"twitter:data2\" content=\"4 minutes\" \/>\n<script type=\"application\/ld+json\" class=\"yoast-schema-graph\">{\"@context\":\"https:\\\/\\\/schema.org\",\"@graph\":[{\"@type\":\"Article\",\"@id\":\"https:\\\/\\\/aktuelles.uni-frankfurt.de\\\/forschung\\\/evolution-im-zeitraffer-wie-sich-die-ackerschmalwand-anpasst-oder-ausstirbt\\\/#article\",\"isPartOf\":{\"@id\":\"https:\\\/\\\/aktuelles.uni-frankfurt.de\\\/forschung\\\/evolution-im-zeitraffer-wie-sich-die-ackerschmalwand-anpasst-oder-ausstirbt\\\/\"},\"author\":{\"name\":\"Dr. Markus Bernards\",\"@id\":\"https:\\\/\\\/aktuelles.uni-frankfurt.de\\\/#\\\/schema\\\/person\\\/47afd8b2c02023a0f1eee09d035f73e8\"},\"headline\":\"Evolution im Zeitraffer: Wie sich die Ackerschmalwand anpasst \u2013 oder ausstirbt\",\"datePublished\":\"2026-03-26T18:00:00+00:00\",\"dateModified\":\"2026-03-30T11:57:52+00:00\",\"mainEntityOfPage\":{\"@id\":\"https:\\\/\\\/aktuelles.uni-frankfurt.de\\\/forschung\\\/evolution-im-zeitraffer-wie-sich-die-ackerschmalwand-anpasst-oder-ausstirbt\\\/\"},\"wordCount\":881,\"publisher\":{\"@id\":\"https:\\\/\\\/aktuelles.uni-frankfurt.de\\\/#organization\"},\"image\":{\"@id\":\"https:\\\/\\\/aktuelles.uni-frankfurt.de\\\/forschung\\\/evolution-im-zeitraffer-wie-sich-die-ackerschmalwand-anpasst-oder-ausstirbt\\\/#primaryimage\"},\"thumbnailUrl\":\"https:\\\/\\\/aktuelles.uni-frankfurt.de\\\/wp-content\\\/uploads\\\/2026\\\/03\\\/arabidopsis-thaliana-650x450px.jpg\",\"keywords\":[\"Biowissenschaften\"],\"articleSection\":[\"Forschung\",\"Instagram\"],\"inLanguage\":\"en-GB\"},{\"@type\":\"WebPage\",\"@id\":\"https:\\\/\\\/aktuelles.uni-frankfurt.de\\\/forschung\\\/evolution-im-zeitraffer-wie-sich-die-ackerschmalwand-anpasst-oder-ausstirbt\\\/\",\"url\":\"https:\\\/\\\/aktuelles.uni-frankfurt.de\\\/forschung\\\/evolution-im-zeitraffer-wie-sich-die-ackerschmalwand-anpasst-oder-ausstirbt\\\/\",\"name\":\"Evolution im Zeitraffer: Wie sich die Ackerschmalwand anpasst \u2013 oder ausstirbt | Aktuelles aus der Goethe-Universit\u00e4t Frankfurt\",\"isPartOf\":{\"@id\":\"https:\\\/\\\/aktuelles.uni-frankfurt.de\\\/#website\"},\"primaryImageOfPage\":{\"@id\":\"https:\\\/\\\/aktuelles.uni-frankfurt.de\\\/forschung\\\/evolution-im-zeitraffer-wie-sich-die-ackerschmalwand-anpasst-oder-ausstirbt\\\/#primaryimage\"},\"image\":{\"@id\":\"https:\\\/\\\/aktuelles.uni-frankfurt.de\\\/forschung\\\/evolution-im-zeitraffer-wie-sich-die-ackerschmalwand-anpasst-oder-ausstirbt\\\/#primaryimage\"},\"thumbnailUrl\":\"https:\\\/\\\/aktuelles.uni-frankfurt.de\\\/wp-content\\\/uploads\\\/2026\\\/03\\\/arabidopsis-thaliana-650x450px.jpg\",\"datePublished\":\"2026-03-26T18:00:00+00:00\",\"dateModified\":\"2026-03-30T11:57:52+00:00\",\"breadcrumb\":{\"@id\":\"https:\\\/\\\/aktuelles.uni-frankfurt.de\\\/forschung\\\/evolution-im-zeitraffer-wie-sich-die-ackerschmalwand-anpasst-oder-ausstirbt\\\/#breadcrumb\"},\"inLanguage\":\"en-GB\",\"potentialAction\":[{\"@type\":\"ReadAction\",\"target\":[\"https:\\\/\\\/aktuelles.uni-frankfurt.de\\\/forschung\\\/evolution-im-zeitraffer-wie-sich-die-ackerschmalwand-anpasst-oder-ausstirbt\\\/\"]}]},{\"@type\":\"ImageObject\",\"inLanguage\":\"en-GB\",\"@id\":\"https:\\\/\\\/aktuelles.uni-frankfurt.de\\\/forschung\\\/evolution-im-zeitraffer-wie-sich-die-ackerschmalwand-anpasst-oder-ausstirbt\\\/#primaryimage\",\"url\":\"https:\\\/\\\/aktuelles.uni-frankfurt.de\\\/wp-content\\\/uploads\\\/2026\\\/03\\\/arabidopsis-thaliana-650x450px.jpg\",\"contentUrl\":\"https:\\\/\\\/aktuelles.uni-frankfurt.de\\\/wp-content\\\/uploads\\\/2026\\\/03\\\/arabidopsis-thaliana-650x450px.jpg\",\"width\":650,\"height\":450,\"caption\":\"Lehrt uns, dass genetische Vielfalt das \u00dcberleben sichert: die Ackerschmalwand, Arabidopsis thaliana. \u00a9 Niek Scheepens, Goethe-Universit\u00e4t Frankfurt\"},{\"@type\":\"BreadcrumbList\",\"@id\":\"https:\\\/\\\/aktuelles.uni-frankfurt.de\\\/forschung\\\/evolution-im-zeitraffer-wie-sich-die-ackerschmalwand-anpasst-oder-ausstirbt\\\/#breadcrumb\",\"itemListElement\":[{\"@type\":\"ListItem\",\"position\":1,\"name\":\"Startseite\",\"item\":\"https:\\\/\\\/aktuelles.uni-frankfurt.de\\\/\"},{\"@type\":\"ListItem\",\"position\":2,\"name\":\"Evolution im Zeitraffer: Wie sich die Ackerschmalwand anpasst \u2013 oder ausstirbt\"}]},{\"@type\":\"WebSite\",\"@id\":\"https:\\\/\\\/aktuelles.uni-frankfurt.de\\\/#website\",\"url\":\"https:\\\/\\\/aktuelles.uni-frankfurt.de\\\/\",\"name\":\"Aktuelles aus der Goethe-Universit\u00e4t Frankfurt\",\"description\":\"Aktuelles aus der Goethe-Universit\u00e4t | Neues aus Forschung, Lehre, Studium\",\"publisher\":{\"@id\":\"https:\\\/\\\/aktuelles.uni-frankfurt.de\\\/#organization\"},\"potentialAction\":[{\"@type\":\"SearchAction\",\"target\":{\"@type\":\"EntryPoint\",\"urlTemplate\":\"https:\\\/\\\/aktuelles.uni-frankfurt.de\\\/?s={search_term_string}\"},\"query-input\":{\"@type\":\"PropertyValueSpecification\",\"valueRequired\":true,\"valueName\":\"search_term_string\"}}],\"inLanguage\":\"en-GB\"},{\"@type\":\"Organization\",\"@id\":\"https:\\\/\\\/aktuelles.uni-frankfurt.de\\\/#organization\",\"name\":\"Goethe-Universit\u00e4t\",\"url\":\"https:\\\/\\\/aktuelles.uni-frankfurt.de\\\/\",\"logo\":{\"@type\":\"ImageObject\",\"inLanguage\":\"en-GB\",\"@id\":\"https:\\\/\\\/aktuelles.uni-frankfurt.de\\\/#\\\/schema\\\/logo\\\/image\\\/\",\"url\":\"https:\\\/\\\/aktuelles.uni-frankfurt.de\\\/wp-content\\\/uploads\\\/2022\\\/03\\\/800px-Goethe-Logo.png\",\"contentUrl\":\"https:\\\/\\\/aktuelles.uni-frankfurt.de\\\/wp-content\\\/uploads\\\/2022\\\/03\\\/800px-Goethe-Logo.png\",\"width\":800,\"height\":436,\"caption\":\"Goethe-Universit\u00e4t\"},\"image\":{\"@id\":\"https:\\\/\\\/aktuelles.uni-frankfurt.de\\\/#\\\/schema\\\/logo\\\/image\\\/\"}},{\"@type\":\"Person\",\"@id\":\"https:\\\/\\\/aktuelles.uni-frankfurt.de\\\/#\\\/schema\\\/person\\\/47afd8b2c02023a0f1eee09d035f73e8\",\"name\":\"Dr. Markus Bernards\",\"url\":\"https:\\\/\\\/aktuelles.uni-frankfurt.de\\\/en\\\/author\\\/markus-bernards\\\/\"}]}<\/script>\n<!-- \/ Yoast SEO plugin. -->","yoast_head_json":{"title":"Evolution im Zeitraffer: Wie sich die Ackerschmalwand anpasst \u2013 oder ausstirbt | Aktuelles aus der Goethe-Universit\u00e4t Frankfurt","robots":{"index":"index","follow":"follow","max-snippet":"max-snippet:-1","max-image-preview":"max-image-preview:large","max-video-preview":"max-video-preview:-1"},"canonical":"https:\/\/aktuelles.uni-frankfurt.de\/en\/forschung\/evolution-im-zeitraffer-wie-sich-die-ackerschmalwand-anpasst-oder-ausstirbt\/","og_locale":"en_GB","og_type":"article","og_title":"Evolution im Zeitraffer: Wie sich die Ackerschmalwand anpasst \u2013 oder ausstirbt | Aktuelles aus der Goethe-Universit\u00e4t Frankfurt","og_description":"In einem bislang einzigartigen Feldexperiment hat ein internationales Forschungsteam unter Leitung der Goethe-Universit\u00e4t, der University of California, Berkeley, und dem CNRS Montpellier die evolution\u00e4re Anpassung der Ackerschmalwand Arabidopsis thaliana an [&hellip;]","og_url":"https:\/\/aktuelles.uni-frankfurt.de\/en\/forschung\/evolution-im-zeitraffer-wie-sich-die-ackerschmalwand-anpasst-oder-ausstirbt\/","og_site_name":"Aktuelles aus der Goethe-Universit\u00e4t Frankfurt","article_published_time":"2026-03-26T18:00:00+00:00","article_modified_time":"2026-03-30T11:57:52+00:00","og_image":[{"width":650,"height":450,"url":"https:\/\/aktuelles.uni-frankfurt.de\/wp-content\/uploads\/2026\/03\/arabidopsis-thaliana-650x450px.jpg","type":"image\/jpeg"}],"author":"Dr. Markus Bernards","twitter_card":"summary_large_image","twitter_misc":{"Written by":"Dr. Markus Bernards","Estimated reading time":"4 minutes"},"schema":{"@context":"https:\/\/schema.org","@graph":[{"@type":"Article","@id":"https:\/\/aktuelles.uni-frankfurt.de\/forschung\/evolution-im-zeitraffer-wie-sich-die-ackerschmalwand-anpasst-oder-ausstirbt\/#article","isPartOf":{"@id":"https:\/\/aktuelles.uni-frankfurt.de\/forschung\/evolution-im-zeitraffer-wie-sich-die-ackerschmalwand-anpasst-oder-ausstirbt\/"},"author":{"name":"Dr. Markus Bernards","@id":"https:\/\/aktuelles.uni-frankfurt.de\/#\/schema\/person\/47afd8b2c02023a0f1eee09d035f73e8"},"headline":"Evolution im Zeitraffer: Wie sich die Ackerschmalwand anpasst \u2013 oder ausstirbt","datePublished":"2026-03-26T18:00:00+00:00","dateModified":"2026-03-30T11:57:52+00:00","mainEntityOfPage":{"@id":"https:\/\/aktuelles.uni-frankfurt.de\/forschung\/evolution-im-zeitraffer-wie-sich-die-ackerschmalwand-anpasst-oder-ausstirbt\/"},"wordCount":881,"publisher":{"@id":"https:\/\/aktuelles.uni-frankfurt.de\/#organization"},"image":{"@id":"https:\/\/aktuelles.uni-frankfurt.de\/forschung\/evolution-im-zeitraffer-wie-sich-die-ackerschmalwand-anpasst-oder-ausstirbt\/#primaryimage"},"thumbnailUrl":"https:\/\/aktuelles.uni-frankfurt.de\/wp-content\/uploads\/2026\/03\/arabidopsis-thaliana-650x450px.jpg","keywords":["Biowissenschaften"],"articleSection":["Forschung","Instagram"],"inLanguage":"en-GB"},{"@type":"WebPage","@id":"https:\/\/aktuelles.uni-frankfurt.de\/forschung\/evolution-im-zeitraffer-wie-sich-die-ackerschmalwand-anpasst-oder-ausstirbt\/","url":"https:\/\/aktuelles.uni-frankfurt.de\/forschung\/evolution-im-zeitraffer-wie-sich-die-ackerschmalwand-anpasst-oder-ausstirbt\/","name":"Evolution im Zeitraffer: Wie sich die Ackerschmalwand anpasst \u2013 oder ausstirbt | Aktuelles aus der Goethe-Universit\u00e4t Frankfurt","isPartOf":{"@id":"https:\/\/aktuelles.uni-frankfurt.de\/#website"},"primaryImageOfPage":{"@id":"https:\/\/aktuelles.uni-frankfurt.de\/forschung\/evolution-im-zeitraffer-wie-sich-die-ackerschmalwand-anpasst-oder-ausstirbt\/#primaryimage"},"image":{"@id":"https:\/\/aktuelles.uni-frankfurt.de\/forschung\/evolution-im-zeitraffer-wie-sich-die-ackerschmalwand-anpasst-oder-ausstirbt\/#primaryimage"},"thumbnailUrl":"https:\/\/aktuelles.uni-frankfurt.de\/wp-content\/uploads\/2026\/03\/arabidopsis-thaliana-650x450px.jpg","datePublished":"2026-03-26T18:00:00+00:00","dateModified":"2026-03-30T11:57:52+00:00","breadcrumb":{"@id":"https:\/\/aktuelles.uni-frankfurt.de\/forschung\/evolution-im-zeitraffer-wie-sich-die-ackerschmalwand-anpasst-oder-ausstirbt\/#breadcrumb"},"inLanguage":"en-GB","potentialAction":[{"@type":"ReadAction","target":["https:\/\/aktuelles.uni-frankfurt.de\/forschung\/evolution-im-zeitraffer-wie-sich-die-ackerschmalwand-anpasst-oder-ausstirbt\/"]}]},{"@type":"ImageObject","inLanguage":"en-GB","@id":"https:\/\/aktuelles.uni-frankfurt.de\/forschung\/evolution-im-zeitraffer-wie-sich-die-ackerschmalwand-anpasst-oder-ausstirbt\/#primaryimage","url":"https:\/\/aktuelles.uni-frankfurt.de\/wp-content\/uploads\/2026\/03\/arabidopsis-thaliana-650x450px.jpg","contentUrl":"https:\/\/aktuelles.uni-frankfurt.de\/wp-content\/uploads\/2026\/03\/arabidopsis-thaliana-650x450px.jpg","width":650,"height":450,"caption":"Lehrt uns, dass genetische Vielfalt das \u00dcberleben sichert: die Ackerschmalwand, Arabidopsis thaliana. \u00a9 Niek Scheepens, Goethe-Universit\u00e4t Frankfurt"},{"@type":"BreadcrumbList","@id":"https:\/\/aktuelles.uni-frankfurt.de\/forschung\/evolution-im-zeitraffer-wie-sich-die-ackerschmalwand-anpasst-oder-ausstirbt\/#breadcrumb","itemListElement":[{"@type":"ListItem","position":1,"name":"Startseite","item":"https:\/\/aktuelles.uni-frankfurt.de\/"},{"@type":"ListItem","position":2,"name":"Evolution im Zeitraffer: Wie sich die Ackerschmalwand anpasst \u2013 oder ausstirbt"}]},{"@type":"WebSite","@id":"https:\/\/aktuelles.uni-frankfurt.de\/#website","url":"https:\/\/aktuelles.uni-frankfurt.de\/","name":"Aktuelles aus der Goethe-Universit\u00e4t Frankfurt","description":"Aktuelles aus der Goethe-Universit\u00e4t | Neues aus Forschung, Lehre, Studium","publisher":{"@id":"https:\/\/aktuelles.uni-frankfurt.de\/#organization"},"potentialAction":[{"@type":"SearchAction","target":{"@type":"EntryPoint","urlTemplate":"https:\/\/aktuelles.uni-frankfurt.de\/?s={search_term_string}"},"query-input":{"@type":"PropertyValueSpecification","valueRequired":true,"valueName":"search_term_string"}}],"inLanguage":"en-GB"},{"@type":"Organization","@id":"https:\/\/aktuelles.uni-frankfurt.de\/#organization","name":"Goethe University Frankfurt","url":"https:\/\/aktuelles.uni-frankfurt.de\/","logo":{"@type":"ImageObject","inLanguage":"en-GB","@id":"https:\/\/aktuelles.uni-frankfurt.de\/#\/schema\/logo\/image\/","url":"https:\/\/aktuelles.uni-frankfurt.de\/wp-content\/uploads\/2022\/03\/800px-Goethe-Logo.png","contentUrl":"https:\/\/aktuelles.uni-frankfurt.de\/wp-content\/uploads\/2022\/03\/800px-Goethe-Logo.png","width":800,"height":436,"caption":"Goethe-Universit\u00e4t"},"image":{"@id":"https:\/\/aktuelles.uni-frankfurt.de\/#\/schema\/logo\/image\/"}},{"@type":"Person","@id":"https:\/\/aktuelles.uni-frankfurt.de\/#\/schema\/person\/47afd8b2c02023a0f1eee09d035f73e8","name":"Dr. Markus Bernards","url":"https:\/\/aktuelles.uni-frankfurt.de\/en\/author\/markus-bernards\/"}]}},"_links":{"self":[{"href":"https:\/\/aktuelles.uni-frankfurt.de\/en\/wp-json\/wp\/v2\/posts\/87798","targetHints":{"allow":["GET"]}}],"collection":[{"href":"https:\/\/aktuelles.uni-frankfurt.de\/en\/wp-json\/wp\/v2\/posts"}],"about":[{"href":"https:\/\/aktuelles.uni-frankfurt.de\/en\/wp-json\/wp\/v2\/types\/post"}],"author":[{"embeddable":true,"href":"https:\/\/aktuelles.uni-frankfurt.de\/en\/wp-json\/wp\/v2\/users\/23"}],"replies":[{"embeddable":true,"href":"https:\/\/aktuelles.uni-frankfurt.de\/en\/wp-json\/wp\/v2\/comments?post=87798"}],"version-history":[{"count":0,"href":"https:\/\/aktuelles.uni-frankfurt.de\/en\/wp-json\/wp\/v2\/posts\/87798\/revisions"}],"wp:featuredmedia":[{"embeddable":true,"href":"https:\/\/aktuelles.uni-frankfurt.de\/en\/wp-json\/wp\/v2\/media\/87800"}],"wp:attachment":[{"href":"https:\/\/aktuelles.uni-frankfurt.de\/en\/wp-json\/wp\/v2\/media?parent=87798"}],"wp:term":[{"taxonomy":"category","embeddable":true,"href":"https:\/\/aktuelles.uni-frankfurt.de\/en\/wp-json\/wp\/v2\/categories?post=87798"},{"taxonomy":"post_tag","embeddable":true,"href":"https:\/\/aktuelles.uni-frankfurt.de\/en\/wp-json\/wp\/v2\/tags?post=87798"},{"taxonomy":"post_folder","embeddable":true,"href":"https:\/\/aktuelles.uni-frankfurt.de\/en\/wp-json\/wp\/v2\/post_folder?post=87798"}],"curies":[{"name":"wp","href":"https:\/\/api.w.org\/{rel}","templated":true}]}}