{"id":900,"date":"2015-10-08T09:04:52","date_gmt":"2015-10-08T07:04:52","guid":{"rendered":"http:\/\/aktuelles.uni-frankfurt.de\/?p=900"},"modified":"2016-01-28T13:22:45","modified_gmt":"2016-01-28T12:22:45","slug":"tag-der-patientensicherheit","status":"publish","type":"post","link":"https:\/\/aktuelles.uni-frankfurt.de\/en\/campus\/tag-der-patientensicherheit\/","title":{"rendered":"\u00bbTag der Patientensicherheit\u00ab"},"content":{"rendered":"<p>Im Universit\u00e4tsklinikum waren sie vorbereitet. Der Patient, der k\u00fcrzlich aus einem griechischen Krankenhaus nach Frankfurt verlegt wurde, galt als Risikopatient, weil er in einem Mittelmeerland in Kontakt mit dem dortigen Gesundheitssystem gekommen war. Er wurde von vorneherein auf einem Einzelzimmer isoliert, nahm am Screening auf multiresistente Krankheitserreger teil.<\/p>\n<p>Und tats\u00e4chlich wurde das Institut f\u00fcr \u201eMedizinische Mikrobiologie und Krankenhaushygiene\u201c bei dem Patienten f\u00fcndig: Mitarbeiter des Instituts wiesen den gef\u00e4hrlichen Erreger <em>Acinetobacter baumanii<\/em> nach. Seither befindet sich an der Zimmert\u00fcr ein blaues Warnschild mit speziellen Verhaltensregeln f\u00fcr Besucher und f\u00fcr das Krankenhauspersonal; vor anderen Erregern w\u00fcrde ein rotes oder gelbes Schild mit entsprechenden Hinweisen warnen.<\/p>\n<p>Von diesem aktuellen Fall berichtete der Direktor des Instituts f\u00fcr medizinische Mikrobiologie und Krankenhaushygiene, Professor Volkhard Kempf, am \u201e1. internationalen Tag der Patientensicherheit\u201c und betonte: \u201eAuf dem Gebiet der Hygiene und Vermeidung von Infektionskrankheiten sind wir Vorreiter und haben Konzepte entwickelt, die weit \u00fcber unser Haus hinaus wichtige Impulse setzen.\u201c Zusammen mit dem Leiter der Abteilung Krankenhaushygiene, Privatdozent Christian Brandt, erl\u00e4uterte Kempf die Antworten des Uniklinikums auf die brisante und dr\u00e4ngende Frage: \u201eWie lassen sich Krankenhausinfektionen vermeiden?\u201c<\/p>\n<h3>Kampf gegen Keime auf allen Ebenen<\/h3>\n<p>Die beiden Mediziner machten deutlich, dass das Klinikum der Goethe-Universit\u00e4t den Kampf gegen nosokomiale (im Krankenhaus erworbene) Infektionen auf allen Ebenen f\u00fchrt, vom \u00e4rztlichen Direktor bis hin zu den Reinigungskr\u00e4ften, die auf den Stationen die Patientenzimmer putzen. Der \u00e4rztliche Direktor geh\u00f6rt neben Kempf, Brandt und anderen der Hygienekommission an: Diese legt fest, welche Ma\u00dfnahmen zu ergreifen sind, und fasst sie im so genannten Hygieneplan zusammen \u2013 gewisserma\u00dfen das Drehbuch f\u00fcr die Infektionspr\u00e4vention.<\/p>\n<p>Genauso wichtig wie das Drehbuch ist freilich die Besetzungsliste: Die eine Hauptrolle im Kampf gegen Krankenhauskeime spielt die akkreditierte Infektionsdiagnostik, der von den Gutachtern der nationalen Akkreditierungsstelle h\u00f6chste Qualit\u00e4tsstandards bescheinigt werden. Die andere Hauptrolle spielt das Team der Abteilung Krankenhaushygiene, das Schulungen abh\u00e4lt und andere Mitarbeiter des Klinikums ber\u00e4t, falls erforderlich auch mitten in der Nacht oder am Wochenende.<\/p>\n<p>\u201eWir vermitteln den Mitarbeitern wissenschaftlich gepr\u00fcfte Verfahren und versetzen sie so in die Lage, Infektionen bewusst zu vermeiden\u201c, sagt Christian Brandt. Er ist Facharzt f\u00fcr Hygiene und Umweltmedizin und wird bei seiner Arbeit unterst\u00fctzt durch eine Assistenz\u00e4rztin sowie f\u00fcnf Hygienefachkrankenpflegekr\u00e4fte \u2013 und nat\u00fcrlich durch die 30 hygienebeauftragten \u00c4rzte der einzelnen Kliniken im Universit\u00e4tsklinikum sowie durch dessen Betriebs\u00e4rztin.<\/p>\n<p>Kempf und Brandt erl\u00e4uterten, wie vielschichtig sich das Thema Krankenhaushygiene f\u00fcr sie darstellt, angefangen bei einer gr\u00fcndlichen Basishygiene. Dazu geh\u00f6ren zum einen ganz konkrete Arbeitsanweisungen an die Fremdfirmen sowie genau festgelegte Routinen, mit denen die Arbeit der Reinigungskr\u00e4fte \u00fcberpr\u00fcft wird. Die beiden speziell geschulten Mitarbeiter der Reinigungskontrolle \u2013 Angestellte des Universit\u00e4tsklinikums \u2013 tragen ein Gel auf h\u00e4ufig angefasste Objekte wie T\u00fcrklinken und Toilettensitze auf, das unter UV-Licht fluoresziert.<\/p>\n<p>Nur wenn die Objekte nach der Reinigung im UV-Licht dunkel erscheinen, sehen die Kontrolleure, dass die Objekte gr\u00fcndlich gereinigt wurden. Zur Basishygiene geh\u00f6ren zum anderen aber auch die standardisierte, zertifizierte Sterilisation von OP-Besteck und anderen Medizinprodukten sowie korrekte Verfahren im OP und beim Umgang mit Patienten, die etwa beatmet werden oder denen ein Venenkatheter gelegt wird.<\/p>\n<h3>Erfolg der Frankfurter Strategie<\/h3>\n<p>Die Basishygiene muss nat\u00fcrlich erg\u00e4nzt werden durch den angemessenen Umgang mit den \u201eschweren F\u00e4llen\u201c, sprich mit multiresistenten Krankheitserregern, gegen die eine Vielzahl der bekannten Antibiotika wirkungslos sind. Christian Brandt erl\u00e4utert: \u201eDie \u00fcbertriebene, unkritische Gabe von Antibiotika bewirkt, dass zwar die unerw\u00fcnschten Bakterien im K\u00f6rper des Patienten absterben, so dass der Patient tats\u00e4chlich gesund wird \u2013 aber es \u00fcberleben resistente Bakterien, die sich dann ausbreiten k\u00f6nnen, weil sie einen Selektionsvorteil haben.\u201c<\/p>\n<p>Daher werden bestimmte Antibiotika im Uniklinikum Frankfurt nur unter Kontrolle speziell geschulter \u00c4rzte verordnet. Au\u00dferdem wurde am Institut f\u00fcr medizinische Mikrobiologie und Krankenhaushygiene die \u201eFrankfurter Strategie gegen die Verbreitung eingeschleppter multiresistenter Erreger\u201c entwickelt. Darin wird beschrieben, welche Patienten zu verschiedenen Risikogruppen geh\u00f6ren, so dass bei ihnen ein Screening auf multiresistente Erreger vorzunehmen ist, und was bei diesem zu beachten ist.<\/p>\n<p>Volkhard Kempf und Christian Brandt beobachten, dass die Frankfurter Strategie greift. Insbesondere ist es am Klinikum der Goethe-Universit\u00e4t noch zu keinem Ausbruch multiresistenter Erreger gekommen. Kempf besch\u00e4ftigt sich allerdings nicht nur mit dem klinischen Alltag: Als stellvertretender Sprecher einer DFG-Forschergruppe zu Eigenschaften des Bakteriums Acinetobacter treibt er die Grundlagenforschung voran. Deren Sprecher ist \u00fcbrigens Professor Volker M\u00fcller vom Fachbereich Biowissenschaften der Goethe-Universit\u00e4t. Kempf lobt die interdisziplin\u00e4re Zusammenarbeit: \u201eVon dieser au\u00dfergew\u00f6hnlichen Initiative zwischen Biologie und Medizin werden letztlich auch die Patienten profitieren, im Frankfurter Uniklinikum wie in anderen Krankenh\u00e4usern.\u201c [Autorin: Stefanie Hense]<\/p>\n<p>[dt_call_to_action content_size=&#8220;small&#8220; background=&#8220;plain&#8220; line=&#8220;true&#8220; style=&#8220;1&#8243; animation=&#8220;fadeIn&#8220;]<br \/>\n<img decoding=\"async\" class=\"alignleft wp-image-805 size-thumbnail\" src=\"https:\/\/aktuelles.uni-frankfurt.de\/wp-content\/uploads\/2015\/10\/blog_vorschau_uni-report-150x150.png\" alt=\"blog_vorschau_uni-report\" width=\"150\" height=\"150\" srcset=\"https:\/\/aktuelles.uni-frankfurt.de\/wp-content\/uploads\/2015\/10\/blog_vorschau_uni-report-150x150.png 150w, https:\/\/aktuelles.uni-frankfurt.de\/wp-content\/uploads\/2015\/10\/blog_vorschau_uni-report.png 200w\" sizes=\"(max-width: 150px) 100vw, 150px\" \/><strong>Dieser Artikel ist in der UniReport-Ausgabe 5-2015 erschienen.<\/strong><\/p>\n<p>(<a href=\"http:\/\/www.unireport.info\/58412529\/Unireport_5-15.pdf?\" target=\"_blank\">PDF-Download<\/a>).<\/p>\n<p>&nbsp;<\/p>\n<p>[\/dt_call_to_action]<\/p>\n","protected":false},"excerpt":{"rendered":"<p>Im Universit\u00e4tsklinikum waren sie vorbereitet. Der Patient, der k\u00fcrzlich aus einem griechischen Krankenhaus nach Frankfurt verlegt wurde, galt als Risikopatient, weil er in einem Mittelmeerland in Kontakt mit dem dortigen [&hellip;]<\/p>\n","protected":false},"author":8,"featured_media":901,"comment_status":"closed","ping_status":"closed","sticky":false,"template":"","format":"standard","meta":{"_eb_attr":"","_price":"","_stock":"","_tribe_ticket_header":"","_tribe_default_ticket_provider":"","_ticket_start_date":"","_ticket_end_date":"","_tribe_ticket_show_description":"","_tribe_ticket_show_not_going":false,"_tribe_ticket_use_global_stock":"","_tribe_ticket_global_stock_level":"","_global_stock_mode":"","_global_stock_cap":"","_tribe_rsvp_for_event":"","_tribe_ticket_going_count":"","_tribe_ticket_not_going_count":"","_tribe_tickets_list":"[]","_tribe_ticket_has_attendee_info_fields":false,"footnotes":""},"categories":[5],"tags":[38],"post_folder":[],"class_list":["post-900","post","type-post","status-publish","format-standard","has-post-thumbnail","hentry","category-campus","tag-campus-niederrad"],"yoast_head":"<!-- This site is optimized with the Yoast SEO plugin v27.5 - https:\/\/yoast.com\/product\/yoast-seo-wordpress\/ -->\n<title>\u00bbTag der Patientensicherheit\u00ab | Aktuelles aus der Goethe-Universit\u00e4t Frankfurt<\/title>\n<meta name=\"robots\" content=\"index, follow, max-snippet:-1, max-image-preview:large, max-video-preview:-1\" \/>\n<link rel=\"canonical\" href=\"https:\/\/aktuelles.uni-frankfurt.de\/en\/campus\/tag-der-patientensicherheit\/\" \/>\n<meta property=\"og:locale\" content=\"en_GB\" \/>\n<meta property=\"og:type\" content=\"article\" \/>\n<meta property=\"og:title\" content=\"\u00bbTag der Patientensicherheit\u00ab | Aktuelles aus der Goethe-Universit\u00e4t Frankfurt\" \/>\n<meta property=\"og:description\" content=\"Im Universit\u00e4tsklinikum waren sie vorbereitet. Der Patient, der k\u00fcrzlich aus einem griechischen Krankenhaus nach Frankfurt verlegt wurde, galt als Risikopatient, weil er in einem Mittelmeerland in Kontakt mit dem dortigen [&hellip;]\" \/>\n<meta property=\"og:url\" content=\"https:\/\/aktuelles.uni-frankfurt.de\/en\/campus\/tag-der-patientensicherheit\/\" \/>\n<meta property=\"og:site_name\" content=\"Aktuelles aus der Goethe-Universit\u00e4t Frankfurt\" \/>\n<meta property=\"article:published_time\" content=\"2015-10-08T07:04:52+00:00\" \/>\n<meta property=\"article:modified_time\" content=\"2016-01-28T12:22:45+00:00\" \/>\n<meta property=\"og:image\" content=\"https:\/\/aktuelles.uni-frankfurt.de\/wp-content\/uploads\/2015\/11\/blog_campus-niederrad_uniklinikum.jpg\" \/>\n\t<meta property=\"og:image:width\" content=\"1000\" \/>\n\t<meta property=\"og:image:height\" content=\"667\" \/>\n\t<meta property=\"og:image:type\" content=\"image\/jpeg\" \/>\n<meta name=\"author\" content=\"-\" \/>\n<meta name=\"twitter:card\" content=\"summary_large_image\" \/>\n<meta name=\"twitter:label1\" content=\"Written by\" \/>\n\t<meta name=\"twitter:data1\" content=\"-\" \/>\n\t<meta name=\"twitter:label2\" content=\"Estimated reading time\" \/>\n\t<meta name=\"twitter:data2\" content=\"4 minutes\" \/>\n<script type=\"application\/ld+json\" class=\"yoast-schema-graph\">{\"@context\":\"https:\\\/\\\/schema.org\",\"@graph\":[{\"@type\":\"Article\",\"@id\":\"https:\\\/\\\/aktuelles.uni-frankfurt.de\\\/campus\\\/tag-der-patientensicherheit\\\/#article\",\"isPartOf\":{\"@id\":\"https:\\\/\\\/aktuelles.uni-frankfurt.de\\\/campus\\\/tag-der-patientensicherheit\\\/\"},\"author\":{\"name\":\"-\",\"@id\":\"https:\\\/\\\/aktuelles.uni-frankfurt.de\\\/#\\\/schema\\\/person\\\/8e55ea338fb65d1ce87a91565d1f1739\"},\"headline\":\"\u00bbTag der Patientensicherheit\u00ab\",\"datePublished\":\"2015-10-08T07:04:52+00:00\",\"dateModified\":\"2016-01-28T12:22:45+00:00\",\"mainEntityOfPage\":{\"@id\":\"https:\\\/\\\/aktuelles.uni-frankfurt.de\\\/campus\\\/tag-der-patientensicherheit\\\/\"},\"wordCount\":811,\"publisher\":{\"@id\":\"https:\\\/\\\/aktuelles.uni-frankfurt.de\\\/#organization\"},\"image\":{\"@id\":\"https:\\\/\\\/aktuelles.uni-frankfurt.de\\\/campus\\\/tag-der-patientensicherheit\\\/#primaryimage\"},\"thumbnailUrl\":\"https:\\\/\\\/aktuelles.uni-frankfurt.de\\\/wp-content\\\/uploads\\\/2015\\\/11\\\/blog_campus-niederrad_uniklinikum.jpg\",\"keywords\":[\"Campus Niederrad\"],\"articleSection\":[\"Campus\"],\"inLanguage\":\"en-GB\"},{\"@type\":\"WebPage\",\"@id\":\"https:\\\/\\\/aktuelles.uni-frankfurt.de\\\/campus\\\/tag-der-patientensicherheit\\\/\",\"url\":\"https:\\\/\\\/aktuelles.uni-frankfurt.de\\\/campus\\\/tag-der-patientensicherheit\\\/\",\"name\":\"\u00bbTag der Patientensicherheit\u00ab | Aktuelles aus der Goethe-Universit\u00e4t Frankfurt\",\"isPartOf\":{\"@id\":\"https:\\\/\\\/aktuelles.uni-frankfurt.de\\\/#website\"},\"primaryImageOfPage\":{\"@id\":\"https:\\\/\\\/aktuelles.uni-frankfurt.de\\\/campus\\\/tag-der-patientensicherheit\\\/#primaryimage\"},\"image\":{\"@id\":\"https:\\\/\\\/aktuelles.uni-frankfurt.de\\\/campus\\\/tag-der-patientensicherheit\\\/#primaryimage\"},\"thumbnailUrl\":\"https:\\\/\\\/aktuelles.uni-frankfurt.de\\\/wp-content\\\/uploads\\\/2015\\\/11\\\/blog_campus-niederrad_uniklinikum.jpg\",\"datePublished\":\"2015-10-08T07:04:52+00:00\",\"dateModified\":\"2016-01-28T12:22:45+00:00\",\"breadcrumb\":{\"@id\":\"https:\\\/\\\/aktuelles.uni-frankfurt.de\\\/campus\\\/tag-der-patientensicherheit\\\/#breadcrumb\"},\"inLanguage\":\"en-GB\",\"potentialAction\":[{\"@type\":\"ReadAction\",\"target\":[\"https:\\\/\\\/aktuelles.uni-frankfurt.de\\\/campus\\\/tag-der-patientensicherheit\\\/\"]}]},{\"@type\":\"ImageObject\",\"inLanguage\":\"en-GB\",\"@id\":\"https:\\\/\\\/aktuelles.uni-frankfurt.de\\\/campus\\\/tag-der-patientensicherheit\\\/#primaryimage\",\"url\":\"https:\\\/\\\/aktuelles.uni-frankfurt.de\\\/wp-content\\\/uploads\\\/2015\\\/11\\\/blog_campus-niederrad_uniklinikum.jpg\",\"contentUrl\":\"https:\\\/\\\/aktuelles.uni-frankfurt.de\\\/wp-content\\\/uploads\\\/2015\\\/11\\\/blog_campus-niederrad_uniklinikum.jpg\",\"width\":1000,\"height\":667,\"caption\":\"Campus Niederrad, Uniklinikum\"},{\"@type\":\"BreadcrumbList\",\"@id\":\"https:\\\/\\\/aktuelles.uni-frankfurt.de\\\/campus\\\/tag-der-patientensicherheit\\\/#breadcrumb\",\"itemListElement\":[{\"@type\":\"ListItem\",\"position\":1,\"name\":\"Startseite\",\"item\":\"https:\\\/\\\/aktuelles.uni-frankfurt.de\\\/\"},{\"@type\":\"ListItem\",\"position\":2,\"name\":\"\u00bbTag der Patientensicherheit\u00ab\"}]},{\"@type\":\"WebSite\",\"@id\":\"https:\\\/\\\/aktuelles.uni-frankfurt.de\\\/#website\",\"url\":\"https:\\\/\\\/aktuelles.uni-frankfurt.de\\\/\",\"name\":\"Aktuelles aus der Goethe-Universit\u00e4t Frankfurt\",\"description\":\"Aktuelles aus der Goethe-Universit\u00e4t | Neues aus Forschung, Lehre, Studium\",\"publisher\":{\"@id\":\"https:\\\/\\\/aktuelles.uni-frankfurt.de\\\/#organization\"},\"potentialAction\":[{\"@type\":\"SearchAction\",\"target\":{\"@type\":\"EntryPoint\",\"urlTemplate\":\"https:\\\/\\\/aktuelles.uni-frankfurt.de\\\/?s={search_term_string}\"},\"query-input\":{\"@type\":\"PropertyValueSpecification\",\"valueRequired\":true,\"valueName\":\"search_term_string\"}}],\"inLanguage\":\"en-GB\"},{\"@type\":\"Organization\",\"@id\":\"https:\\\/\\\/aktuelles.uni-frankfurt.de\\\/#organization\",\"name\":\"Goethe-Universit\u00e4t\",\"url\":\"https:\\\/\\\/aktuelles.uni-frankfurt.de\\\/\",\"logo\":{\"@type\":\"ImageObject\",\"inLanguage\":\"en-GB\",\"@id\":\"https:\\\/\\\/aktuelles.uni-frankfurt.de\\\/#\\\/schema\\\/logo\\\/image\\\/\",\"url\":\"https:\\\/\\\/aktuelles.uni-frankfurt.de\\\/wp-content\\\/uploads\\\/2022\\\/03\\\/800px-Goethe-Logo.png\",\"contentUrl\":\"https:\\\/\\\/aktuelles.uni-frankfurt.de\\\/wp-content\\\/uploads\\\/2022\\\/03\\\/800px-Goethe-Logo.png\",\"width\":800,\"height\":436,\"caption\":\"Goethe-Universit\u00e4t\"},\"image\":{\"@id\":\"https:\\\/\\\/aktuelles.uni-frankfurt.de\\\/#\\\/schema\\\/logo\\\/image\\\/\"}},{\"@type\":\"Person\",\"@id\":\"https:\\\/\\\/aktuelles.uni-frankfurt.de\\\/#\\\/schema\\\/person\\\/8e55ea338fb65d1ce87a91565d1f1739\",\"name\":\"-\",\"description\":\"Dieser Beitrag wurde von der Online-Redaktion ver\u00f6ffentlicht. Wenn der Beitrag von einem Gastautoren verfasst wurde, findet sich dieser Hinweis am Ende des jeweiligen Artikels.\",\"sameAs\":[\"http:\\\/\\\/aktuelles.uni-frankfurt.de\\\/autoren\"],\"url\":\"https:\\\/\\\/aktuelles.uni-frankfurt.de\\\/en\\\/author\\\/redaktion\\\/\"}]}<\/script>\n<!-- \/ Yoast SEO plugin. -->","yoast_head_json":{"title":"\u00bbTag der Patientensicherheit\u00ab | Aktuelles aus der Goethe-Universit\u00e4t Frankfurt","robots":{"index":"index","follow":"follow","max-snippet":"max-snippet:-1","max-image-preview":"max-image-preview:large","max-video-preview":"max-video-preview:-1"},"canonical":"https:\/\/aktuelles.uni-frankfurt.de\/en\/campus\/tag-der-patientensicherheit\/","og_locale":"en_GB","og_type":"article","og_title":"\u00bbTag der Patientensicherheit\u00ab | Aktuelles aus der Goethe-Universit\u00e4t Frankfurt","og_description":"Im Universit\u00e4tsklinikum waren sie vorbereitet. Der Patient, der k\u00fcrzlich aus einem griechischen Krankenhaus nach Frankfurt verlegt wurde, galt als Risikopatient, weil er in einem Mittelmeerland in Kontakt mit dem dortigen [&hellip;]","og_url":"https:\/\/aktuelles.uni-frankfurt.de\/en\/campus\/tag-der-patientensicherheit\/","og_site_name":"Aktuelles aus der Goethe-Universit\u00e4t Frankfurt","article_published_time":"2015-10-08T07:04:52+00:00","article_modified_time":"2016-01-28T12:22:45+00:00","og_image":[{"width":1000,"height":667,"url":"https:\/\/aktuelles.uni-frankfurt.de\/wp-content\/uploads\/2015\/11\/blog_campus-niederrad_uniklinikum.jpg","type":"image\/jpeg"}],"author":"-","twitter_card":"summary_large_image","twitter_misc":{"Written by":"-","Estimated reading time":"4 minutes"},"schema":{"@context":"https:\/\/schema.org","@graph":[{"@type":"Article","@id":"https:\/\/aktuelles.uni-frankfurt.de\/campus\/tag-der-patientensicherheit\/#article","isPartOf":{"@id":"https:\/\/aktuelles.uni-frankfurt.de\/campus\/tag-der-patientensicherheit\/"},"author":{"name":"-","@id":"https:\/\/aktuelles.uni-frankfurt.de\/#\/schema\/person\/8e55ea338fb65d1ce87a91565d1f1739"},"headline":"\u00bbTag der Patientensicherheit\u00ab","datePublished":"2015-10-08T07:04:52+00:00","dateModified":"2016-01-28T12:22:45+00:00","mainEntityOfPage":{"@id":"https:\/\/aktuelles.uni-frankfurt.de\/campus\/tag-der-patientensicherheit\/"},"wordCount":811,"publisher":{"@id":"https:\/\/aktuelles.uni-frankfurt.de\/#organization"},"image":{"@id":"https:\/\/aktuelles.uni-frankfurt.de\/campus\/tag-der-patientensicherheit\/#primaryimage"},"thumbnailUrl":"https:\/\/aktuelles.uni-frankfurt.de\/wp-content\/uploads\/2015\/11\/blog_campus-niederrad_uniklinikum.jpg","keywords":["Campus Niederrad"],"articleSection":["Campus"],"inLanguage":"en-GB"},{"@type":"WebPage","@id":"https:\/\/aktuelles.uni-frankfurt.de\/campus\/tag-der-patientensicherheit\/","url":"https:\/\/aktuelles.uni-frankfurt.de\/campus\/tag-der-patientensicherheit\/","name":"\u00bbTag der Patientensicherheit\u00ab | Aktuelles aus der Goethe-Universit\u00e4t Frankfurt","isPartOf":{"@id":"https:\/\/aktuelles.uni-frankfurt.de\/#website"},"primaryImageOfPage":{"@id":"https:\/\/aktuelles.uni-frankfurt.de\/campus\/tag-der-patientensicherheit\/#primaryimage"},"image":{"@id":"https:\/\/aktuelles.uni-frankfurt.de\/campus\/tag-der-patientensicherheit\/#primaryimage"},"thumbnailUrl":"https:\/\/aktuelles.uni-frankfurt.de\/wp-content\/uploads\/2015\/11\/blog_campus-niederrad_uniklinikum.jpg","datePublished":"2015-10-08T07:04:52+00:00","dateModified":"2016-01-28T12:22:45+00:00","breadcrumb":{"@id":"https:\/\/aktuelles.uni-frankfurt.de\/campus\/tag-der-patientensicherheit\/#breadcrumb"},"inLanguage":"en-GB","potentialAction":[{"@type":"ReadAction","target":["https:\/\/aktuelles.uni-frankfurt.de\/campus\/tag-der-patientensicherheit\/"]}]},{"@type":"ImageObject","inLanguage":"en-GB","@id":"https:\/\/aktuelles.uni-frankfurt.de\/campus\/tag-der-patientensicherheit\/#primaryimage","url":"https:\/\/aktuelles.uni-frankfurt.de\/wp-content\/uploads\/2015\/11\/blog_campus-niederrad_uniklinikum.jpg","contentUrl":"https:\/\/aktuelles.uni-frankfurt.de\/wp-content\/uploads\/2015\/11\/blog_campus-niederrad_uniklinikum.jpg","width":1000,"height":667,"caption":"Campus Niederrad, Uniklinikum"},{"@type":"BreadcrumbList","@id":"https:\/\/aktuelles.uni-frankfurt.de\/campus\/tag-der-patientensicherheit\/#breadcrumb","itemListElement":[{"@type":"ListItem","position":1,"name":"Startseite","item":"https:\/\/aktuelles.uni-frankfurt.de\/"},{"@type":"ListItem","position":2,"name":"\u00bbTag der Patientensicherheit\u00ab"}]},{"@type":"WebSite","@id":"https:\/\/aktuelles.uni-frankfurt.de\/#website","url":"https:\/\/aktuelles.uni-frankfurt.de\/","name":"Aktuelles aus der Goethe-Universit\u00e4t Frankfurt","description":"Aktuelles aus der Goethe-Universit\u00e4t | Neues aus Forschung, Lehre, Studium","publisher":{"@id":"https:\/\/aktuelles.uni-frankfurt.de\/#organization"},"potentialAction":[{"@type":"SearchAction","target":{"@type":"EntryPoint","urlTemplate":"https:\/\/aktuelles.uni-frankfurt.de\/?s={search_term_string}"},"query-input":{"@type":"PropertyValueSpecification","valueRequired":true,"valueName":"search_term_string"}}],"inLanguage":"en-GB"},{"@type":"Organization","@id":"https:\/\/aktuelles.uni-frankfurt.de\/#organization","name":"Goethe University Frankfurt","url":"https:\/\/aktuelles.uni-frankfurt.de\/","logo":{"@type":"ImageObject","inLanguage":"en-GB","@id":"https:\/\/aktuelles.uni-frankfurt.de\/#\/schema\/logo\/image\/","url":"https:\/\/aktuelles.uni-frankfurt.de\/wp-content\/uploads\/2022\/03\/800px-Goethe-Logo.png","contentUrl":"https:\/\/aktuelles.uni-frankfurt.de\/wp-content\/uploads\/2022\/03\/800px-Goethe-Logo.png","width":800,"height":436,"caption":"Goethe-Universit\u00e4t"},"image":{"@id":"https:\/\/aktuelles.uni-frankfurt.de\/#\/schema\/logo\/image\/"}},{"@type":"Person","@id":"https:\/\/aktuelles.uni-frankfurt.de\/#\/schema\/person\/8e55ea338fb65d1ce87a91565d1f1739","name":"-","description":"Dieser Beitrag wurde von der Online-Redaktion ver\u00f6ffentlicht. Wenn der Beitrag von einem Gastautoren verfasst wurde, findet sich dieser Hinweis am Ende des jeweiligen Artikels.","sameAs":["http:\/\/aktuelles.uni-frankfurt.de\/autoren"],"url":"https:\/\/aktuelles.uni-frankfurt.de\/en\/author\/redaktion\/"}]}},"_links":{"self":[{"href":"https:\/\/aktuelles.uni-frankfurt.de\/en\/wp-json\/wp\/v2\/posts\/900","targetHints":{"allow":["GET"]}}],"collection":[{"href":"https:\/\/aktuelles.uni-frankfurt.de\/en\/wp-json\/wp\/v2\/posts"}],"about":[{"href":"https:\/\/aktuelles.uni-frankfurt.de\/en\/wp-json\/wp\/v2\/types\/post"}],"author":[{"embeddable":true,"href":"https:\/\/aktuelles.uni-frankfurt.de\/en\/wp-json\/wp\/v2\/users\/8"}],"replies":[{"embeddable":true,"href":"https:\/\/aktuelles.uni-frankfurt.de\/en\/wp-json\/wp\/v2\/comments?post=900"}],"version-history":[{"count":0,"href":"https:\/\/aktuelles.uni-frankfurt.de\/en\/wp-json\/wp\/v2\/posts\/900\/revisions"}],"wp:featuredmedia":[{"embeddable":true,"href":"https:\/\/aktuelles.uni-frankfurt.de\/en\/wp-json\/wp\/v2\/media\/901"}],"wp:attachment":[{"href":"https:\/\/aktuelles.uni-frankfurt.de\/en\/wp-json\/wp\/v2\/media?parent=900"}],"wp:term":[{"taxonomy":"category","embeddable":true,"href":"https:\/\/aktuelles.uni-frankfurt.de\/en\/wp-json\/wp\/v2\/categories?post=900"},{"taxonomy":"post_tag","embeddable":true,"href":"https:\/\/aktuelles.uni-frankfurt.de\/en\/wp-json\/wp\/v2\/tags?post=900"},{"taxonomy":"post_folder","embeddable":true,"href":"https:\/\/aktuelles.uni-frankfurt.de\/en\/wp-json\/wp\/v2\/post_folder?post=900"}],"curies":[{"name":"wp","href":"https:\/\/api.w.org\/{rel}","templated":true}]}}