{"id":905,"date":"2015-11-06T09:40:43","date_gmt":"2015-11-06T08:40:43","guid":{"rendered":"http:\/\/aktuelles.uni-frankfurt.de\/?p=905"},"modified":"2016-02-04T17:48:08","modified_gmt":"2016-02-04T16:48:08","slug":"die-dringlichkeit-ist-gestiegen","status":"publish","type":"post","link":"https:\/\/aktuelles.uni-frankfurt.de\/en\/studium\/die-dringlichkeit-ist-gestiegen\/","title":{"rendered":"\u201eDie Dringlichkeit ist gestiegen\u201c"},"content":{"rendered":"<p>Dr. Claudia Lazanowski von der Psychotherapeutische Beratungsstelle spricht im Interview \u00fcber typische Probleme von Studierenden, angemessene Reaktionen von Mitarbeitern und die Angebote des Teams.<!--more--><\/p>\n<p>F\u00fcr Studierende, die unter Studienschwierigkeiten leiden oder in pers\u00f6nliche Krisen geraten sind, gibt es an der Goethe-Universit\u00e4t verschiedene Beratungsangebote. Eines davon ist die Psychotherapeutische Beratungsstelle f\u00fcr Studierende am Campus Bockenheim, die zum Studien-Service-Center (SSC) geh\u00f6rt.<\/p>\n<p>Im f\u00fcnften Stock des Sozialzentrums arbeiten dort vier Kolleginnen. Die Psychologinnen und \u00c4rztinnen bringen Expertise aus verschiedenen Bereichen mit: Tiefenpsychologie \/ Psychoanalyse sowie Verhaltenstherapie. Zwei Drittel der Ratsuchenden sind Frauen. Das Angebot erg\u00e4nzt sich mit niederschwelligeren, nicht therapeutischen Services von Studentenwerk und Hochschulgemeinden.<\/p>\n<p><strong>Folkerts: Frau Dr. Lazanowski, Sie sind auf dem Campus Bockenheim, viel spielt sich mittlerweile eher im Westend oder auf dem Riedberg ab. Wie stark wird Ihr Angebot vor diesem Hintergrund (trotzdem) wahrgenommen?<\/strong><\/p>\n<p><strong>Lazanowski:<\/strong> Zunehmend! Wir haben etwa die doppelte Anzahl von Studierenden seit 2005\/2006, die bei uns Hilfe suchen: Damals waren es gut 250 Neuanmeldungen im Jahr, die letzten zwei Jahre \u00fcber 500. Gleichzeitig ist die Dringlichkeit gestiegen. Die Studierenden brauchen schneller eine Beratung, um zum Beispiel nicht exmatrikuliert zu werden, das ist u.a. bei den Medizinern oder Juristen ein Thema \u2013 in dem Ma\u00dfe gab es das vor zehn Jahren noch nicht.<\/p>\n<p><strong>Mit welchen Problemen kommen die Studierenden zu Ihnen? <\/strong><\/p>\n<p>Vielen kommen nat\u00fcrlich mit Lernst\u00f6rungen oder Pr\u00fcfungs\u00e4ngsten. Ein anderes Thema sind Schwellen\u00e4ngste vor dem Studienabschluss: Wie schlie\u00dfe ich ab, was kommt nach dem Studium, bin ich qualifiziert genug f\u00fcr den Arbeitsmarkt, habe ich gen\u00fcgend R\u00fcckgrat und Ellenbogen? Diese \u00c4ngste sind vor allem bei den Gesellschaftswissenschaftlern sehr ausgepr\u00e4gt, bei denen es eben keine klaren Berufsbilder gibt. Hinzu kommen Sorgen, an der gro\u00dfen Universit\u00e4t in der Masse unterzugehen, nicht ausreichend betreut zu werden, zu vereinsamen.<\/p>\n<p>Die Losl\u00f6sung vom Elternhaus \u2013 es gibt ja auch einige Studierende, die vom Land oder weiter her kommen und hier niemand kennen \u2013 erleben einige auch als schwer, da es nicht immer leicht ist, an der Uni anzudocken. Das h\u00e4ngt auch oft von der jeweiligen Kultur im Fachbereich ab. Viele Studierende kommen auch mit Beziehungskonflikten zu uns. Und dann gibt es zunehmend Studierende, die eine depressive Verstimmung haben oder eine Angstst\u00f6rung, von der Pr\u00fcfungsangst bis hin zu schweren, generalisierten \u00c4ngsten oder auch Pers\u00f6nlichkeits- und Essst\u00f6rungen.<\/p>\n<p><strong>Mit wem arbeiten Sie innerhalb der Universit\u00e4t zusammen? <\/strong><\/p>\n<p>In erster Linie mit Kollegen aus dem SSC von der Studien- und Karriereberatung, dem Studentenwerk, dem Schreibzentrum sowie mit der katholischen und evangelischen Hochschulgemeinde und dem Ombudsmann. Au\u00dferhalb des Beratungsbereichs kooperieren wir auch mit Fachberatern der einzelnen Fachbereiche, ansonsten teilweise auch die Dekanatsmitarbeitern oder Professoren.<\/p>\n<p><strong>Wie sieht eine typische Beratung bei Ihnen aus? <\/strong><\/p>\n<p>Normalerweise f\u00fchren wir das Erstgespr\u00e4ch, h\u00f6ren uns den Fall an, f\u00fchlen in das Thema hinein und \u00fcberlegen dann die n\u00e4chsten Schritte. In einigen F\u00e4llen reicht ein erstes, kl\u00e4rendes Gespr\u00e4ch schon aus oder ein paar Sitzungen bei uns. Viele Studierenden mit studienbezogeneren oder sozialen Problemen gehen aber auch zu den psychosozialen Beratungsstellen der Hochschulgemeinen oder des Studentenwerks oder zu den Beratern im Fachbereich.<\/p>\n<p>Die Studierenden, die zu uns kommen, haben oft komplexere Belastungen\/Problemlagen oder St\u00f6rungen. So verweisen wir bis zu 70 Prozent schon weiter an externe Therapeuten oder Einrichtungen. Das m\u00fcssen nicht immer schwerwiegende St\u00f6rungen sein, aber allein eine Kurzzeittherapie kann sehr hilfreich sein, wenn man in einer Krise steckt \u2013 ob das nun Lernst\u00f6rungen sind oder der pl\u00f6tzliche Tod eines Elternteils. Wir kennen viele niedergelassene Psychologen und Institutionen, die gerne mit uns und den Studierenden zusammenarbeiten, sodass wir schauen k\u00f6nnen, welches Angebot zu wem passt.<\/p>\n<p><strong>Angeblich leidet \u2013 so war k\u00fcrzlich der Presse zu entnehmen \u2013 jeder f\u00fcnfte Studierende in Deutschland unter psychischen St\u00f6rungen; insbesondere hessische Studierende w\u00fcrden zu Antidepressiva greifen. Passt das zu Ihren Beobachtungen? <\/strong><\/p>\n<p>Die Zahl erscheint mir doch recht hoch, aber wenn das Spektrum von den ganz leichten bis zu den sehr schweren St\u00f6rungen reicht, kann ich die Aussage unterst\u00fctzen. Antidepressiva nehme einige Studierende, und ich habe auch den Eindruck, dass der Medikamentenkonsum insgesamt h\u00f6her geworden ist \u2013 fr\u00fcher hat man vielleicht doch eher versucht, Dinge im Gespr\u00e4ch zu l\u00f6sen und stand auch im Studium weniger unter Druck, auch was die Regelstudienzeit angeht oder den Zwang, zum Lebensunterhalt noch nebenbei arbeiten zu m\u00fcssen.<\/p>\n<p>Es ist allerdings auch so, dass sich einige Behandlungen effektiver gestalten, wenn eine Zeitlang ein Antidepressivum genommen wird \u2013 beispielsweise, wenn jemand suizidal ist oder gar nicht mehr schlafen kann. Wobei wir hier keine Antidepressiva verordnen.<\/p>\n<p><strong>Haben Sie einen Rat f\u00fcr Lehrende und andere Mitarbeiter, die in Kontakt kommen mit Studierenden in einer Notsituation? <\/strong><\/p>\n<p>Ja, wenn es m\u00f6glich ist, sollten sie sich in einer m\u00f6glichst ungest\u00f6rten Situation zumindest kurz Zeit f\u00fcr den Studenten oder die Studentin nehmen, um ihm oder ihr zu vermitteln, ernstgenommen und unterst\u00fctzt zu werden, ihm oder ihr vielleicht auch einen Sondertermin geben und ansonsten sehr gerne an uns verweisen. Studierende in einer echten Notsituation bekommen bei uns in der Regel innerhalb von wenigen Tagen einen Termin.<\/p>\n<p>Gut ist es, wenn die jeweiligen Mitarbeiter schauen, was ihnen auff\u00e4llt, etwas gezielter darauf eingehen und versuchen, das Vertrauen der Studierenden zu suchen und ihnen klarzumachen, dass man einfach nur helfen willen, denn es gibt einige Studierende, die auch schambesetzt hierher kommen oder denken, sie w\u00fcrden pathologisiert. Bei sehr dramatischen F\u00e4llen \u2013 etwa, wenn ein Student sich das Leben nehmen will oder andere ernsthaft bedroht \u2013 muss nat\u00fcrlich die Polizei geholt werden, aber so etwas passiert gl\u00fccklicherweise nicht oft.<\/p>\n<p>Und noch ein Punkt: Fast die H\u00e4lfte unserer Beratung-Suchender hat einen Migrationshintergrund, viele kommen aus Osteuropa, der T\u00fcrkei oder dem arabischen Raum. Ich hatte jetzt auch einige syrische Studierende, die zwar schon vor dem Krieg hier waren, aber jetzt diese Problematik \u00fcber die Situation ihrer Familien in teils extremer Weise mitbringen. \u00d6fters waren schon Studentinnen bei uns aus Afghanistan oder Marokko, bei denen der Vater nicht wollte, dass die Tochter studiert, sondern lieber nur heiratet.<\/p>\n<p>F\u00fcr Uni-Mitarbeiter, die in Kontakt mit solchen Situationen kommen, ist es gut zu wissen, dass es ein muslimisches Seelsorgetelefon gibt \u00a0und die Beratung vom internationalen Familienzentrum (IFZ Frankfurt). Die Berater dort k\u00f6nnen zum Beispiel sehr kompetent auch zu Themen wie Zwangsehe beraten, sprechen die Muttersprache der Hilfesuchenden, und auch Eltern bzw. Familien k\u00f6nnen mit zur Beratung kommen.<\/p>\n<p>[dt_call_to_action content_size=&#8220;small&#8220; background=&#8220;plain&#8220; line=&#8220;true&#8220; style=&#8220;1&#8243; animation=&#8220;fadeIn&#8220;]<\/p>\n<p>Weiter Informationen zur Psychotherapeutischen Beratungsstelle f\u00fcr Studierende der Goethe-Universit\u00e4t sowie Links zu weiteren Beratungsangeboten gibt es <a href=\"http:\/\/www.uni-frankfurt.de\/43765494\/tasks?\">hier.<\/a><\/p>\n<p>[\/dt_call_to_action]<\/p>\n","protected":false},"excerpt":{"rendered":"<p>Dr. Claudia Lazanowski von der Psychotherapeutische Beratungsstelle spricht im Interview \u00fcber typische Probleme von Studierenden, angemessene Reaktionen von Mitarbeitern und die Angebote des Teams.<\/p>","protected":false},"author":8,"featured_media":912,"comment_status":"closed","ping_status":"closed","sticky":false,"template":"","format":"standard","meta":{"_eb_attr":"","_price":"","_stock":"","_tribe_ticket_header":"","_tribe_default_ticket_provider":"","_ticket_start_date":"","_ticket_end_date":"","_tribe_ticket_show_description":"","_tribe_ticket_show_not_going":false,"_tribe_ticket_use_global_stock":"","_tribe_ticket_global_stock_level":"","_global_stock_mode":"","_global_stock_cap":"","_tribe_rsvp_for_event":"","_tribe_ticket_going_count":"","_tribe_ticket_not_going_count":"","_tribe_tickets_list":"[]","_tribe_ticket_has_attendee_info_fields":false,"footnotes":""},"categories":[9],"tags":[16,25],"post_folder":[],"class_list":["post-905","post","type-post","status-publish","format-standard","has-post-thumbnail","hentry","category-studium","tag-campus-bockenheim","tag-interview"],"yoast_head":"<!-- This site is optimized with the Yoast SEO plugin v27.4 - https:\/\/yoast.com\/product\/yoast-seo-wordpress\/ -->\n<title>\u201eDie Dringlichkeit ist gestiegen\u201c | Aktuelles aus der Goethe-Universit\u00e4t Frankfurt<\/title>\n<meta name=\"robots\" content=\"index, follow, max-snippet:-1, max-image-preview:large, max-video-preview:-1\" \/>\n<link rel=\"canonical\" href=\"https:\/\/aktuelles.uni-frankfurt.de\/en\/studium\/die-dringlichkeit-ist-gestiegen\/\" \/>\n<meta property=\"og:locale\" content=\"en_GB\" \/>\n<meta property=\"og:type\" content=\"article\" \/>\n<meta property=\"og:title\" content=\"\u201eDie Dringlichkeit ist gestiegen\u201c | Aktuelles aus der Goethe-Universit\u00e4t Frankfurt\" \/>\n<meta property=\"og:description\" content=\"Dr. Claudia Lazanowski von der Psychotherapeutische Beratungsstelle spricht im Interview \u00fcber typische Probleme von Studierenden, angemessene Reaktionen von Mitarbeitern und die Angebote des Teams.\" \/>\n<meta property=\"og:url\" content=\"https:\/\/aktuelles.uni-frankfurt.de\/en\/studium\/die-dringlichkeit-ist-gestiegen\/\" \/>\n<meta property=\"og:site_name\" content=\"Aktuelles aus der Goethe-Universit\u00e4t Frankfurt\" \/>\n<meta property=\"article:published_time\" content=\"2015-11-06T08:40:43+00:00\" \/>\n<meta property=\"article:modified_time\" content=\"2016-02-04T16:48:08+00:00\" \/>\n<meta property=\"og:image\" content=\"https:\/\/aktuelles.uni-frankfurt.de\/wp-content\/uploads\/2015\/11\/blog_campus-bockenheim_neue-mensa.jpg\" \/>\n\t<meta property=\"og:image:width\" content=\"400\" \/>\n\t<meta property=\"og:image:height\" content=\"300\" \/>\n\t<meta property=\"og:image:type\" content=\"image\/jpeg\" \/>\n<meta name=\"author\" content=\"-\" \/>\n<meta name=\"twitter:card\" content=\"summary_large_image\" \/>\n<meta name=\"twitter:label1\" content=\"Written by\" \/>\n\t<meta name=\"twitter:data1\" content=\"-\" \/>\n\t<meta name=\"twitter:label2\" content=\"Estimated reading time\" \/>\n\t<meta name=\"twitter:data2\" content=\"6 minutes\" \/>\n<script type=\"application\/ld+json\" class=\"yoast-schema-graph\">{\"@context\":\"https:\\\/\\\/schema.org\",\"@graph\":[{\"@type\":\"Article\",\"@id\":\"https:\\\/\\\/aktuelles.uni-frankfurt.de\\\/studium\\\/die-dringlichkeit-ist-gestiegen\\\/#article\",\"isPartOf\":{\"@id\":\"https:\\\/\\\/aktuelles.uni-frankfurt.de\\\/studium\\\/die-dringlichkeit-ist-gestiegen\\\/\"},\"author\":{\"name\":\"-\",\"@id\":\"https:\\\/\\\/aktuelles.uni-frankfurt.de\\\/#\\\/schema\\\/person\\\/8e55ea338fb65d1ce87a91565d1f1739\"},\"headline\":\"\u201eDie Dringlichkeit ist gestiegen\u201c\",\"datePublished\":\"2015-11-06T08:40:43+00:00\",\"dateModified\":\"2016-02-04T16:48:08+00:00\",\"mainEntityOfPage\":{\"@id\":\"https:\\\/\\\/aktuelles.uni-frankfurt.de\\\/studium\\\/die-dringlichkeit-ist-gestiegen\\\/\"},\"wordCount\":1116,\"publisher\":{\"@id\":\"https:\\\/\\\/aktuelles.uni-frankfurt.de\\\/#organization\"},\"image\":{\"@id\":\"https:\\\/\\\/aktuelles.uni-frankfurt.de\\\/studium\\\/die-dringlichkeit-ist-gestiegen\\\/#primaryimage\"},\"thumbnailUrl\":\"https:\\\/\\\/aktuelles.uni-frankfurt.de\\\/wp-content\\\/uploads\\\/2015\\\/11\\\/blog_campus-bockenheim_neue-mensa.jpg\",\"keywords\":[\"Campus Bockenheim\",\"Interview\"],\"articleSection\":[\"Studium\"],\"inLanguage\":\"en-GB\"},{\"@type\":\"WebPage\",\"@id\":\"https:\\\/\\\/aktuelles.uni-frankfurt.de\\\/studium\\\/die-dringlichkeit-ist-gestiegen\\\/\",\"url\":\"https:\\\/\\\/aktuelles.uni-frankfurt.de\\\/studium\\\/die-dringlichkeit-ist-gestiegen\\\/\",\"name\":\"\u201eDie Dringlichkeit ist gestiegen\u201c | Aktuelles aus der Goethe-Universit\u00e4t Frankfurt\",\"isPartOf\":{\"@id\":\"https:\\\/\\\/aktuelles.uni-frankfurt.de\\\/#website\"},\"primaryImageOfPage\":{\"@id\":\"https:\\\/\\\/aktuelles.uni-frankfurt.de\\\/studium\\\/die-dringlichkeit-ist-gestiegen\\\/#primaryimage\"},\"image\":{\"@id\":\"https:\\\/\\\/aktuelles.uni-frankfurt.de\\\/studium\\\/die-dringlichkeit-ist-gestiegen\\\/#primaryimage\"},\"thumbnailUrl\":\"https:\\\/\\\/aktuelles.uni-frankfurt.de\\\/wp-content\\\/uploads\\\/2015\\\/11\\\/blog_campus-bockenheim_neue-mensa.jpg\",\"datePublished\":\"2015-11-06T08:40:43+00:00\",\"dateModified\":\"2016-02-04T16:48:08+00:00\",\"breadcrumb\":{\"@id\":\"https:\\\/\\\/aktuelles.uni-frankfurt.de\\\/studium\\\/die-dringlichkeit-ist-gestiegen\\\/#breadcrumb\"},\"inLanguage\":\"en-GB\",\"potentialAction\":[{\"@type\":\"ReadAction\",\"target\":[\"https:\\\/\\\/aktuelles.uni-frankfurt.de\\\/studium\\\/die-dringlichkeit-ist-gestiegen\\\/\"]}]},{\"@type\":\"ImageObject\",\"inLanguage\":\"en-GB\",\"@id\":\"https:\\\/\\\/aktuelles.uni-frankfurt.de\\\/studium\\\/die-dringlichkeit-ist-gestiegen\\\/#primaryimage\",\"url\":\"https:\\\/\\\/aktuelles.uni-frankfurt.de\\\/wp-content\\\/uploads\\\/2015\\\/11\\\/blog_campus-bockenheim_neue-mensa.jpg\",\"contentUrl\":\"https:\\\/\\\/aktuelles.uni-frankfurt.de\\\/wp-content\\\/uploads\\\/2015\\\/11\\\/blog_campus-bockenheim_neue-mensa.jpg\",\"width\":400,\"height\":300},{\"@type\":\"BreadcrumbList\",\"@id\":\"https:\\\/\\\/aktuelles.uni-frankfurt.de\\\/studium\\\/die-dringlichkeit-ist-gestiegen\\\/#breadcrumb\",\"itemListElement\":[{\"@type\":\"ListItem\",\"position\":1,\"name\":\"Startseite\",\"item\":\"https:\\\/\\\/aktuelles.uni-frankfurt.de\\\/\"},{\"@type\":\"ListItem\",\"position\":2,\"name\":\"\u201eDie Dringlichkeit ist gestiegen\u201c\"}]},{\"@type\":\"WebSite\",\"@id\":\"https:\\\/\\\/aktuelles.uni-frankfurt.de\\\/#website\",\"url\":\"https:\\\/\\\/aktuelles.uni-frankfurt.de\\\/\",\"name\":\"Aktuelles aus der Goethe-Universit\u00e4t Frankfurt\",\"description\":\"Aktuelles aus der Goethe-Universit\u00e4t | Neues aus Forschung, Lehre, Studium\",\"publisher\":{\"@id\":\"https:\\\/\\\/aktuelles.uni-frankfurt.de\\\/#organization\"},\"potentialAction\":[{\"@type\":\"SearchAction\",\"target\":{\"@type\":\"EntryPoint\",\"urlTemplate\":\"https:\\\/\\\/aktuelles.uni-frankfurt.de\\\/?s={search_term_string}\"},\"query-input\":{\"@type\":\"PropertyValueSpecification\",\"valueRequired\":true,\"valueName\":\"search_term_string\"}}],\"inLanguage\":\"en-GB\"},{\"@type\":\"Organization\",\"@id\":\"https:\\\/\\\/aktuelles.uni-frankfurt.de\\\/#organization\",\"name\":\"Goethe-Universit\u00e4t\",\"url\":\"https:\\\/\\\/aktuelles.uni-frankfurt.de\\\/\",\"logo\":{\"@type\":\"ImageObject\",\"inLanguage\":\"en-GB\",\"@id\":\"https:\\\/\\\/aktuelles.uni-frankfurt.de\\\/#\\\/schema\\\/logo\\\/image\\\/\",\"url\":\"https:\\\/\\\/aktuelles.uni-frankfurt.de\\\/wp-content\\\/uploads\\\/2022\\\/03\\\/800px-Goethe-Logo.png\",\"contentUrl\":\"https:\\\/\\\/aktuelles.uni-frankfurt.de\\\/wp-content\\\/uploads\\\/2022\\\/03\\\/800px-Goethe-Logo.png\",\"width\":800,\"height\":436,\"caption\":\"Goethe-Universit\u00e4t\"},\"image\":{\"@id\":\"https:\\\/\\\/aktuelles.uni-frankfurt.de\\\/#\\\/schema\\\/logo\\\/image\\\/\"}},{\"@type\":\"Person\",\"@id\":\"https:\\\/\\\/aktuelles.uni-frankfurt.de\\\/#\\\/schema\\\/person\\\/8e55ea338fb65d1ce87a91565d1f1739\",\"name\":\"-\",\"description\":\"Dieser Beitrag wurde von der Online-Redaktion ver\u00f6ffentlicht. Wenn der Beitrag von einem Gastautoren verfasst wurde, findet sich dieser Hinweis am Ende des jeweiligen Artikels.\",\"sameAs\":[\"http:\\\/\\\/aktuelles.uni-frankfurt.de\\\/autoren\"],\"url\":\"https:\\\/\\\/aktuelles.uni-frankfurt.de\\\/en\\\/author\\\/redaktion\\\/\"}]}<\/script>\n<!-- \/ Yoast SEO plugin. -->","yoast_head_json":{"title":"\u201eDie Dringlichkeit ist gestiegen\u201c | Aktuelles aus der Goethe-Universit\u00e4t Frankfurt","robots":{"index":"index","follow":"follow","max-snippet":"max-snippet:-1","max-image-preview":"max-image-preview:large","max-video-preview":"max-video-preview:-1"},"canonical":"https:\/\/aktuelles.uni-frankfurt.de\/en\/studium\/die-dringlichkeit-ist-gestiegen\/","og_locale":"en_GB","og_type":"article","og_title":"\u201eDie Dringlichkeit ist gestiegen\u201c | Aktuelles aus der Goethe-Universit\u00e4t Frankfurt","og_description":"Dr. Claudia Lazanowski von der Psychotherapeutische Beratungsstelle spricht im Interview \u00fcber typische Probleme von Studierenden, angemessene Reaktionen von Mitarbeitern und die Angebote des Teams.","og_url":"https:\/\/aktuelles.uni-frankfurt.de\/en\/studium\/die-dringlichkeit-ist-gestiegen\/","og_site_name":"Aktuelles aus der Goethe-Universit\u00e4t Frankfurt","article_published_time":"2015-11-06T08:40:43+00:00","article_modified_time":"2016-02-04T16:48:08+00:00","og_image":[{"width":400,"height":300,"url":"https:\/\/aktuelles.uni-frankfurt.de\/wp-content\/uploads\/2015\/11\/blog_campus-bockenheim_neue-mensa.jpg","type":"image\/jpeg"}],"author":"-","twitter_card":"summary_large_image","twitter_misc":{"Written by":"-","Estimated reading time":"6 minutes"},"schema":{"@context":"https:\/\/schema.org","@graph":[{"@type":"Article","@id":"https:\/\/aktuelles.uni-frankfurt.de\/studium\/die-dringlichkeit-ist-gestiegen\/#article","isPartOf":{"@id":"https:\/\/aktuelles.uni-frankfurt.de\/studium\/die-dringlichkeit-ist-gestiegen\/"},"author":{"name":"-","@id":"https:\/\/aktuelles.uni-frankfurt.de\/#\/schema\/person\/8e55ea338fb65d1ce87a91565d1f1739"},"headline":"\u201eDie Dringlichkeit ist gestiegen\u201c","datePublished":"2015-11-06T08:40:43+00:00","dateModified":"2016-02-04T16:48:08+00:00","mainEntityOfPage":{"@id":"https:\/\/aktuelles.uni-frankfurt.de\/studium\/die-dringlichkeit-ist-gestiegen\/"},"wordCount":1116,"publisher":{"@id":"https:\/\/aktuelles.uni-frankfurt.de\/#organization"},"image":{"@id":"https:\/\/aktuelles.uni-frankfurt.de\/studium\/die-dringlichkeit-ist-gestiegen\/#primaryimage"},"thumbnailUrl":"https:\/\/aktuelles.uni-frankfurt.de\/wp-content\/uploads\/2015\/11\/blog_campus-bockenheim_neue-mensa.jpg","keywords":["Campus Bockenheim","Interview"],"articleSection":["Studium"],"inLanguage":"en-GB"},{"@type":"WebPage","@id":"https:\/\/aktuelles.uni-frankfurt.de\/studium\/die-dringlichkeit-ist-gestiegen\/","url":"https:\/\/aktuelles.uni-frankfurt.de\/studium\/die-dringlichkeit-ist-gestiegen\/","name":"\u201eDie Dringlichkeit ist gestiegen\u201c | Aktuelles aus der Goethe-Universit\u00e4t Frankfurt","isPartOf":{"@id":"https:\/\/aktuelles.uni-frankfurt.de\/#website"},"primaryImageOfPage":{"@id":"https:\/\/aktuelles.uni-frankfurt.de\/studium\/die-dringlichkeit-ist-gestiegen\/#primaryimage"},"image":{"@id":"https:\/\/aktuelles.uni-frankfurt.de\/studium\/die-dringlichkeit-ist-gestiegen\/#primaryimage"},"thumbnailUrl":"https:\/\/aktuelles.uni-frankfurt.de\/wp-content\/uploads\/2015\/11\/blog_campus-bockenheim_neue-mensa.jpg","datePublished":"2015-11-06T08:40:43+00:00","dateModified":"2016-02-04T16:48:08+00:00","breadcrumb":{"@id":"https:\/\/aktuelles.uni-frankfurt.de\/studium\/die-dringlichkeit-ist-gestiegen\/#breadcrumb"},"inLanguage":"en-GB","potentialAction":[{"@type":"ReadAction","target":["https:\/\/aktuelles.uni-frankfurt.de\/studium\/die-dringlichkeit-ist-gestiegen\/"]}]},{"@type":"ImageObject","inLanguage":"en-GB","@id":"https:\/\/aktuelles.uni-frankfurt.de\/studium\/die-dringlichkeit-ist-gestiegen\/#primaryimage","url":"https:\/\/aktuelles.uni-frankfurt.de\/wp-content\/uploads\/2015\/11\/blog_campus-bockenheim_neue-mensa.jpg","contentUrl":"https:\/\/aktuelles.uni-frankfurt.de\/wp-content\/uploads\/2015\/11\/blog_campus-bockenheim_neue-mensa.jpg","width":400,"height":300},{"@type":"BreadcrumbList","@id":"https:\/\/aktuelles.uni-frankfurt.de\/studium\/die-dringlichkeit-ist-gestiegen\/#breadcrumb","itemListElement":[{"@type":"ListItem","position":1,"name":"Startseite","item":"https:\/\/aktuelles.uni-frankfurt.de\/"},{"@type":"ListItem","position":2,"name":"\u201eDie Dringlichkeit ist gestiegen\u201c"}]},{"@type":"WebSite","@id":"https:\/\/aktuelles.uni-frankfurt.de\/#website","url":"https:\/\/aktuelles.uni-frankfurt.de\/","name":"Aktuelles aus der Goethe-Universit\u00e4t Frankfurt","description":"Aktuelles aus der Goethe-Universit\u00e4t | Neues aus Forschung, Lehre, Studium","publisher":{"@id":"https:\/\/aktuelles.uni-frankfurt.de\/#organization"},"potentialAction":[{"@type":"SearchAction","target":{"@type":"EntryPoint","urlTemplate":"https:\/\/aktuelles.uni-frankfurt.de\/?s={search_term_string}"},"query-input":{"@type":"PropertyValueSpecification","valueRequired":true,"valueName":"search_term_string"}}],"inLanguage":"en-GB"},{"@type":"Organization","@id":"https:\/\/aktuelles.uni-frankfurt.de\/#organization","name":"Goethe University Frankfurt","url":"https:\/\/aktuelles.uni-frankfurt.de\/","logo":{"@type":"ImageObject","inLanguage":"en-GB","@id":"https:\/\/aktuelles.uni-frankfurt.de\/#\/schema\/logo\/image\/","url":"https:\/\/aktuelles.uni-frankfurt.de\/wp-content\/uploads\/2022\/03\/800px-Goethe-Logo.png","contentUrl":"https:\/\/aktuelles.uni-frankfurt.de\/wp-content\/uploads\/2022\/03\/800px-Goethe-Logo.png","width":800,"height":436,"caption":"Goethe-Universit\u00e4t"},"image":{"@id":"https:\/\/aktuelles.uni-frankfurt.de\/#\/schema\/logo\/image\/"}},{"@type":"Person","@id":"https:\/\/aktuelles.uni-frankfurt.de\/#\/schema\/person\/8e55ea338fb65d1ce87a91565d1f1739","name":"-","description":"Dieser Beitrag wurde von der Online-Redaktion ver\u00f6ffentlicht. Wenn der Beitrag von einem Gastautoren verfasst wurde, findet sich dieser Hinweis am Ende des jeweiligen Artikels.","sameAs":["http:\/\/aktuelles.uni-frankfurt.de\/autoren"],"url":"https:\/\/aktuelles.uni-frankfurt.de\/en\/author\/redaktion\/"}]}},"_links":{"self":[{"href":"https:\/\/aktuelles.uni-frankfurt.de\/en\/wp-json\/wp\/v2\/posts\/905","targetHints":{"allow":["GET"]}}],"collection":[{"href":"https:\/\/aktuelles.uni-frankfurt.de\/en\/wp-json\/wp\/v2\/posts"}],"about":[{"href":"https:\/\/aktuelles.uni-frankfurt.de\/en\/wp-json\/wp\/v2\/types\/post"}],"author":[{"embeddable":true,"href":"https:\/\/aktuelles.uni-frankfurt.de\/en\/wp-json\/wp\/v2\/users\/8"}],"replies":[{"embeddable":true,"href":"https:\/\/aktuelles.uni-frankfurt.de\/en\/wp-json\/wp\/v2\/comments?post=905"}],"version-history":[{"count":0,"href":"https:\/\/aktuelles.uni-frankfurt.de\/en\/wp-json\/wp\/v2\/posts\/905\/revisions"}],"wp:featuredmedia":[{"embeddable":true,"href":"https:\/\/aktuelles.uni-frankfurt.de\/en\/wp-json\/wp\/v2\/media\/912"}],"wp:attachment":[{"href":"https:\/\/aktuelles.uni-frankfurt.de\/en\/wp-json\/wp\/v2\/media?parent=905"}],"wp:term":[{"taxonomy":"category","embeddable":true,"href":"https:\/\/aktuelles.uni-frankfurt.de\/en\/wp-json\/wp\/v2\/categories?post=905"},{"taxonomy":"post_tag","embeddable":true,"href":"https:\/\/aktuelles.uni-frankfurt.de\/en\/wp-json\/wp\/v2\/tags?post=905"},{"taxonomy":"post_folder","embeddable":true,"href":"https:\/\/aktuelles.uni-frankfurt.de\/en\/wp-json\/wp\/v2\/post_folder?post=905"}],"curies":[{"name":"wp","href":"https:\/\/api.w.org\/{rel}","templated":true}]}}