{"id":9171,"date":"2016-08-26T15:41:47","date_gmt":"2016-08-26T13:41:47","guid":{"rendered":"http:\/\/aktuelles.uni-frankfurt.de\/?p=9171"},"modified":"2016-08-29T10:27:08","modified_gmt":"2016-08-29T08:27:08","slug":"video-umfrage-auf-dem-campus-westend","status":"publish","type":"post","link":"https:\/\/aktuelles.uni-frankfurt.de\/en\/studium\/video-umfrage-auf-dem-campus-westend\/","title":{"rendered":"Video: Umfrage auf dem Campus Westend"},"content":{"rendered":"<p>Was hast du dir f\u00fcr das neue Semester vorgenommen? Wie hast du deine Semesterferien verbracht? Wie gef\u00e4llt dir der Campus Westend? Welche Tipps hast du f\u00fcr die Erstsemester? Wir haben auf dem Campus Westend einmal nachgefragt.<\/p>\n<p><iframe src=\"https:\/\/www.youtube-nocookie.com\/embed\/16f_yuX2SvM\" width=\"750\" height=\"422\" frameborder=\"0\" allowfullscreen=\"allowfullscreen\"><\/iframe><\/p>\n<p>(Umfrage und Schnitt: Nicole Grziwa)<\/p>\n<p>[dt_call_to_action content_size=&#8220;small&#8220; background=&#8220;plain&#8220; line=&#8220;true&#8220; style=&#8220;1&#8243; animation=&#8220;fadeIn&#8220;]<\/p>\n<p><strong>Weiterf\u00fchrende Links<\/strong><\/p>\n<ul>\n<li><a href=\"http:\/\/www.uni-frankfurt.de\/38090278\/lageplane\" target=\"_blank\">Infos zum Campus Westend Infos und Campus Bockenheim<\/a><\/li>\n<li><a href=\"http:\/\/www.starkerstart.uni-frankfurt.de\/45043283\/schluesselkompetenzen?legacy_request=1\" target=\"_blank\">Frankfurter Akademische Schl\u00fcsselkompetenz-Training \/ Workshop-Programm<\/a><\/li>\n<li><a href=\"http:\/\/www.uni-frankfurt.de\/54550609\/studien_pruefungsordnungen\" target=\"_blank\">\u00dcbersicht Studien- und Pr\u00fcfungsordnung<\/a><\/li>\n<li><a href=\"http:\/\/www.career.uni-frankfurt.de\/34789127\/careerservice?legacy_request=1\" target=\"_blank\">Career-Service<\/a><\/li>\n<li><a href=\"http:\/\/www.uni-frankfurt.de\/38298489\/outgoings\" target=\"_blank\">Auslandsaufenthalt<\/a><\/li>\n<li><a href=\"http:\/\/www.starkerstart.uni-frankfurt.de\/43403430\/Schreibzentrum\" target=\"_blank\">Schreibzentrum<\/a><\/li>\n<li><a href=\"http:\/\/www.ub.uni-frankfurt.de\/\" target=\"_blank\">Bibliotheken von A bis Z<\/a><\/li>\n<li><a href=\"http:\/\/www.uni-frankfurt.de\/60062092\/Studieninteressierte\" target=\"_blank\">Infos zum Studium an der Goethe-Uni<\/a><\/li>\n<\/ul>\n<p>[\/dt_call_to_action]<\/p>\n","protected":false},"excerpt":{"rendered":"<p>Was hast du dir f\u00fcr das neue Semester vorgenommen? Wie hast du deine Semesterferien verbracht? Wie gef\u00e4llt dir der Campus Westend? Welche Tipps hast du f\u00fcr die Erstsemester? Wir haben [&hellip;]<\/p>\n","protected":false},"author":8,"featured_media":9173,"comment_status":"closed","ping_status":"closed","sticky":false,"template":"","format":"standard","meta":{"_eb_attr":"","_price":"","_stock":"","_tribe_ticket_header":"","_tribe_default_ticket_provider":"","_ticket_start_date":"","_ticket_end_date":"","_tribe_ticket_show_description":"","_tribe_ticket_show_not_going":false,"_tribe_ticket_use_global_stock":"","_tribe_ticket_global_stock_level":"","_global_stock_mode":"","_global_stock_cap":"","_tribe_rsvp_for_event":"","_tribe_ticket_going_count":"","_tribe_ticket_not_going_count":"","_tribe_tickets_list":"[]","_tribe_ticket_has_attendee_info_fields":false,"footnotes":""},"categories":[9],"tags":[17],"post_folder":[],"class_list":["post-9171","post","type-post","status-publish","format-standard","has-post-thumbnail","hentry","category-studium","tag-campus-westend"],"yoast_head":"<!-- This site is optimized with the Yoast SEO plugin v27.4 - https:\/\/yoast.com\/product\/yoast-seo-wordpress\/ -->\n<title>Video: Umfrage auf dem Campus Westend | Aktuelles aus der Goethe-Universit\u00e4t Frankfurt<\/title>\n<meta name=\"robots\" content=\"index, follow, max-snippet:-1, max-image-preview:large, max-video-preview:-1\" \/>\n<link rel=\"canonical\" href=\"https:\/\/aktuelles.uni-frankfurt.de\/en\/studium\/video-umfrage-auf-dem-campus-westend\/\" \/>\n<meta property=\"og:locale\" content=\"en_GB\" \/>\n<meta property=\"og:type\" content=\"article\" \/>\n<meta property=\"og:title\" content=\"Video: Umfrage auf dem Campus Westend | Aktuelles aus der Goethe-Universit\u00e4t Frankfurt\" \/>\n<meta property=\"og:description\" content=\"Was hast du dir f\u00fcr das neue Semester vorgenommen? Wie hast du deine Semesterferien verbracht? Wie gef\u00e4llt dir der Campus Westend? Welche Tipps hast du f\u00fcr die Erstsemester? Wir haben [&hellip;]\" \/>\n<meta property=\"og:url\" content=\"https:\/\/aktuelles.uni-frankfurt.de\/en\/studium\/video-umfrage-auf-dem-campus-westend\/\" \/>\n<meta property=\"og:site_name\" content=\"Aktuelles aus der Goethe-Universit\u00e4t Frankfurt\" \/>\n<meta property=\"article:published_time\" content=\"2016-08-26T13:41:47+00:00\" \/>\n<meta property=\"article:modified_time\" content=\"2016-08-29T08:27:08+00:00\" \/>\n<meta property=\"og:image\" content=\"https:\/\/aktuelles.uni-frankfurt.de\/wp-content\/uploads\/2016\/08\/blog_umfrage-westend-beitragsbild.jpg\" \/>\n\t<meta property=\"og:image:width\" content=\"650\" \/>\n\t<meta property=\"og:image:height\" content=\"450\" \/>\n\t<meta property=\"og:image:type\" content=\"image\/jpeg\" \/>\n<meta name=\"author\" content=\"-\" \/>\n<meta name=\"twitter:card\" content=\"summary_large_image\" \/>\n<meta name=\"twitter:label1\" content=\"Written by\" \/>\n\t<meta name=\"twitter:data1\" content=\"-\" \/>\n<script type=\"application\/ld+json\" class=\"yoast-schema-graph\">{\"@context\":\"https:\\\/\\\/schema.org\",\"@graph\":[{\"@type\":\"Article\",\"@id\":\"https:\\\/\\\/aktuelles.uni-frankfurt.de\\\/studium\\\/video-umfrage-auf-dem-campus-westend\\\/#article\",\"isPartOf\":{\"@id\":\"https:\\\/\\\/aktuelles.uni-frankfurt.de\\\/studium\\\/video-umfrage-auf-dem-campus-westend\\\/\"},\"author\":{\"name\":\"-\",\"@id\":\"https:\\\/\\\/aktuelles.uni-frankfurt.de\\\/#\\\/schema\\\/person\\\/8e55ea338fb65d1ce87a91565d1f1739\"},\"headline\":\"Video: Umfrage auf dem Campus Westend\",\"datePublished\":\"2016-08-26T13:41:47+00:00\",\"dateModified\":\"2016-08-29T08:27:08+00:00\",\"mainEntityOfPage\":{\"@id\":\"https:\\\/\\\/aktuelles.uni-frankfurt.de\\\/studium\\\/video-umfrage-auf-dem-campus-westend\\\/\"},\"wordCount\":103,\"publisher\":{\"@id\":\"https:\\\/\\\/aktuelles.uni-frankfurt.de\\\/#organization\"},\"image\":{\"@id\":\"https:\\\/\\\/aktuelles.uni-frankfurt.de\\\/studium\\\/video-umfrage-auf-dem-campus-westend\\\/#primaryimage\"},\"thumbnailUrl\":\"https:\\\/\\\/aktuelles.uni-frankfurt.de\\\/wp-content\\\/uploads\\\/2016\\\/08\\\/blog_umfrage-westend-beitragsbild.jpg\",\"keywords\":[\"Campus Westend\"],\"articleSection\":[\"Studium\"],\"inLanguage\":\"en-GB\"},{\"@type\":\"WebPage\",\"@id\":\"https:\\\/\\\/aktuelles.uni-frankfurt.de\\\/studium\\\/video-umfrage-auf-dem-campus-westend\\\/\",\"url\":\"https:\\\/\\\/aktuelles.uni-frankfurt.de\\\/studium\\\/video-umfrage-auf-dem-campus-westend\\\/\",\"name\":\"Video: Umfrage auf dem Campus Westend | Aktuelles aus der Goethe-Universit\u00e4t Frankfurt\",\"isPartOf\":{\"@id\":\"https:\\\/\\\/aktuelles.uni-frankfurt.de\\\/#website\"},\"primaryImageOfPage\":{\"@id\":\"https:\\\/\\\/aktuelles.uni-frankfurt.de\\\/studium\\\/video-umfrage-auf-dem-campus-westend\\\/#primaryimage\"},\"image\":{\"@id\":\"https:\\\/\\\/aktuelles.uni-frankfurt.de\\\/studium\\\/video-umfrage-auf-dem-campus-westend\\\/#primaryimage\"},\"thumbnailUrl\":\"https:\\\/\\\/aktuelles.uni-frankfurt.de\\\/wp-content\\\/uploads\\\/2016\\\/08\\\/blog_umfrage-westend-beitragsbild.jpg\",\"datePublished\":\"2016-08-26T13:41:47+00:00\",\"dateModified\":\"2016-08-29T08:27:08+00:00\",\"breadcrumb\":{\"@id\":\"https:\\\/\\\/aktuelles.uni-frankfurt.de\\\/studium\\\/video-umfrage-auf-dem-campus-westend\\\/#breadcrumb\"},\"inLanguage\":\"en-GB\",\"potentialAction\":[{\"@type\":\"ReadAction\",\"target\":[\"https:\\\/\\\/aktuelles.uni-frankfurt.de\\\/studium\\\/video-umfrage-auf-dem-campus-westend\\\/\"]}]},{\"@type\":\"ImageObject\",\"inLanguage\":\"en-GB\",\"@id\":\"https:\\\/\\\/aktuelles.uni-frankfurt.de\\\/studium\\\/video-umfrage-auf-dem-campus-westend\\\/#primaryimage\",\"url\":\"https:\\\/\\\/aktuelles.uni-frankfurt.de\\\/wp-content\\\/uploads\\\/2016\\\/08\\\/blog_umfrage-westend-beitragsbild.jpg\",\"contentUrl\":\"https:\\\/\\\/aktuelles.uni-frankfurt.de\\\/wp-content\\\/uploads\\\/2016\\\/08\\\/blog_umfrage-westend-beitragsbild.jpg\",\"width\":650,\"height\":450},{\"@type\":\"BreadcrumbList\",\"@id\":\"https:\\\/\\\/aktuelles.uni-frankfurt.de\\\/studium\\\/video-umfrage-auf-dem-campus-westend\\\/#breadcrumb\",\"itemListElement\":[{\"@type\":\"ListItem\",\"position\":1,\"name\":\"Startseite\",\"item\":\"https:\\\/\\\/aktuelles.uni-frankfurt.de\\\/\"},{\"@type\":\"ListItem\",\"position\":2,\"name\":\"Video: Umfrage auf dem Campus Westend\"}]},{\"@type\":\"WebSite\",\"@id\":\"https:\\\/\\\/aktuelles.uni-frankfurt.de\\\/#website\",\"url\":\"https:\\\/\\\/aktuelles.uni-frankfurt.de\\\/\",\"name\":\"Aktuelles aus der Goethe-Universit\u00e4t Frankfurt\",\"description\":\"Aktuelles aus der Goethe-Universit\u00e4t | Neues aus Forschung, Lehre, Studium\",\"publisher\":{\"@id\":\"https:\\\/\\\/aktuelles.uni-frankfurt.de\\\/#organization\"},\"potentialAction\":[{\"@type\":\"SearchAction\",\"target\":{\"@type\":\"EntryPoint\",\"urlTemplate\":\"https:\\\/\\\/aktuelles.uni-frankfurt.de\\\/?s={search_term_string}\"},\"query-input\":{\"@type\":\"PropertyValueSpecification\",\"valueRequired\":true,\"valueName\":\"search_term_string\"}}],\"inLanguage\":\"en-GB\"},{\"@type\":\"Organization\",\"@id\":\"https:\\\/\\\/aktuelles.uni-frankfurt.de\\\/#organization\",\"name\":\"Goethe-Universit\u00e4t\",\"url\":\"https:\\\/\\\/aktuelles.uni-frankfurt.de\\\/\",\"logo\":{\"@type\":\"ImageObject\",\"inLanguage\":\"en-GB\",\"@id\":\"https:\\\/\\\/aktuelles.uni-frankfurt.de\\\/#\\\/schema\\\/logo\\\/image\\\/\",\"url\":\"https:\\\/\\\/aktuelles.uni-frankfurt.de\\\/wp-content\\\/uploads\\\/2022\\\/03\\\/800px-Goethe-Logo.png\",\"contentUrl\":\"https:\\\/\\\/aktuelles.uni-frankfurt.de\\\/wp-content\\\/uploads\\\/2022\\\/03\\\/800px-Goethe-Logo.png\",\"width\":800,\"height\":436,\"caption\":\"Goethe-Universit\u00e4t\"},\"image\":{\"@id\":\"https:\\\/\\\/aktuelles.uni-frankfurt.de\\\/#\\\/schema\\\/logo\\\/image\\\/\"}},{\"@type\":\"Person\",\"@id\":\"https:\\\/\\\/aktuelles.uni-frankfurt.de\\\/#\\\/schema\\\/person\\\/8e55ea338fb65d1ce87a91565d1f1739\",\"name\":\"-\",\"description\":\"Dieser Beitrag wurde von der Online-Redaktion ver\u00f6ffentlicht. Wenn der Beitrag von einem Gastautoren verfasst wurde, findet sich dieser Hinweis am Ende des jeweiligen Artikels.\",\"sameAs\":[\"http:\\\/\\\/aktuelles.uni-frankfurt.de\\\/autoren\"],\"url\":\"https:\\\/\\\/aktuelles.uni-frankfurt.de\\\/en\\\/author\\\/redaktion\\\/\"}]}<\/script>\n<!-- \/ Yoast SEO plugin. -->","yoast_head_json":{"title":"Video: Umfrage auf dem Campus Westend | Aktuelles aus der Goethe-Universit\u00e4t Frankfurt","robots":{"index":"index","follow":"follow","max-snippet":"max-snippet:-1","max-image-preview":"max-image-preview:large","max-video-preview":"max-video-preview:-1"},"canonical":"https:\/\/aktuelles.uni-frankfurt.de\/en\/studium\/video-umfrage-auf-dem-campus-westend\/","og_locale":"en_GB","og_type":"article","og_title":"Video: Umfrage auf dem Campus Westend | Aktuelles aus der Goethe-Universit\u00e4t Frankfurt","og_description":"Was hast du dir f\u00fcr das neue Semester vorgenommen? Wie hast du deine Semesterferien verbracht? Wie gef\u00e4llt dir der Campus Westend? Welche Tipps hast du f\u00fcr die Erstsemester? Wir haben [&hellip;]","og_url":"https:\/\/aktuelles.uni-frankfurt.de\/en\/studium\/video-umfrage-auf-dem-campus-westend\/","og_site_name":"Aktuelles aus der Goethe-Universit\u00e4t Frankfurt","article_published_time":"2016-08-26T13:41:47+00:00","article_modified_time":"2016-08-29T08:27:08+00:00","og_image":[{"width":650,"height":450,"url":"https:\/\/aktuelles.uni-frankfurt.de\/wp-content\/uploads\/2016\/08\/blog_umfrage-westend-beitragsbild.jpg","type":"image\/jpeg"}],"author":"-","twitter_card":"summary_large_image","twitter_misc":{"Written by":"-"},"schema":{"@context":"https:\/\/schema.org","@graph":[{"@type":"Article","@id":"https:\/\/aktuelles.uni-frankfurt.de\/studium\/video-umfrage-auf-dem-campus-westend\/#article","isPartOf":{"@id":"https:\/\/aktuelles.uni-frankfurt.de\/studium\/video-umfrage-auf-dem-campus-westend\/"},"author":{"name":"-","@id":"https:\/\/aktuelles.uni-frankfurt.de\/#\/schema\/person\/8e55ea338fb65d1ce87a91565d1f1739"},"headline":"Video: Umfrage auf dem Campus Westend","datePublished":"2016-08-26T13:41:47+00:00","dateModified":"2016-08-29T08:27:08+00:00","mainEntityOfPage":{"@id":"https:\/\/aktuelles.uni-frankfurt.de\/studium\/video-umfrage-auf-dem-campus-westend\/"},"wordCount":103,"publisher":{"@id":"https:\/\/aktuelles.uni-frankfurt.de\/#organization"},"image":{"@id":"https:\/\/aktuelles.uni-frankfurt.de\/studium\/video-umfrage-auf-dem-campus-westend\/#primaryimage"},"thumbnailUrl":"https:\/\/aktuelles.uni-frankfurt.de\/wp-content\/uploads\/2016\/08\/blog_umfrage-westend-beitragsbild.jpg","keywords":["Campus Westend"],"articleSection":["Studium"],"inLanguage":"en-GB"},{"@type":"WebPage","@id":"https:\/\/aktuelles.uni-frankfurt.de\/studium\/video-umfrage-auf-dem-campus-westend\/","url":"https:\/\/aktuelles.uni-frankfurt.de\/studium\/video-umfrage-auf-dem-campus-westend\/","name":"Video: Umfrage auf dem Campus Westend | Aktuelles aus der Goethe-Universit\u00e4t Frankfurt","isPartOf":{"@id":"https:\/\/aktuelles.uni-frankfurt.de\/#website"},"primaryImageOfPage":{"@id":"https:\/\/aktuelles.uni-frankfurt.de\/studium\/video-umfrage-auf-dem-campus-westend\/#primaryimage"},"image":{"@id":"https:\/\/aktuelles.uni-frankfurt.de\/studium\/video-umfrage-auf-dem-campus-westend\/#primaryimage"},"thumbnailUrl":"https:\/\/aktuelles.uni-frankfurt.de\/wp-content\/uploads\/2016\/08\/blog_umfrage-westend-beitragsbild.jpg","datePublished":"2016-08-26T13:41:47+00:00","dateModified":"2016-08-29T08:27:08+00:00","breadcrumb":{"@id":"https:\/\/aktuelles.uni-frankfurt.de\/studium\/video-umfrage-auf-dem-campus-westend\/#breadcrumb"},"inLanguage":"en-GB","potentialAction":[{"@type":"ReadAction","target":["https:\/\/aktuelles.uni-frankfurt.de\/studium\/video-umfrage-auf-dem-campus-westend\/"]}]},{"@type":"ImageObject","inLanguage":"en-GB","@id":"https:\/\/aktuelles.uni-frankfurt.de\/studium\/video-umfrage-auf-dem-campus-westend\/#primaryimage","url":"https:\/\/aktuelles.uni-frankfurt.de\/wp-content\/uploads\/2016\/08\/blog_umfrage-westend-beitragsbild.jpg","contentUrl":"https:\/\/aktuelles.uni-frankfurt.de\/wp-content\/uploads\/2016\/08\/blog_umfrage-westend-beitragsbild.jpg","width":650,"height":450},{"@type":"BreadcrumbList","@id":"https:\/\/aktuelles.uni-frankfurt.de\/studium\/video-umfrage-auf-dem-campus-westend\/#breadcrumb","itemListElement":[{"@type":"ListItem","position":1,"name":"Startseite","item":"https:\/\/aktuelles.uni-frankfurt.de\/"},{"@type":"ListItem","position":2,"name":"Video: Umfrage auf dem Campus Westend"}]},{"@type":"WebSite","@id":"https:\/\/aktuelles.uni-frankfurt.de\/#website","url":"https:\/\/aktuelles.uni-frankfurt.de\/","name":"Aktuelles aus der Goethe-Universit\u00e4t Frankfurt","description":"Aktuelles aus der Goethe-Universit\u00e4t | Neues aus Forschung, Lehre, Studium","publisher":{"@id":"https:\/\/aktuelles.uni-frankfurt.de\/#organization"},"potentialAction":[{"@type":"SearchAction","target":{"@type":"EntryPoint","urlTemplate":"https:\/\/aktuelles.uni-frankfurt.de\/?s={search_term_string}"},"query-input":{"@type":"PropertyValueSpecification","valueRequired":true,"valueName":"search_term_string"}}],"inLanguage":"en-GB"},{"@type":"Organization","@id":"https:\/\/aktuelles.uni-frankfurt.de\/#organization","name":"Goethe University Frankfurt","url":"https:\/\/aktuelles.uni-frankfurt.de\/","logo":{"@type":"ImageObject","inLanguage":"en-GB","@id":"https:\/\/aktuelles.uni-frankfurt.de\/#\/schema\/logo\/image\/","url":"https:\/\/aktuelles.uni-frankfurt.de\/wp-content\/uploads\/2022\/03\/800px-Goethe-Logo.png","contentUrl":"https:\/\/aktuelles.uni-frankfurt.de\/wp-content\/uploads\/2022\/03\/800px-Goethe-Logo.png","width":800,"height":436,"caption":"Goethe-Universit\u00e4t"},"image":{"@id":"https:\/\/aktuelles.uni-frankfurt.de\/#\/schema\/logo\/image\/"}},{"@type":"Person","@id":"https:\/\/aktuelles.uni-frankfurt.de\/#\/schema\/person\/8e55ea338fb65d1ce87a91565d1f1739","name":"-","description":"Dieser Beitrag wurde von der Online-Redaktion ver\u00f6ffentlicht. Wenn der Beitrag von einem Gastautoren verfasst wurde, findet sich dieser Hinweis am Ende des jeweiligen Artikels.","sameAs":["http:\/\/aktuelles.uni-frankfurt.de\/autoren"],"url":"https:\/\/aktuelles.uni-frankfurt.de\/en\/author\/redaktion\/"}]}},"_links":{"self":[{"href":"https:\/\/aktuelles.uni-frankfurt.de\/en\/wp-json\/wp\/v2\/posts\/9171","targetHints":{"allow":["GET"]}}],"collection":[{"href":"https:\/\/aktuelles.uni-frankfurt.de\/en\/wp-json\/wp\/v2\/posts"}],"about":[{"href":"https:\/\/aktuelles.uni-frankfurt.de\/en\/wp-json\/wp\/v2\/types\/post"}],"author":[{"embeddable":true,"href":"https:\/\/aktuelles.uni-frankfurt.de\/en\/wp-json\/wp\/v2\/users\/8"}],"replies":[{"embeddable":true,"href":"https:\/\/aktuelles.uni-frankfurt.de\/en\/wp-json\/wp\/v2\/comments?post=9171"}],"version-history":[{"count":0,"href":"https:\/\/aktuelles.uni-frankfurt.de\/en\/wp-json\/wp\/v2\/posts\/9171\/revisions"}],"wp:featuredmedia":[{"embeddable":true,"href":"https:\/\/aktuelles.uni-frankfurt.de\/en\/wp-json\/wp\/v2\/media\/9173"}],"wp:attachment":[{"href":"https:\/\/aktuelles.uni-frankfurt.de\/en\/wp-json\/wp\/v2\/media?parent=9171"}],"wp:term":[{"taxonomy":"category","embeddable":true,"href":"https:\/\/aktuelles.uni-frankfurt.de\/en\/wp-json\/wp\/v2\/categories?post=9171"},{"taxonomy":"post_tag","embeddable":true,"href":"https:\/\/aktuelles.uni-frankfurt.de\/en\/wp-json\/wp\/v2\/tags?post=9171"},{"taxonomy":"post_folder","embeddable":true,"href":"https:\/\/aktuelles.uni-frankfurt.de\/en\/wp-json\/wp\/v2\/post_folder?post=9171"}],"curies":[{"name":"wp","href":"https:\/\/api.w.org\/{rel}","templated":true}]}}