{"id":949,"date":"2015-04-08T15:49:19","date_gmt":"2015-04-08T13:49:19","guid":{"rendered":"http:\/\/aktuelles.uni-frankfurt.de\/?p=949"},"modified":"2016-01-10T22:10:59","modified_gmt":"2016-01-10T21:10:59","slug":"tilman-allert-ueber-das-phaenomen-der-absolventenfeiern","status":"publish","type":"post","link":"https:\/\/aktuelles.uni-frankfurt.de\/en\/studium\/tilman-allert-ueber-das-phaenomen-der-absolventenfeiern\/","title":{"rendered":"Tilman Allert \u00fcber das Ph\u00e4nomen der Absolventenfeiern"},"content":{"rendered":"<figure id=\"attachment_1525\" aria-describedby=\"caption-attachment-1525\" style=\"width: 300px\" class=\"wp-caption alignleft\"><a class=\"dt-single-image\" href=\"https:\/\/aktuelles.uni-frankfurt.de\/wp-content\/uploads\/2015\/04\/blog_unireport_absolventenfeiern.jpg\" data-dt-img-description=\"Pomp and Circumstance: Die Bachelor-Absolventen der Wirtschaftswissenschaften im Wintersemester 2014\/15. Foto: Dettmar\"><img fetchpriority=\"high\" decoding=\"async\" class=\"size-medium wp-image-1525\" src=\"https:\/\/aktuelles.uni-frankfurt.de\/wp-content\/uploads\/2015\/04\/blog_unireport_absolventenfeiern-300x200.jpg\" alt=\"Pomp and Circumstance: Die Bachelor-Absolventen der Wirtschaftswissenschaften im Wintersemester 2014\/15. Foto: Dettmar\" width=\"300\" height=\"200\" srcset=\"https:\/\/aktuelles.uni-frankfurt.de\/wp-content\/uploads\/2015\/04\/blog_unireport_absolventenfeiern-300x200.jpg 300w, https:\/\/aktuelles.uni-frankfurt.de\/wp-content\/uploads\/2015\/04\/blog_unireport_absolventenfeiern.jpg 400w\" sizes=\"(max-width: 300px) 100vw, 300px\" \/><\/a><figcaption id=\"caption-attachment-1525\" class=\"wp-caption-text\">Pomp and Circumstance: Die Bachelor-Absolventen der Wirtschaftswissenschaften im Wintersemester 2014\/15. Foto: Dettmar<\/figcaption><\/figure>\n<p>Die Zunahme von Absolventenfeiern ist eine Entwicklung, die vermutlich eine Reihe von Ursachen hat. Einmal sind diese Feiern Bestandteil einer Selbstsuggestion, eine Art magische Beschw\u00f6rung des Erfolgs, die in dem Ma\u00dfe zunimmt, in dem das Studium ein Massenph\u00e4nomen wird. Der akademische Status definiert sich nicht mehr allein \u00fcber die Mitgliedschaft in einer Diskursgemeinschaft, vielmehr \u00fcbernimmt die Universit\u00e4t faktisch sozialisatorische Aufgaben. Ein \u201eharmloser\u201c Bildungsabschluss wird Anlass zu Familienfesten. Die Feiern unterstreichen die Sozialisationsgemeinschaft und versuchen in die Kontinuit\u00e4t eines Bildungsprozesses erinnerbare Z\u00e4suren zu legen. Anstatt jedoch eine Atempause zu erzeugen, unterstreichen die Rituale den Tempodruck \u2013 Stichwort \u201eKarriereplanung\u201c \u2013 noch.<\/p>\n<p>Der Aufwand, die festliche Rahmung, die in der Opulenz der Kost\u00fcmierung zunehmend an so etwas wie eine Oskar-Verleihung erinnern: Hier ist demonstrative Erfolgsgewissheit die leitende Maxime. Darin steckt zum einen der legitime Wunsch, sich nach zumeist erheblichen Anstrengungen als bew\u00e4hrt darzustellen, zum anderen handelt es sich um Statuspr\u00e4tention, also \u201eein bisserl \u00dcbertreibung\u201c. Diese Selbstinszenierung ist die Kehrseite einer Kultur der Formlosigkeit. Formverzicht erzeugt zwar eine h\u00f6here Elastizit\u00e4t der Kommunikation, geht jedoch mit der Gefahr des \u00c4sthetikverlusts einher. Vielleicht zeigt sich im Wunsch nach Ritualen das Gef\u00fchl, dem allgegenw\u00e4rtigen Mythos Flexibilit\u00e4t zu sehr geopfert zu haben \u2013 man begibt sich in das entlastende Format eines Rituals \u2013 eine Art Wiederkehr des Verdr\u00e4ngten.<\/p>\n<p>Ich selbst kann mich an Zeiten erinnern, als man sein Zeugnis beim Dekanat abzuholen hatte, das war\u00b4s. Heute spreche ich als jemand, der zu den Alten geh\u00f6rt, gelegentlich auf der Abschiedsfeier meines Fachbereichs und versuche in Erinnerung zu bringen, dass die Universit\u00e4t eine Institution des Akademischen ist und keine Berufsschule, dass Theorie und Methode eine eigene W\u00fcrde haben, jenseits der beruflichen Welt. Das Feiern halte ich f\u00fcr angemessen, die Studis freuen sich, Oma und Opa auch, die Eltern sowieso, und eine Universit\u00e4t, die diejenigen, die sie nach der Ausbildung entl\u00e4sst, mit einer Feier w\u00fcrdigt, ist auch nicht das Schlechteste. Und solange die jeweilige Fachkultur den Grad an gew\u00fcnschter Zeremonialit\u00e4t bestimmt, warum nicht? [Autor: Tilman Allert]<\/p>\n","protected":false},"excerpt":{"rendered":"<p>Die Zunahme von Absolventenfeiern ist eine Entwicklung, die vermutlich eine Reihe von Ursachen hat. Einmal sind diese Feiern Bestandteil einer Selbstsuggestion, eine Art magische Beschw\u00f6rung des Erfolgs, die in dem [&hellip;]<\/p>\n","protected":false},"author":8,"featured_media":1525,"comment_status":"closed","ping_status":"closed","sticky":false,"template":"","format":"standard","meta":{"_eb_attr":"","_price":"","_stock":"","_tribe_ticket_header":"","_tribe_default_ticket_provider":"","_ticket_start_date":"","_ticket_end_date":"","_tribe_ticket_show_description":"","_tribe_ticket_show_not_going":false,"_tribe_ticket_use_global_stock":"","_tribe_ticket_global_stock_level":"","_global_stock_mode":"","_global_stock_cap":"","_tribe_rsvp_for_event":"","_tribe_ticket_going_count":"","_tribe_ticket_not_going_count":"","_tribe_tickets_list":"[]","_tribe_ticket_has_attendee_info_fields":false,"footnotes":""},"categories":[9],"tags":[],"post_folder":[],"class_list":["post-949","post","type-post","status-publish","format-standard","has-post-thumbnail","hentry","category-studium"],"yoast_head":"<!-- This site is optimized with the Yoast SEO plugin v27.5 - https:\/\/yoast.com\/product\/yoast-seo-wordpress\/ -->\n<title>Tilman Allert \u00fcber das Ph\u00e4nomen der Absolventenfeiern | Aktuelles aus der Goethe-Universit\u00e4t Frankfurt<\/title>\n<meta name=\"robots\" content=\"index, follow, max-snippet:-1, max-image-preview:large, max-video-preview:-1\" \/>\n<link rel=\"canonical\" href=\"https:\/\/aktuelles.uni-frankfurt.de\/en\/studium\/tilman-allert-ueber-das-phaenomen-der-absolventenfeiern\/\" \/>\n<meta property=\"og:locale\" content=\"en_GB\" \/>\n<meta property=\"og:type\" content=\"article\" \/>\n<meta property=\"og:title\" content=\"Tilman Allert \u00fcber das Ph\u00e4nomen der Absolventenfeiern | Aktuelles aus der Goethe-Universit\u00e4t Frankfurt\" \/>\n<meta property=\"og:description\" content=\"Die Zunahme von Absolventenfeiern ist eine Entwicklung, die vermutlich eine Reihe von Ursachen hat. Einmal sind diese Feiern Bestandteil einer Selbstsuggestion, eine Art magische Beschw\u00f6rung des Erfolgs, die in dem [&hellip;]\" \/>\n<meta property=\"og:url\" content=\"https:\/\/aktuelles.uni-frankfurt.de\/en\/studium\/tilman-allert-ueber-das-phaenomen-der-absolventenfeiern\/\" \/>\n<meta property=\"og:site_name\" content=\"Aktuelles aus der Goethe-Universit\u00e4t Frankfurt\" \/>\n<meta property=\"article:published_time\" content=\"2015-04-08T13:49:19+00:00\" \/>\n<meta property=\"article:modified_time\" content=\"2016-01-10T21:10:59+00:00\" \/>\n<meta property=\"og:image\" content=\"https:\/\/aktuelles.uni-frankfurt.de\/wp-content\/uploads\/2015\/04\/blog_unireport_absolventenfeiern.jpg\" \/>\n\t<meta property=\"og:image:width\" content=\"400\" \/>\n\t<meta property=\"og:image:height\" content=\"267\" \/>\n\t<meta property=\"og:image:type\" content=\"image\/jpeg\" \/>\n<meta name=\"author\" content=\"-\" \/>\n<meta name=\"twitter:card\" content=\"summary_large_image\" \/>\n<meta name=\"twitter:label1\" content=\"Written by\" \/>\n\t<meta name=\"twitter:data1\" content=\"-\" \/>\n\t<meta name=\"twitter:label2\" content=\"Estimated reading time\" \/>\n\t<meta name=\"twitter:data2\" content=\"2 minutes\" \/>\n<script type=\"application\/ld+json\" class=\"yoast-schema-graph\">{\"@context\":\"https:\\\/\\\/schema.org\",\"@graph\":[{\"@type\":\"Article\",\"@id\":\"https:\\\/\\\/aktuelles.uni-frankfurt.de\\\/studium\\\/tilman-allert-ueber-das-phaenomen-der-absolventenfeiern\\\/#article\",\"isPartOf\":{\"@id\":\"https:\\\/\\\/aktuelles.uni-frankfurt.de\\\/studium\\\/tilman-allert-ueber-das-phaenomen-der-absolventenfeiern\\\/\"},\"author\":{\"name\":\"-\",\"@id\":\"https:\\\/\\\/aktuelles.uni-frankfurt.de\\\/#\\\/schema\\\/person\\\/8e55ea338fb65d1ce87a91565d1f1739\"},\"headline\":\"Tilman Allert \u00fcber das Ph\u00e4nomen der Absolventenfeiern\",\"datePublished\":\"2015-04-08T13:49:19+00:00\",\"dateModified\":\"2016-01-10T21:10:59+00:00\",\"mainEntityOfPage\":{\"@id\":\"https:\\\/\\\/aktuelles.uni-frankfurt.de\\\/studium\\\/tilman-allert-ueber-das-phaenomen-der-absolventenfeiern\\\/\"},\"wordCount\":372,\"publisher\":{\"@id\":\"https:\\\/\\\/aktuelles.uni-frankfurt.de\\\/#organization\"},\"image\":{\"@id\":\"https:\\\/\\\/aktuelles.uni-frankfurt.de\\\/studium\\\/tilman-allert-ueber-das-phaenomen-der-absolventenfeiern\\\/#primaryimage\"},\"thumbnailUrl\":\"https:\\\/\\\/aktuelles.uni-frankfurt.de\\\/wp-content\\\/uploads\\\/2015\\\/04\\\/blog_unireport_absolventenfeiern.jpg\",\"articleSection\":[\"Studium\"],\"inLanguage\":\"en-GB\"},{\"@type\":\"WebPage\",\"@id\":\"https:\\\/\\\/aktuelles.uni-frankfurt.de\\\/studium\\\/tilman-allert-ueber-das-phaenomen-der-absolventenfeiern\\\/\",\"url\":\"https:\\\/\\\/aktuelles.uni-frankfurt.de\\\/studium\\\/tilman-allert-ueber-das-phaenomen-der-absolventenfeiern\\\/\",\"name\":\"Tilman Allert \u00fcber das Ph\u00e4nomen der Absolventenfeiern | Aktuelles aus der Goethe-Universit\u00e4t Frankfurt\",\"isPartOf\":{\"@id\":\"https:\\\/\\\/aktuelles.uni-frankfurt.de\\\/#website\"},\"primaryImageOfPage\":{\"@id\":\"https:\\\/\\\/aktuelles.uni-frankfurt.de\\\/studium\\\/tilman-allert-ueber-das-phaenomen-der-absolventenfeiern\\\/#primaryimage\"},\"image\":{\"@id\":\"https:\\\/\\\/aktuelles.uni-frankfurt.de\\\/studium\\\/tilman-allert-ueber-das-phaenomen-der-absolventenfeiern\\\/#primaryimage\"},\"thumbnailUrl\":\"https:\\\/\\\/aktuelles.uni-frankfurt.de\\\/wp-content\\\/uploads\\\/2015\\\/04\\\/blog_unireport_absolventenfeiern.jpg\",\"datePublished\":\"2015-04-08T13:49:19+00:00\",\"dateModified\":\"2016-01-10T21:10:59+00:00\",\"breadcrumb\":{\"@id\":\"https:\\\/\\\/aktuelles.uni-frankfurt.de\\\/studium\\\/tilman-allert-ueber-das-phaenomen-der-absolventenfeiern\\\/#breadcrumb\"},\"inLanguage\":\"en-GB\",\"potentialAction\":[{\"@type\":\"ReadAction\",\"target\":[\"https:\\\/\\\/aktuelles.uni-frankfurt.de\\\/studium\\\/tilman-allert-ueber-das-phaenomen-der-absolventenfeiern\\\/\"]}]},{\"@type\":\"ImageObject\",\"inLanguage\":\"en-GB\",\"@id\":\"https:\\\/\\\/aktuelles.uni-frankfurt.de\\\/studium\\\/tilman-allert-ueber-das-phaenomen-der-absolventenfeiern\\\/#primaryimage\",\"url\":\"https:\\\/\\\/aktuelles.uni-frankfurt.de\\\/wp-content\\\/uploads\\\/2015\\\/04\\\/blog_unireport_absolventenfeiern.jpg\",\"contentUrl\":\"https:\\\/\\\/aktuelles.uni-frankfurt.de\\\/wp-content\\\/uploads\\\/2015\\\/04\\\/blog_unireport_absolventenfeiern.jpg\",\"width\":400,\"height\":267,\"caption\":\"Pomp and Circumstance: Die Bachelor-Absolventen der Wirtschaftswissenschaften im Wintersemester 2014\\\/15. Foto: Dettmar\"},{\"@type\":\"BreadcrumbList\",\"@id\":\"https:\\\/\\\/aktuelles.uni-frankfurt.de\\\/studium\\\/tilman-allert-ueber-das-phaenomen-der-absolventenfeiern\\\/#breadcrumb\",\"itemListElement\":[{\"@type\":\"ListItem\",\"position\":1,\"name\":\"Startseite\",\"item\":\"https:\\\/\\\/aktuelles.uni-frankfurt.de\\\/\"},{\"@type\":\"ListItem\",\"position\":2,\"name\":\"Tilman Allert \u00fcber das Ph\u00e4nomen der Absolventenfeiern\"}]},{\"@type\":\"WebSite\",\"@id\":\"https:\\\/\\\/aktuelles.uni-frankfurt.de\\\/#website\",\"url\":\"https:\\\/\\\/aktuelles.uni-frankfurt.de\\\/\",\"name\":\"Aktuelles aus der Goethe-Universit\u00e4t Frankfurt\",\"description\":\"Aktuelles aus der Goethe-Universit\u00e4t | Neues aus Forschung, Lehre, Studium\",\"publisher\":{\"@id\":\"https:\\\/\\\/aktuelles.uni-frankfurt.de\\\/#organization\"},\"potentialAction\":[{\"@type\":\"SearchAction\",\"target\":{\"@type\":\"EntryPoint\",\"urlTemplate\":\"https:\\\/\\\/aktuelles.uni-frankfurt.de\\\/?s={search_term_string}\"},\"query-input\":{\"@type\":\"PropertyValueSpecification\",\"valueRequired\":true,\"valueName\":\"search_term_string\"}}],\"inLanguage\":\"en-GB\"},{\"@type\":\"Organization\",\"@id\":\"https:\\\/\\\/aktuelles.uni-frankfurt.de\\\/#organization\",\"name\":\"Goethe-Universit\u00e4t\",\"url\":\"https:\\\/\\\/aktuelles.uni-frankfurt.de\\\/\",\"logo\":{\"@type\":\"ImageObject\",\"inLanguage\":\"en-GB\",\"@id\":\"https:\\\/\\\/aktuelles.uni-frankfurt.de\\\/#\\\/schema\\\/logo\\\/image\\\/\",\"url\":\"https:\\\/\\\/aktuelles.uni-frankfurt.de\\\/wp-content\\\/uploads\\\/2022\\\/03\\\/800px-Goethe-Logo.png\",\"contentUrl\":\"https:\\\/\\\/aktuelles.uni-frankfurt.de\\\/wp-content\\\/uploads\\\/2022\\\/03\\\/800px-Goethe-Logo.png\",\"width\":800,\"height\":436,\"caption\":\"Goethe-Universit\u00e4t\"},\"image\":{\"@id\":\"https:\\\/\\\/aktuelles.uni-frankfurt.de\\\/#\\\/schema\\\/logo\\\/image\\\/\"}},{\"@type\":\"Person\",\"@id\":\"https:\\\/\\\/aktuelles.uni-frankfurt.de\\\/#\\\/schema\\\/person\\\/8e55ea338fb65d1ce87a91565d1f1739\",\"name\":\"-\",\"description\":\"Dieser Beitrag wurde von der Online-Redaktion ver\u00f6ffentlicht. Wenn der Beitrag von einem Gastautoren verfasst wurde, findet sich dieser Hinweis am Ende des jeweiligen Artikels.\",\"sameAs\":[\"http:\\\/\\\/aktuelles.uni-frankfurt.de\\\/autoren\"],\"url\":\"https:\\\/\\\/aktuelles.uni-frankfurt.de\\\/en\\\/author\\\/redaktion\\\/\"}]}<\/script>\n<!-- \/ Yoast SEO plugin. -->","yoast_head_json":{"title":"Tilman Allert \u00fcber das Ph\u00e4nomen der Absolventenfeiern | Aktuelles aus der Goethe-Universit\u00e4t Frankfurt","robots":{"index":"index","follow":"follow","max-snippet":"max-snippet:-1","max-image-preview":"max-image-preview:large","max-video-preview":"max-video-preview:-1"},"canonical":"https:\/\/aktuelles.uni-frankfurt.de\/en\/studium\/tilman-allert-ueber-das-phaenomen-der-absolventenfeiern\/","og_locale":"en_GB","og_type":"article","og_title":"Tilman Allert \u00fcber das Ph\u00e4nomen der Absolventenfeiern | Aktuelles aus der Goethe-Universit\u00e4t Frankfurt","og_description":"Die Zunahme von Absolventenfeiern ist eine Entwicklung, die vermutlich eine Reihe von Ursachen hat. Einmal sind diese Feiern Bestandteil einer Selbstsuggestion, eine Art magische Beschw\u00f6rung des Erfolgs, die in dem [&hellip;]","og_url":"https:\/\/aktuelles.uni-frankfurt.de\/en\/studium\/tilman-allert-ueber-das-phaenomen-der-absolventenfeiern\/","og_site_name":"Aktuelles aus der Goethe-Universit\u00e4t Frankfurt","article_published_time":"2015-04-08T13:49:19+00:00","article_modified_time":"2016-01-10T21:10:59+00:00","og_image":[{"width":400,"height":267,"url":"https:\/\/aktuelles.uni-frankfurt.de\/wp-content\/uploads\/2015\/04\/blog_unireport_absolventenfeiern.jpg","type":"image\/jpeg"}],"author":"-","twitter_card":"summary_large_image","twitter_misc":{"Written by":"-","Estimated reading time":"2 minutes"},"schema":{"@context":"https:\/\/schema.org","@graph":[{"@type":"Article","@id":"https:\/\/aktuelles.uni-frankfurt.de\/studium\/tilman-allert-ueber-das-phaenomen-der-absolventenfeiern\/#article","isPartOf":{"@id":"https:\/\/aktuelles.uni-frankfurt.de\/studium\/tilman-allert-ueber-das-phaenomen-der-absolventenfeiern\/"},"author":{"name":"-","@id":"https:\/\/aktuelles.uni-frankfurt.de\/#\/schema\/person\/8e55ea338fb65d1ce87a91565d1f1739"},"headline":"Tilman Allert \u00fcber das Ph\u00e4nomen der Absolventenfeiern","datePublished":"2015-04-08T13:49:19+00:00","dateModified":"2016-01-10T21:10:59+00:00","mainEntityOfPage":{"@id":"https:\/\/aktuelles.uni-frankfurt.de\/studium\/tilman-allert-ueber-das-phaenomen-der-absolventenfeiern\/"},"wordCount":372,"publisher":{"@id":"https:\/\/aktuelles.uni-frankfurt.de\/#organization"},"image":{"@id":"https:\/\/aktuelles.uni-frankfurt.de\/studium\/tilman-allert-ueber-das-phaenomen-der-absolventenfeiern\/#primaryimage"},"thumbnailUrl":"https:\/\/aktuelles.uni-frankfurt.de\/wp-content\/uploads\/2015\/04\/blog_unireport_absolventenfeiern.jpg","articleSection":["Studium"],"inLanguage":"en-GB"},{"@type":"WebPage","@id":"https:\/\/aktuelles.uni-frankfurt.de\/studium\/tilman-allert-ueber-das-phaenomen-der-absolventenfeiern\/","url":"https:\/\/aktuelles.uni-frankfurt.de\/studium\/tilman-allert-ueber-das-phaenomen-der-absolventenfeiern\/","name":"Tilman Allert \u00fcber das Ph\u00e4nomen der Absolventenfeiern | Aktuelles aus der Goethe-Universit\u00e4t Frankfurt","isPartOf":{"@id":"https:\/\/aktuelles.uni-frankfurt.de\/#website"},"primaryImageOfPage":{"@id":"https:\/\/aktuelles.uni-frankfurt.de\/studium\/tilman-allert-ueber-das-phaenomen-der-absolventenfeiern\/#primaryimage"},"image":{"@id":"https:\/\/aktuelles.uni-frankfurt.de\/studium\/tilman-allert-ueber-das-phaenomen-der-absolventenfeiern\/#primaryimage"},"thumbnailUrl":"https:\/\/aktuelles.uni-frankfurt.de\/wp-content\/uploads\/2015\/04\/blog_unireport_absolventenfeiern.jpg","datePublished":"2015-04-08T13:49:19+00:00","dateModified":"2016-01-10T21:10:59+00:00","breadcrumb":{"@id":"https:\/\/aktuelles.uni-frankfurt.de\/studium\/tilman-allert-ueber-das-phaenomen-der-absolventenfeiern\/#breadcrumb"},"inLanguage":"en-GB","potentialAction":[{"@type":"ReadAction","target":["https:\/\/aktuelles.uni-frankfurt.de\/studium\/tilman-allert-ueber-das-phaenomen-der-absolventenfeiern\/"]}]},{"@type":"ImageObject","inLanguage":"en-GB","@id":"https:\/\/aktuelles.uni-frankfurt.de\/studium\/tilman-allert-ueber-das-phaenomen-der-absolventenfeiern\/#primaryimage","url":"https:\/\/aktuelles.uni-frankfurt.de\/wp-content\/uploads\/2015\/04\/blog_unireport_absolventenfeiern.jpg","contentUrl":"https:\/\/aktuelles.uni-frankfurt.de\/wp-content\/uploads\/2015\/04\/blog_unireport_absolventenfeiern.jpg","width":400,"height":267,"caption":"Pomp and Circumstance: Die Bachelor-Absolventen der Wirtschaftswissenschaften im Wintersemester 2014\/15. Foto: Dettmar"},{"@type":"BreadcrumbList","@id":"https:\/\/aktuelles.uni-frankfurt.de\/studium\/tilman-allert-ueber-das-phaenomen-der-absolventenfeiern\/#breadcrumb","itemListElement":[{"@type":"ListItem","position":1,"name":"Startseite","item":"https:\/\/aktuelles.uni-frankfurt.de\/"},{"@type":"ListItem","position":2,"name":"Tilman Allert \u00fcber das Ph\u00e4nomen der Absolventenfeiern"}]},{"@type":"WebSite","@id":"https:\/\/aktuelles.uni-frankfurt.de\/#website","url":"https:\/\/aktuelles.uni-frankfurt.de\/","name":"Aktuelles aus der Goethe-Universit\u00e4t Frankfurt","description":"Aktuelles aus der Goethe-Universit\u00e4t | Neues aus Forschung, Lehre, Studium","publisher":{"@id":"https:\/\/aktuelles.uni-frankfurt.de\/#organization"},"potentialAction":[{"@type":"SearchAction","target":{"@type":"EntryPoint","urlTemplate":"https:\/\/aktuelles.uni-frankfurt.de\/?s={search_term_string}"},"query-input":{"@type":"PropertyValueSpecification","valueRequired":true,"valueName":"search_term_string"}}],"inLanguage":"en-GB"},{"@type":"Organization","@id":"https:\/\/aktuelles.uni-frankfurt.de\/#organization","name":"Goethe University Frankfurt","url":"https:\/\/aktuelles.uni-frankfurt.de\/","logo":{"@type":"ImageObject","inLanguage":"en-GB","@id":"https:\/\/aktuelles.uni-frankfurt.de\/#\/schema\/logo\/image\/","url":"https:\/\/aktuelles.uni-frankfurt.de\/wp-content\/uploads\/2022\/03\/800px-Goethe-Logo.png","contentUrl":"https:\/\/aktuelles.uni-frankfurt.de\/wp-content\/uploads\/2022\/03\/800px-Goethe-Logo.png","width":800,"height":436,"caption":"Goethe-Universit\u00e4t"},"image":{"@id":"https:\/\/aktuelles.uni-frankfurt.de\/#\/schema\/logo\/image\/"}},{"@type":"Person","@id":"https:\/\/aktuelles.uni-frankfurt.de\/#\/schema\/person\/8e55ea338fb65d1ce87a91565d1f1739","name":"-","description":"Dieser Beitrag wurde von der Online-Redaktion ver\u00f6ffentlicht. Wenn der Beitrag von einem Gastautoren verfasst wurde, findet sich dieser Hinweis am Ende des jeweiligen Artikels.","sameAs":["http:\/\/aktuelles.uni-frankfurt.de\/autoren"],"url":"https:\/\/aktuelles.uni-frankfurt.de\/en\/author\/redaktion\/"}]}},"_links":{"self":[{"href":"https:\/\/aktuelles.uni-frankfurt.de\/en\/wp-json\/wp\/v2\/posts\/949","targetHints":{"allow":["GET"]}}],"collection":[{"href":"https:\/\/aktuelles.uni-frankfurt.de\/en\/wp-json\/wp\/v2\/posts"}],"about":[{"href":"https:\/\/aktuelles.uni-frankfurt.de\/en\/wp-json\/wp\/v2\/types\/post"}],"author":[{"embeddable":true,"href":"https:\/\/aktuelles.uni-frankfurt.de\/en\/wp-json\/wp\/v2\/users\/8"}],"replies":[{"embeddable":true,"href":"https:\/\/aktuelles.uni-frankfurt.de\/en\/wp-json\/wp\/v2\/comments?post=949"}],"version-history":[{"count":0,"href":"https:\/\/aktuelles.uni-frankfurt.de\/en\/wp-json\/wp\/v2\/posts\/949\/revisions"}],"wp:featuredmedia":[{"embeddable":true,"href":"https:\/\/aktuelles.uni-frankfurt.de\/en\/wp-json\/wp\/v2\/media\/1525"}],"wp:attachment":[{"href":"https:\/\/aktuelles.uni-frankfurt.de\/en\/wp-json\/wp\/v2\/media?parent=949"}],"wp:term":[{"taxonomy":"category","embeddable":true,"href":"https:\/\/aktuelles.uni-frankfurt.de\/en\/wp-json\/wp\/v2\/categories?post=949"},{"taxonomy":"post_tag","embeddable":true,"href":"https:\/\/aktuelles.uni-frankfurt.de\/en\/wp-json\/wp\/v2\/tags?post=949"},{"taxonomy":"post_folder","embeddable":true,"href":"https:\/\/aktuelles.uni-frankfurt.de\/en\/wp-json\/wp\/v2\/post_folder?post=949"}],"curies":[{"name":"wp","href":"https:\/\/api.w.org\/{rel}","templated":true}]}}