{"id":9539,"date":"2016-09-20T16:46:15","date_gmt":"2016-09-20T14:46:15","guid":{"rendered":"http:\/\/aktuelles.uni-frankfurt.de\/?p=9539"},"modified":"2016-09-29T10:48:49","modified_gmt":"2016-09-29T08:48:49","slug":"mathematik-prof-endre-szemeredi-zu-besuch-an-der-goethe-uni","status":"publish","type":"post","link":"https:\/\/aktuelles.uni-frankfurt.de\/en\/veranstaltungen\/mathematik-prof-endre-szemeredi-zu-besuch-an-der-goethe-uni\/","title":{"rendered":"Mathematik: Prof. Endre Szemer\u00e9di zu Besuch an der Goethe-Uni"},"content":{"rendered":"<p><em><strong>Vom 27. bis zum 30. September ist der Mathematik-Star und Abelpreistr\u00e4ger Prof. Endre Szemer\u00e9di zu Gast an der Goethe-Uni. Am 28. September h\u00e4lt er einen Vortrag am Campus Bockenheim.<\/strong><\/em><!--more--><\/p>\n<p>Endre Szemer\u00e9dis Forschungsgebiete sind Kombinatorik und Theoretische Informatik. F\u00fcr seine fundamentalen Beitr\u00e4ge wurde er 2012 mit dem Abelpreis, einem der renommiertesten Preise in der Mathematik ausgezeichnet. Endre Szemer\u00e9di ist unter allen Mathematikern bestens f\u00fcr sein \u00fcberragendes Theorem \u00fcber die Existenz beliebig langer arithmetischer Progressionen in dichten Teilmengen nat\u00fcrlicher Zahlen bekannt.<\/p>\n<p>Dieses Resultat, &#8222;Szemer\u00e9dis Theorem&#8220; genannt, ist eines der &#8222;Highlights der Mathematik des 20. Jahrhunderts&#8220; (mit den Worten von Professor Sir Timothy Gowers gesprochen, Fields-Medaille 1998).<\/p>\n<p>Endre Szemer\u00e9di ist vom 27. bis 30. September auf Forschungsbesuch bei Herrn Jun.-Prof. Yury Person (Institut f\u00fcr Mathematik) und wird am 28. September einen Vortrag halten. Alle Interessierten sind herzlich eingeladen.<\/p>\n<p>[dt_call_to_action content_size=&#8220;small&#8220; background=&#8220;plain&#8220; line=&#8220;true&#8220; style=&#8220;1&#8243; animation=&#8220;fadeIn&#8220;]<\/p>\n<p><strong>Zeit und Ort:<\/strong> 16:00 Uhr s.t.,<br \/>\nMagnus H\u00f6rsaal, Institut f\u00fcr Informatik,<br \/>\nCampus Bockenheim, Robert-Mayer-Str. 11-15.<\/p>\n<p><strong>Informationen:<\/strong> Jun.-Prof. Yury Person, Institut f\u00fcr Mathematik, Campus Bockenheim, Tel.: (069) 798-25574, person@math.uni-frankfurt.de<\/p>\n<p>[\/dt_call_to_action]<\/p>\n","protected":false},"excerpt":{"rendered":"<p>Vom 27. bis zum 30. September ist der Mathematik-Star und Abelpreistr\u00e4ger Prof. Endre Szemer\u00e9di zu Gast an der Goethe-Uni. Am 28. September h\u00e4lt er einen Vortrag am Campus Bockenheim.<\/p>","protected":false},"author":8,"featured_media":0,"comment_status":"closed","ping_status":"closed","sticky":false,"template":"","format":"standard","meta":{"_eb_attr":"","_price":"","_stock":"","_tribe_ticket_header":"","_tribe_default_ticket_provider":"","_ticket_start_date":"","_ticket_end_date":"","_tribe_ticket_show_description":"","_tribe_ticket_show_not_going":false,"_tribe_ticket_use_global_stock":"","_tribe_ticket_global_stock_level":"","_global_stock_mode":"","_global_stock_cap":"","_tribe_rsvp_for_event":"","_tribe_ticket_going_count":"","_tribe_ticket_not_going_count":"","_tribe_tickets_list":"[]","_tribe_ticket_has_attendee_info_fields":false,"footnotes":""},"categories":[12],"tags":[16,32],"post_folder":[],"class_list":["post-9539","post","type-post","status-publish","format-standard","hentry","category-veranstaltungen","tag-campus-bockenheim","tag-mathematik"],"yoast_head":"<!-- This site is optimized with the Yoast SEO plugin v27.5 - https:\/\/yoast.com\/product\/yoast-seo-wordpress\/ -->\n<title>Mathematik: Prof. Endre Szemer\u00e9di zu Besuch an der Goethe-Uni | Aktuelles aus der Goethe-Universit\u00e4t Frankfurt<\/title>\n<meta name=\"robots\" content=\"index, follow, max-snippet:-1, max-image-preview:large, max-video-preview:-1\" \/>\n<link rel=\"canonical\" href=\"https:\/\/aktuelles.uni-frankfurt.de\/en\/veranstaltungen\/mathematik-prof-endre-szemeredi-zu-besuch-an-der-goethe-uni\/\" \/>\n<meta property=\"og:locale\" content=\"en_GB\" \/>\n<meta property=\"og:type\" content=\"article\" \/>\n<meta property=\"og:title\" content=\"Mathematik: Prof. Endre Szemer\u00e9di zu Besuch an der Goethe-Uni | Aktuelles aus der Goethe-Universit\u00e4t Frankfurt\" \/>\n<meta property=\"og:description\" content=\"Vom 27. bis zum 30. September ist der Mathematik-Star und Abelpreistr\u00e4ger Prof. Endre Szemer\u00e9di zu Gast an der Goethe-Uni. Am 28. September h\u00e4lt er einen Vortrag am Campus Bockenheim.\" \/>\n<meta property=\"og:url\" content=\"https:\/\/aktuelles.uni-frankfurt.de\/en\/veranstaltungen\/mathematik-prof-endre-szemeredi-zu-besuch-an-der-goethe-uni\/\" \/>\n<meta property=\"og:site_name\" content=\"Aktuelles aus der Goethe-Universit\u00e4t Frankfurt\" \/>\n<meta property=\"article:published_time\" content=\"2016-09-20T14:46:15+00:00\" \/>\n<meta property=\"article:modified_time\" content=\"2016-09-29T08:48:49+00:00\" \/>\n<meta name=\"author\" content=\"-\" \/>\n<meta name=\"twitter:card\" content=\"summary_large_image\" \/>\n<meta name=\"twitter:label1\" content=\"Written by\" \/>\n\t<meta name=\"twitter:data1\" content=\"-\" \/>\n\t<meta name=\"twitter:label2\" content=\"Estimated reading time\" \/>\n\t<meta name=\"twitter:data2\" content=\"1 minute\" \/>\n<script type=\"application\/ld+json\" class=\"yoast-schema-graph\">{\"@context\":\"https:\\\/\\\/schema.org\",\"@graph\":[{\"@type\":\"Article\",\"@id\":\"https:\\\/\\\/aktuelles.uni-frankfurt.de\\\/veranstaltungen\\\/mathematik-prof-endre-szemeredi-zu-besuch-an-der-goethe-uni\\\/#article\",\"isPartOf\":{\"@id\":\"https:\\\/\\\/aktuelles.uni-frankfurt.de\\\/veranstaltungen\\\/mathematik-prof-endre-szemeredi-zu-besuch-an-der-goethe-uni\\\/\"},\"author\":{\"name\":\"-\",\"@id\":\"https:\\\/\\\/aktuelles.uni-frankfurt.de\\\/#\\\/schema\\\/person\\\/8e55ea338fb65d1ce87a91565d1f1739\"},\"headline\":\"Mathematik: Prof. Endre Szemer\u00e9di zu Besuch an der Goethe-Uni\",\"datePublished\":\"2016-09-20T14:46:15+00:00\",\"dateModified\":\"2016-09-29T08:48:49+00:00\",\"mainEntityOfPage\":{\"@id\":\"https:\\\/\\\/aktuelles.uni-frankfurt.de\\\/veranstaltungen\\\/mathematik-prof-endre-szemeredi-zu-besuch-an-der-goethe-uni\\\/\"},\"wordCount\":201,\"publisher\":{\"@id\":\"https:\\\/\\\/aktuelles.uni-frankfurt.de\\\/#organization\"},\"keywords\":[\"Campus Bockenheim\",\"Mathematik\"],\"articleSection\":[\"Veranstaltungen\"],\"inLanguage\":\"en-GB\"},{\"@type\":\"WebPage\",\"@id\":\"https:\\\/\\\/aktuelles.uni-frankfurt.de\\\/veranstaltungen\\\/mathematik-prof-endre-szemeredi-zu-besuch-an-der-goethe-uni\\\/\",\"url\":\"https:\\\/\\\/aktuelles.uni-frankfurt.de\\\/veranstaltungen\\\/mathematik-prof-endre-szemeredi-zu-besuch-an-der-goethe-uni\\\/\",\"name\":\"Mathematik: Prof. Endre Szemer\u00e9di zu Besuch an der Goethe-Uni | Aktuelles aus der Goethe-Universit\u00e4t Frankfurt\",\"isPartOf\":{\"@id\":\"https:\\\/\\\/aktuelles.uni-frankfurt.de\\\/#website\"},\"datePublished\":\"2016-09-20T14:46:15+00:00\",\"dateModified\":\"2016-09-29T08:48:49+00:00\",\"breadcrumb\":{\"@id\":\"https:\\\/\\\/aktuelles.uni-frankfurt.de\\\/veranstaltungen\\\/mathematik-prof-endre-szemeredi-zu-besuch-an-der-goethe-uni\\\/#breadcrumb\"},\"inLanguage\":\"en-GB\",\"potentialAction\":[{\"@type\":\"ReadAction\",\"target\":[\"https:\\\/\\\/aktuelles.uni-frankfurt.de\\\/veranstaltungen\\\/mathematik-prof-endre-szemeredi-zu-besuch-an-der-goethe-uni\\\/\"]}]},{\"@type\":\"BreadcrumbList\",\"@id\":\"https:\\\/\\\/aktuelles.uni-frankfurt.de\\\/veranstaltungen\\\/mathematik-prof-endre-szemeredi-zu-besuch-an-der-goethe-uni\\\/#breadcrumb\",\"itemListElement\":[{\"@type\":\"ListItem\",\"position\":1,\"name\":\"Startseite\",\"item\":\"https:\\\/\\\/aktuelles.uni-frankfurt.de\\\/\"},{\"@type\":\"ListItem\",\"position\":2,\"name\":\"Mathematik: Prof. Endre Szemer\u00e9di zu Besuch an der Goethe-Uni\"}]},{\"@type\":\"WebSite\",\"@id\":\"https:\\\/\\\/aktuelles.uni-frankfurt.de\\\/#website\",\"url\":\"https:\\\/\\\/aktuelles.uni-frankfurt.de\\\/\",\"name\":\"Aktuelles aus der Goethe-Universit\u00e4t Frankfurt\",\"description\":\"Aktuelles aus der Goethe-Universit\u00e4t | Neues aus Forschung, Lehre, Studium\",\"publisher\":{\"@id\":\"https:\\\/\\\/aktuelles.uni-frankfurt.de\\\/#organization\"},\"potentialAction\":[{\"@type\":\"SearchAction\",\"target\":{\"@type\":\"EntryPoint\",\"urlTemplate\":\"https:\\\/\\\/aktuelles.uni-frankfurt.de\\\/?s={search_term_string}\"},\"query-input\":{\"@type\":\"PropertyValueSpecification\",\"valueRequired\":true,\"valueName\":\"search_term_string\"}}],\"inLanguage\":\"en-GB\"},{\"@type\":\"Organization\",\"@id\":\"https:\\\/\\\/aktuelles.uni-frankfurt.de\\\/#organization\",\"name\":\"Goethe-Universit\u00e4t\",\"url\":\"https:\\\/\\\/aktuelles.uni-frankfurt.de\\\/\",\"logo\":{\"@type\":\"ImageObject\",\"inLanguage\":\"en-GB\",\"@id\":\"https:\\\/\\\/aktuelles.uni-frankfurt.de\\\/#\\\/schema\\\/logo\\\/image\\\/\",\"url\":\"https:\\\/\\\/aktuelles.uni-frankfurt.de\\\/wp-content\\\/uploads\\\/2022\\\/03\\\/800px-Goethe-Logo.png\",\"contentUrl\":\"https:\\\/\\\/aktuelles.uni-frankfurt.de\\\/wp-content\\\/uploads\\\/2022\\\/03\\\/800px-Goethe-Logo.png\",\"width\":800,\"height\":436,\"caption\":\"Goethe-Universit\u00e4t\"},\"image\":{\"@id\":\"https:\\\/\\\/aktuelles.uni-frankfurt.de\\\/#\\\/schema\\\/logo\\\/image\\\/\"}},{\"@type\":\"Person\",\"@id\":\"https:\\\/\\\/aktuelles.uni-frankfurt.de\\\/#\\\/schema\\\/person\\\/8e55ea338fb65d1ce87a91565d1f1739\",\"name\":\"-\",\"description\":\"Dieser Beitrag wurde von der Online-Redaktion ver\u00f6ffentlicht. Wenn der Beitrag von einem Gastautoren verfasst wurde, findet sich dieser Hinweis am Ende des jeweiligen Artikels.\",\"sameAs\":[\"http:\\\/\\\/aktuelles.uni-frankfurt.de\\\/autoren\"],\"url\":\"https:\\\/\\\/aktuelles.uni-frankfurt.de\\\/en\\\/author\\\/redaktion\\\/\"}]}<\/script>\n<!-- \/ Yoast SEO plugin. -->","yoast_head_json":{"title":"Mathematik: Prof. Endre Szemer\u00e9di zu Besuch an der Goethe-Uni | Aktuelles aus der Goethe-Universit\u00e4t Frankfurt","robots":{"index":"index","follow":"follow","max-snippet":"max-snippet:-1","max-image-preview":"max-image-preview:large","max-video-preview":"max-video-preview:-1"},"canonical":"https:\/\/aktuelles.uni-frankfurt.de\/en\/veranstaltungen\/mathematik-prof-endre-szemeredi-zu-besuch-an-der-goethe-uni\/","og_locale":"en_GB","og_type":"article","og_title":"Mathematik: Prof. Endre Szemer\u00e9di zu Besuch an der Goethe-Uni | Aktuelles aus der Goethe-Universit\u00e4t Frankfurt","og_description":"Vom 27. bis zum 30. September ist der Mathematik-Star und Abelpreistr\u00e4ger Prof. Endre Szemer\u00e9di zu Gast an der Goethe-Uni. Am 28. September h\u00e4lt er einen Vortrag am Campus Bockenheim.","og_url":"https:\/\/aktuelles.uni-frankfurt.de\/en\/veranstaltungen\/mathematik-prof-endre-szemeredi-zu-besuch-an-der-goethe-uni\/","og_site_name":"Aktuelles aus der Goethe-Universit\u00e4t Frankfurt","article_published_time":"2016-09-20T14:46:15+00:00","article_modified_time":"2016-09-29T08:48:49+00:00","author":"-","twitter_card":"summary_large_image","twitter_misc":{"Written by":"-","Estimated reading time":"1 minute"},"schema":{"@context":"https:\/\/schema.org","@graph":[{"@type":"Article","@id":"https:\/\/aktuelles.uni-frankfurt.de\/veranstaltungen\/mathematik-prof-endre-szemeredi-zu-besuch-an-der-goethe-uni\/#article","isPartOf":{"@id":"https:\/\/aktuelles.uni-frankfurt.de\/veranstaltungen\/mathematik-prof-endre-szemeredi-zu-besuch-an-der-goethe-uni\/"},"author":{"name":"-","@id":"https:\/\/aktuelles.uni-frankfurt.de\/#\/schema\/person\/8e55ea338fb65d1ce87a91565d1f1739"},"headline":"Mathematik: Prof. Endre Szemer\u00e9di zu Besuch an der Goethe-Uni","datePublished":"2016-09-20T14:46:15+00:00","dateModified":"2016-09-29T08:48:49+00:00","mainEntityOfPage":{"@id":"https:\/\/aktuelles.uni-frankfurt.de\/veranstaltungen\/mathematik-prof-endre-szemeredi-zu-besuch-an-der-goethe-uni\/"},"wordCount":201,"publisher":{"@id":"https:\/\/aktuelles.uni-frankfurt.de\/#organization"},"keywords":["Campus Bockenheim","Mathematik"],"articleSection":["Veranstaltungen"],"inLanguage":"en-GB"},{"@type":"WebPage","@id":"https:\/\/aktuelles.uni-frankfurt.de\/veranstaltungen\/mathematik-prof-endre-szemeredi-zu-besuch-an-der-goethe-uni\/","url":"https:\/\/aktuelles.uni-frankfurt.de\/veranstaltungen\/mathematik-prof-endre-szemeredi-zu-besuch-an-der-goethe-uni\/","name":"Mathematik: Prof. Endre Szemer\u00e9di zu Besuch an der Goethe-Uni | Aktuelles aus der Goethe-Universit\u00e4t Frankfurt","isPartOf":{"@id":"https:\/\/aktuelles.uni-frankfurt.de\/#website"},"datePublished":"2016-09-20T14:46:15+00:00","dateModified":"2016-09-29T08:48:49+00:00","breadcrumb":{"@id":"https:\/\/aktuelles.uni-frankfurt.de\/veranstaltungen\/mathematik-prof-endre-szemeredi-zu-besuch-an-der-goethe-uni\/#breadcrumb"},"inLanguage":"en-GB","potentialAction":[{"@type":"ReadAction","target":["https:\/\/aktuelles.uni-frankfurt.de\/veranstaltungen\/mathematik-prof-endre-szemeredi-zu-besuch-an-der-goethe-uni\/"]}]},{"@type":"BreadcrumbList","@id":"https:\/\/aktuelles.uni-frankfurt.de\/veranstaltungen\/mathematik-prof-endre-szemeredi-zu-besuch-an-der-goethe-uni\/#breadcrumb","itemListElement":[{"@type":"ListItem","position":1,"name":"Startseite","item":"https:\/\/aktuelles.uni-frankfurt.de\/"},{"@type":"ListItem","position":2,"name":"Mathematik: Prof. Endre Szemer\u00e9di zu Besuch an der Goethe-Uni"}]},{"@type":"WebSite","@id":"https:\/\/aktuelles.uni-frankfurt.de\/#website","url":"https:\/\/aktuelles.uni-frankfurt.de\/","name":"Aktuelles aus der Goethe-Universit\u00e4t Frankfurt","description":"Aktuelles aus der Goethe-Universit\u00e4t | Neues aus Forschung, Lehre, Studium","publisher":{"@id":"https:\/\/aktuelles.uni-frankfurt.de\/#organization"},"potentialAction":[{"@type":"SearchAction","target":{"@type":"EntryPoint","urlTemplate":"https:\/\/aktuelles.uni-frankfurt.de\/?s={search_term_string}"},"query-input":{"@type":"PropertyValueSpecification","valueRequired":true,"valueName":"search_term_string"}}],"inLanguage":"en-GB"},{"@type":"Organization","@id":"https:\/\/aktuelles.uni-frankfurt.de\/#organization","name":"Goethe University Frankfurt","url":"https:\/\/aktuelles.uni-frankfurt.de\/","logo":{"@type":"ImageObject","inLanguage":"en-GB","@id":"https:\/\/aktuelles.uni-frankfurt.de\/#\/schema\/logo\/image\/","url":"https:\/\/aktuelles.uni-frankfurt.de\/wp-content\/uploads\/2022\/03\/800px-Goethe-Logo.png","contentUrl":"https:\/\/aktuelles.uni-frankfurt.de\/wp-content\/uploads\/2022\/03\/800px-Goethe-Logo.png","width":800,"height":436,"caption":"Goethe-Universit\u00e4t"},"image":{"@id":"https:\/\/aktuelles.uni-frankfurt.de\/#\/schema\/logo\/image\/"}},{"@type":"Person","@id":"https:\/\/aktuelles.uni-frankfurt.de\/#\/schema\/person\/8e55ea338fb65d1ce87a91565d1f1739","name":"-","description":"Dieser Beitrag wurde von der Online-Redaktion ver\u00f6ffentlicht. Wenn der Beitrag von einem Gastautoren verfasst wurde, findet sich dieser Hinweis am Ende des jeweiligen Artikels.","sameAs":["http:\/\/aktuelles.uni-frankfurt.de\/autoren"],"url":"https:\/\/aktuelles.uni-frankfurt.de\/en\/author\/redaktion\/"}]}},"_links":{"self":[{"href":"https:\/\/aktuelles.uni-frankfurt.de\/en\/wp-json\/wp\/v2\/posts\/9539","targetHints":{"allow":["GET"]}}],"collection":[{"href":"https:\/\/aktuelles.uni-frankfurt.de\/en\/wp-json\/wp\/v2\/posts"}],"about":[{"href":"https:\/\/aktuelles.uni-frankfurt.de\/en\/wp-json\/wp\/v2\/types\/post"}],"author":[{"embeddable":true,"href":"https:\/\/aktuelles.uni-frankfurt.de\/en\/wp-json\/wp\/v2\/users\/8"}],"replies":[{"embeddable":true,"href":"https:\/\/aktuelles.uni-frankfurt.de\/en\/wp-json\/wp\/v2\/comments?post=9539"}],"version-history":[{"count":0,"href":"https:\/\/aktuelles.uni-frankfurt.de\/en\/wp-json\/wp\/v2\/posts\/9539\/revisions"}],"wp:attachment":[{"href":"https:\/\/aktuelles.uni-frankfurt.de\/en\/wp-json\/wp\/v2\/media?parent=9539"}],"wp:term":[{"taxonomy":"category","embeddable":true,"href":"https:\/\/aktuelles.uni-frankfurt.de\/en\/wp-json\/wp\/v2\/categories?post=9539"},{"taxonomy":"post_tag","embeddable":true,"href":"https:\/\/aktuelles.uni-frankfurt.de\/en\/wp-json\/wp\/v2\/tags?post=9539"},{"taxonomy":"post_folder","embeddable":true,"href":"https:\/\/aktuelles.uni-frankfurt.de\/en\/wp-json\/wp\/v2\/post_folder?post=9539"}],"curies":[{"name":"wp","href":"https:\/\/api.w.org\/{rel}","templated":true}]}}