{"id":9890,"date":"2016-10-17T11:26:57","date_gmt":"2016-10-17T09:26:57","guid":{"rendered":"http:\/\/aktuelles.uni-frankfurt.de\/?p=9890"},"modified":"2016-10-17T11:27:31","modified_gmt":"2016-10-17T09:27:31","slug":"man-ist-in-den-usa-an-schlammschlachten-dieser-art-gewoehnt","status":"publish","type":"post","link":"https:\/\/aktuelles.uni-frankfurt.de\/en\/gesellschaft\/man-ist-in-den-usa-an-schlammschlachten-dieser-art-gewoehnt\/","title":{"rendered":"\u201eMan ist in den USA an Schlammschlachten dieser Art gew\u00f6hnt\u201c"},"content":{"rendered":"<p><em><strong><img fetchpriority=\"high\" decoding=\"async\" class=\"alignleft wp-image-9901\" src=\"https:\/\/aktuelles.uni-frankfurt.de\/wp-content\/uploads\/2016\/10\/blog_trump-interview-puhle.jpg\" alt=\"blog_trump-interview-puhle\" width=\"451\" height=\"312\" srcset=\"https:\/\/aktuelles.uni-frankfurt.de\/wp-content\/uploads\/2016\/10\/blog_trump-interview-puhle.jpg 650w, https:\/\/aktuelles.uni-frankfurt.de\/wp-content\/uploads\/2016\/10\/blog_trump-interview-puhle-300x208.jpg 300w\" sizes=\"(max-width: 451px) 100vw, 451px\" \/>Der Politikwissenschaftler Hans-J\u00fcrgen Puhle \u00fcber den aktuellen Pr\u00e4sidentschaftswahlkampf in den USA.<\/strong><\/em><\/p>\n<p><em>Herr Professor Puhle, wie haben Sie das zweite Fernsehduell zwischen Clinton und Trump gesehen?<\/em><\/p>\n<p>Puhle: Beide Fernsehdebatten haben eigentlich nicht viel Neues gebracht. Es wurden aber vor einem gro\u00dfen Publikum die Fronten gekl\u00e4rt. In der W\u00fcrdigung der Medien hat Clinton beide Debatten \u201agewonnen\u2018 und nach der ersten Runde in den Umfragewerten etwas zugelegt auf Kosten der Unentschlosssenen. Die hardcore Trumpisten sind aber nicht weniger geworden. Ob die zweite Debatte einen \u00e4hnlichen Effekt ausl\u00f6sen wird, werden wir erst in ein bis zwei Wochen wissen, aber ich halte es f\u00fcr wahrscheinlich.<\/p>\n<p><em>Aus europ\u00e4ischer Sicht sind Trumps Verfehlungen kaum zu fassen. Dass er nach dem geleakten Video aus dem Jahre 2005, in dem er extreme frauenfeindliche und sexistische Spr\u00fcche \u00e4u\u00dfert, nicht einen R\u00fccktritt von seiner Kandidatur in Betracht zieht, versteht man hier kaum.<\/em><\/p>\n<p>Das ist eine typisch europ\u00e4ische Sicht auf die Dinge &#8211; in den USA sieht man das anders, auch in den Medien. Das liegt auch daran, dass man Schlammschlachten dieser Art schon lange gew\u00f6hnt ist. Schon\u00a0 die Wahlk\u00e4mpfer von Thomas Jefferson haben im Wahlkampf 1800 mit Erfolg unter der G\u00fcrtellinie argumentiert und schr\u00e4ge Ger\u00fcchte gestreut, so wie auch noch die Agenten von Karl Rove, dem spin doctor der Republikaner, in den Wahlk\u00e4mpfen seit 2004. Dass dies alles heute noch b\u00f6sartiger, radikaler und vulg\u00e4rer \u00fcberkommt, hat auch viel mit der Netzwerklogik der sozialen Medien zu tun, die die fundamentalistischen und populistischen Radikalisierungen verst\u00e4rkt. Die Trump-Anh\u00e4nger schreckt sein Stil jedenfalls nicht ab, und Trump hat wohl recht gehabt mit seiner Bemerkung, dass er mitten auf der Fifth Avenue jemanden erschie\u00dfen k\u00f6nnte und dennoch keine einzige Stimme verlieren w\u00fcrde.<\/p>\n<p><em>Gleichwohl sp\u00fcrt man, dass in den USA der Protest gegen Trump sch\u00e4rfer wird: So hat beispielsweise der Schauspieler Robert de Niro in einer Videobotschaft recht drastisch verk\u00fcndet, Trump \u201eeins in die Fresse zu hauen\u201c. <\/em><\/p>\n<p>Viele Intellektuelle und K\u00fcnstler, und auch andere, die mehr \u201aeurop\u00e4isch\u2018 denken, gem\u00e4ssigter sind oder einfach mehr vom politischen Gesch\u00e4ft verstehen &#8211; darunter auch einige \u00a0vern\u00fcnftige und nicht restlos opportunistisch gewordene Republikaner \u2013 k\u00f6nnen sich jetzt sicher etwas mehr Geh\u00f6r verschaffen. Aber man darf eines nicht \u00fcbersehen: Wenn in Europa\u00a0 die Intellektuellen so aufschreien w\u00fcrden, w\u00e4re das politisch relevant. In den USA ist es aber relativ bedeutungslos.<\/p>\n<p><em>Aber Trump hat die amerikanische Gesellschaft gespalten, muss man konstatieren.<\/em><\/p>\n<p>Die Spaltung der Gesellschaft hat nicht mit Trump angefangen, sondern viel fr\u00fcher. Haupttriebkraft ist hier die Republikanische Partei gewesen, die seit der Reagan-Pr\u00e4sidentschaft in den 80er Jahren radikale, intransigente und fundamentalistische Positionen politisch salonf\u00e4hig gemacht hat. Deren Vertreter haben dann seit dem Sieg bei den Kongresswahlen 1994 zunehmend die Partei \u00fcbernommen und deren Politik fundamentalisiert, bis hin zu extremer politischer Polarisierung, moralisch aufgeladenem Freund\/Feind-Denken und kompletter Blockade der Institutionen. Daf\u00fcr stehen z.B. diverse Verweigerungen der Haushaltsbewilligungen, das \u00fcberdrehte Amtsenthebungsverfahren gegen Bill Clinton und in den letzten Jahren vor allem der fundamentalistische und intransigente Widerstand der Tea Party-Bewegung gegen die Politik Obamas. Diese Leute haben die Republikanische Partei als Geisel genommen und sie, jedenfalls in Washington, kompromiss- und politikunf\u00e4hig gemacht. In dieses Vakuum konnte Trump m\u00fchelos hineinstossen mit seinem radikalen Protest gegen die etablierte Politik. Dabei hat er sowohl das Parteiestablishment wie auch die Tea Party-Leute und andere Ideologen ausgespielt und an den Rand gedr\u00e4ngt.<\/p>\n<p><em>Nach dem geleakten Video wurde aber auch Kritik an Trump aus den Reihen der Republikaner Trump laut \u2013 ist das ernst zu nehmen?<\/em><\/p>\n<p>Das ist \u00fcberwiegend Opportunismus. Die Republikanische Basis wollte Trump, und sie haben ihn bekommen. Auch die meisten seiner Gegner \u00a0haben sich mit ihm arrangiert und sind auf den Zug aufgesprungen, um von Trumps W\u00e4hlermobilisierung und Medienaufmerksamkeit zu profitieren. Entgegen fr\u00fcheren Ger\u00fcchten hat weder der Parteiapparat Trumps Nominierung verhindern k\u00f6nnen, noch haben sich die grossen Geldgeber zur\u00fcckgezogen. Und es ist auch kein anderer als \u201aunabh\u00e4ngiger\u2018 Kandidat in den Ring gestiegen. Selbst sein st\u00e4rkster Gegner Ted Cruz und Speaker Paul Ryan haben sich, nach einigen Eiert\u00e4nzen, hinter Trump gestellt. Erst jetzt, nach diesem geleakten Video, wo die W\u00e4hler in Scharen davonzulaufen drohen, distanzieren sich einige von ihm, um nicht in diesen Strudel gerissen zu werden.<\/p>\n<p><em>Trump hat im Wahlkampf auf bislang ungekannte Weise gegen viele Minderheiten agitiert. Dies ist aus europ\u00e4ischer Sicht umso erstaunlicher, als doch gerade an amerikanischen Universit\u00e4ten mit Verve der Minderheitenschutz betrieben wird, was manchmal seltsame Bl\u00fcten treibt.\u00a0 <\/em><\/p>\n<p>Das hat nat\u00fcrlich mit unterschiedlichen kulturellen Rahmenbedingungen zu tun: An den amerikanischen Unis wird das Gemeinschaftsleben nicht von den Graduate Schools, sondern von den Colleges gepr\u00e4gt. Und dort werden die Studierenden ja noch als recht unselbstst\u00e4ndige Sch\u00fcler betrachtet, um die sich auch die Eltern noch k\u00fcmmern (was nebenbei gesagt in Deutschland auch gerade zunimmt). Von daher gibt es in den USA diese Besch\u00fctzerinstinkte in den Institutionen. Und auch das amerikanische Recht sieht handfeste Kompensationen vor, wenn ein Erstsemester geltend machen kann, dass seine Seele durch die Vorlesung Schaden genommen hat. Gerade in den Cultural oder Postcolonial Studies \u00a0kann man kaum noch ohne Warnung ein Seminar zum Thema Sklaverei anbieten, weil ein\/e Studierende\/r sich bei der Vorstellung dieses uns\u00e4glichen Elends schlecht f\u00fchlen k\u00f6nnte. Vor diesem Hintergrund hat Trumps Feldzug gegen die Political Correctness auch viel Resonanz gefunden.<\/p>\n<p><em>Hillary Clinton m\u00fcsste eigentlich vom schlechten Image ihres Konkurrenten viel st\u00e4rker profitieren, aber sie ist auch umstritten. W\u00fcrde sie es als Pr\u00e4sidentin schwer haben, die Gesellschaft wieder zu einen?<\/em><\/p>\n<p>Nicht schwerer als andere, die schon mal Pr\u00e4sident waren. Sie ist eine gelernte und kluge Politikerin, vielleicht keine geborene Vers\u00f6hnerin. Sie k\u00f6nnte das aber lernen und Leute um sich scharen, die das besser k\u00f6nnen. Trump dagegen kann das Land sicherlich nicht vers\u00f6hnen, Polarisieren geh\u00f6rt bei ihm zum Gesch\u00e4ftsmodell. Man muss im Augenblick eine gewisse Schieflage in der Debatte konstatieren: In amerikanischen Medien wird mit zweierlei Ma\u00df gemessen. W\u00e4hrend bei Clinton jede Kleinigkeit durchleuchtet wird, was sie wo und von wem bekommen hat, obwohl sie alles ordnungsgem\u00e4\u00df versteuert hat, darf sich Trump die gr\u00f6\u00dften Frechheiten erlauben, bis hin zu Gesetzesbr\u00fcchen und Aufforderung zur Gewalt, ohne dass ihm das schadet. Ich wundere mich auch bei meinen Gespr\u00e4chen mit Amerikanern, wie viele Hillary Clinton nicht ausstehen k\u00f6nnen. Woran das am Ende liegt, wei\u00df ich nicht. Das traditionelle Establishment m\u00f6chte wohl keine Frau an der Spitze und sucht nach jedem Argument, das man kriegen kann.<\/p>\n<p><em>W\u00fcrden Sie eine Prognose wagen, wer am Ende das Rennen machen wird?<\/em><\/p>\n<p>Clinton hat jetzt einen Vorsprung von ungef\u00e4hr f\u00fcnf Prozentpunkten, was nicht sehr viel ist. Das ist sowohl ausbauf\u00e4hig als auch grunds\u00e4tzlich\u2013 gerade noch \u2013 aufholbar f\u00fcr Trump. Aber im Electoral College stehen Clintons Chancen besser, weshalb die Buchmacher und gurus ihr im Moment eine Siegeschance von \u00fcber 80% geben. \u00a0Ich denke (und hoffe), dass sie es schaffen wird. Aber in der Politik sind vier Wochen eine sehr lange Zeit.<\/p>\n<p><em><strong>Questions: Dirk Frank<\/strong><\/em><\/p>","protected":false},"excerpt":{"rendered":"<p>Der Politikwissenschaftler Hans-J\u00fcrgen Puhle \u00fcber den aktuellen Pr\u00e4sidentschaftswahlkampf in den USA. Herr Professor Puhle, wie haben Sie das zweite Fernsehduell zwischen Clinton und Trump gesehen? Puhle: Beide Fernsehdebatten haben eigentlich [&hellip;]<\/p>\n","protected":false},"author":4,"featured_media":9901,"comment_status":"closed","ping_status":"closed","sticky":false,"template":"","format":"standard","meta":{"_eb_attr":"","_price":"","_stock":"","_tribe_ticket_header":"","_tribe_default_ticket_provider":"","_ticket_start_date":"","_ticket_end_date":"","_tribe_ticket_show_description":"","_tribe_ticket_show_not_going":false,"_tribe_ticket_use_global_stock":"","_tribe_ticket_global_stock_level":"","_global_stock_mode":"","_global_stock_cap":"","_tribe_rsvp_for_event":"","_tribe_ticket_going_count":"","_tribe_ticket_not_going_count":"","_tribe_tickets_list":"[]","_tribe_ticket_has_attendee_info_fields":false,"footnotes":""},"categories":[4],"tags":[48,25],"post_folder":[],"class_list":["post-9890","post","type-post","status-publish","format-standard","has-post-thumbnail","hentry","category-gesellschaft","tag-gesellschaftswissenschaften","tag-interview"],"yoast_head":"<!-- This site is optimized with the Yoast SEO plugin v27.5 - https:\/\/yoast.com\/product\/yoast-seo-wordpress\/ -->\n<title>\u201eMan ist in den USA an Schlammschlachten dieser Art gew\u00f6hnt\u201c | Aktuelles aus der Goethe-Universit\u00e4t Frankfurt<\/title>\n<meta name=\"robots\" content=\"index, follow, max-snippet:-1, max-image-preview:large, max-video-preview:-1\" \/>\n<link rel=\"canonical\" href=\"https:\/\/aktuelles.uni-frankfurt.de\/en\/gesellschaft\/man-ist-in-den-usa-an-schlammschlachten-dieser-art-gewoehnt\/\" \/>\n<meta property=\"og:locale\" content=\"en_GB\" \/>\n<meta property=\"og:type\" content=\"article\" \/>\n<meta property=\"og:title\" content=\"\u201eMan ist in den USA an Schlammschlachten dieser Art gew\u00f6hnt\u201c | Aktuelles aus der Goethe-Universit\u00e4t Frankfurt\" \/>\n<meta property=\"og:description\" content=\"Der Politikwissenschaftler Hans-J\u00fcrgen Puhle \u00fcber den aktuellen Pr\u00e4sidentschaftswahlkampf in den USA. Herr Professor Puhle, wie haben Sie das zweite Fernsehduell zwischen Clinton und Trump gesehen? Puhle: Beide Fernsehdebatten haben eigentlich [&hellip;]\" \/>\n<meta property=\"og:url\" content=\"https:\/\/aktuelles.uni-frankfurt.de\/en\/gesellschaft\/man-ist-in-den-usa-an-schlammschlachten-dieser-art-gewoehnt\/\" \/>\n<meta property=\"og:site_name\" content=\"Aktuelles aus der Goethe-Universit\u00e4t Frankfurt\" \/>\n<meta property=\"article:published_time\" content=\"2016-10-17T09:26:57+00:00\" \/>\n<meta property=\"article:modified_time\" content=\"2016-10-17T09:27:31+00:00\" \/>\n<meta property=\"og:image\" content=\"https:\/\/aktuelles.uni-frankfurt.de\/wp-content\/uploads\/2016\/10\/blog_trump-interview-puhle.jpg\" \/>\n\t<meta property=\"og:image:width\" content=\"650\" \/>\n\t<meta property=\"og:image:height\" content=\"450\" \/>\n\t<meta property=\"og:image:type\" content=\"image\/jpeg\" \/>\n<meta name=\"author\" content=\"Dr. Dirk Frank\" \/>\n<meta name=\"twitter:card\" content=\"summary_large_image\" \/>\n<meta name=\"twitter:label1\" content=\"Written by\" \/>\n\t<meta name=\"twitter:data1\" content=\"Dr. Dirk Frank\" \/>\n\t<meta name=\"twitter:label2\" content=\"Estimated reading time\" \/>\n\t<meta name=\"twitter:data2\" content=\"6 minutes\" \/>\n<script type=\"application\/ld+json\" class=\"yoast-schema-graph\">{\"@context\":\"https:\\\/\\\/schema.org\",\"@graph\":[{\"@type\":\"Article\",\"@id\":\"https:\\\/\\\/aktuelles.uni-frankfurt.de\\\/gesellschaft\\\/man-ist-in-den-usa-an-schlammschlachten-dieser-art-gewoehnt\\\/#article\",\"isPartOf\":{\"@id\":\"https:\\\/\\\/aktuelles.uni-frankfurt.de\\\/gesellschaft\\\/man-ist-in-den-usa-an-schlammschlachten-dieser-art-gewoehnt\\\/\"},\"author\":{\"name\":\"Dr. Dirk Frank\",\"@id\":\"https:\\\/\\\/aktuelles.uni-frankfurt.de\\\/#\\\/schema\\\/person\\\/370c4588b49f66f89d917e8bd01f72b0\"},\"headline\":\"\u201eMan ist in den USA an Schlammschlachten dieser Art gew\u00f6hnt\u201c\",\"datePublished\":\"2016-10-17T09:26:57+00:00\",\"dateModified\":\"2016-10-17T09:27:31+00:00\",\"mainEntityOfPage\":{\"@id\":\"https:\\\/\\\/aktuelles.uni-frankfurt.de\\\/gesellschaft\\\/man-ist-in-den-usa-an-schlammschlachten-dieser-art-gewoehnt\\\/\"},\"wordCount\":1209,\"publisher\":{\"@id\":\"https:\\\/\\\/aktuelles.uni-frankfurt.de\\\/#organization\"},\"image\":{\"@id\":\"https:\\\/\\\/aktuelles.uni-frankfurt.de\\\/gesellschaft\\\/man-ist-in-den-usa-an-schlammschlachten-dieser-art-gewoehnt\\\/#primaryimage\"},\"thumbnailUrl\":\"https:\\\/\\\/aktuelles.uni-frankfurt.de\\\/wp-content\\\/uploads\\\/2016\\\/10\\\/blog_trump-interview-puhle.jpg\",\"keywords\":[\"Gesellschaftswissenschaften\",\"Interview\"],\"articleSection\":[\"Gesellschaft\"],\"inLanguage\":\"en-GB\"},{\"@type\":\"WebPage\",\"@id\":\"https:\\\/\\\/aktuelles.uni-frankfurt.de\\\/gesellschaft\\\/man-ist-in-den-usa-an-schlammschlachten-dieser-art-gewoehnt\\\/\",\"url\":\"https:\\\/\\\/aktuelles.uni-frankfurt.de\\\/gesellschaft\\\/man-ist-in-den-usa-an-schlammschlachten-dieser-art-gewoehnt\\\/\",\"name\":\"\u201eMan ist in den USA an Schlammschlachten dieser Art gew\u00f6hnt\u201c | Aktuelles aus der Goethe-Universit\u00e4t Frankfurt\",\"isPartOf\":{\"@id\":\"https:\\\/\\\/aktuelles.uni-frankfurt.de\\\/#website\"},\"primaryImageOfPage\":{\"@id\":\"https:\\\/\\\/aktuelles.uni-frankfurt.de\\\/gesellschaft\\\/man-ist-in-den-usa-an-schlammschlachten-dieser-art-gewoehnt\\\/#primaryimage\"},\"image\":{\"@id\":\"https:\\\/\\\/aktuelles.uni-frankfurt.de\\\/gesellschaft\\\/man-ist-in-den-usa-an-schlammschlachten-dieser-art-gewoehnt\\\/#primaryimage\"},\"thumbnailUrl\":\"https:\\\/\\\/aktuelles.uni-frankfurt.de\\\/wp-content\\\/uploads\\\/2016\\\/10\\\/blog_trump-interview-puhle.jpg\",\"datePublished\":\"2016-10-17T09:26:57+00:00\",\"dateModified\":\"2016-10-17T09:27:31+00:00\",\"breadcrumb\":{\"@id\":\"https:\\\/\\\/aktuelles.uni-frankfurt.de\\\/gesellschaft\\\/man-ist-in-den-usa-an-schlammschlachten-dieser-art-gewoehnt\\\/#breadcrumb\"},\"inLanguage\":\"en-GB\",\"potentialAction\":[{\"@type\":\"ReadAction\",\"target\":[\"https:\\\/\\\/aktuelles.uni-frankfurt.de\\\/gesellschaft\\\/man-ist-in-den-usa-an-schlammschlachten-dieser-art-gewoehnt\\\/\"]}]},{\"@type\":\"ImageObject\",\"inLanguage\":\"en-GB\",\"@id\":\"https:\\\/\\\/aktuelles.uni-frankfurt.de\\\/gesellschaft\\\/man-ist-in-den-usa-an-schlammschlachten-dieser-art-gewoehnt\\\/#primaryimage\",\"url\":\"https:\\\/\\\/aktuelles.uni-frankfurt.de\\\/wp-content\\\/uploads\\\/2016\\\/10\\\/blog_trump-interview-puhle.jpg\",\"contentUrl\":\"https:\\\/\\\/aktuelles.uni-frankfurt.de\\\/wp-content\\\/uploads\\\/2016\\\/10\\\/blog_trump-interview-puhle.jpg\",\"width\":650,\"height\":450},{\"@type\":\"BreadcrumbList\",\"@id\":\"https:\\\/\\\/aktuelles.uni-frankfurt.de\\\/gesellschaft\\\/man-ist-in-den-usa-an-schlammschlachten-dieser-art-gewoehnt\\\/#breadcrumb\",\"itemListElement\":[{\"@type\":\"ListItem\",\"position\":1,\"name\":\"Startseite\",\"item\":\"https:\\\/\\\/aktuelles.uni-frankfurt.de\\\/\"},{\"@type\":\"ListItem\",\"position\":2,\"name\":\"\u201eMan ist in den USA an Schlammschlachten dieser Art gew\u00f6hnt\u201c\"}]},{\"@type\":\"WebSite\",\"@id\":\"https:\\\/\\\/aktuelles.uni-frankfurt.de\\\/#website\",\"url\":\"https:\\\/\\\/aktuelles.uni-frankfurt.de\\\/\",\"name\":\"Aktuelles aus der Goethe-Universit\u00e4t Frankfurt\",\"description\":\"Aktuelles aus der Goethe-Universit\u00e4t | Neues aus Forschung, Lehre, Studium\",\"publisher\":{\"@id\":\"https:\\\/\\\/aktuelles.uni-frankfurt.de\\\/#organization\"},\"potentialAction\":[{\"@type\":\"SearchAction\",\"target\":{\"@type\":\"EntryPoint\",\"urlTemplate\":\"https:\\\/\\\/aktuelles.uni-frankfurt.de\\\/?s={search_term_string}\"},\"query-input\":{\"@type\":\"PropertyValueSpecification\",\"valueRequired\":true,\"valueName\":\"search_term_string\"}}],\"inLanguage\":\"en-GB\"},{\"@type\":\"Organization\",\"@id\":\"https:\\\/\\\/aktuelles.uni-frankfurt.de\\\/#organization\",\"name\":\"Goethe-Universit\u00e4t\",\"url\":\"https:\\\/\\\/aktuelles.uni-frankfurt.de\\\/\",\"logo\":{\"@type\":\"ImageObject\",\"inLanguage\":\"en-GB\",\"@id\":\"https:\\\/\\\/aktuelles.uni-frankfurt.de\\\/#\\\/schema\\\/logo\\\/image\\\/\",\"url\":\"https:\\\/\\\/aktuelles.uni-frankfurt.de\\\/wp-content\\\/uploads\\\/2022\\\/03\\\/800px-Goethe-Logo.png\",\"contentUrl\":\"https:\\\/\\\/aktuelles.uni-frankfurt.de\\\/wp-content\\\/uploads\\\/2022\\\/03\\\/800px-Goethe-Logo.png\",\"width\":800,\"height\":436,\"caption\":\"Goethe-Universit\u00e4t\"},\"image\":{\"@id\":\"https:\\\/\\\/aktuelles.uni-frankfurt.de\\\/#\\\/schema\\\/logo\\\/image\\\/\"}},{\"@type\":\"Person\",\"@id\":\"https:\\\/\\\/aktuelles.uni-frankfurt.de\\\/#\\\/schema\\\/person\\\/370c4588b49f66f89d917e8bd01f72b0\",\"name\":\"Dr. Dirk Frank\",\"description\":\"Dr. Dirk Frank, 49, ist seit 2012 Pressereferent an der Goethe-Universit\u00e4t. Der promovierte Literaturwissenschaftler ist stellvertretender Leiter der Abteilung Marketing und Kommunikation und f\u00fcr die Redaktion des UniReport zust\u00e4ndig.\",\"sameAs\":[\"http:\\\/\\\/aktuelles.uni-frankfurt.de\\\/\"],\"url\":\"https:\\\/\\\/aktuelles.uni-frankfurt.de\\\/en\\\/author\\\/dr-dirkfrank\\\/\"}]}<\/script>\n<!-- \/ Yoast SEO plugin. -->","yoast_head_json":{"title":"\u201eMan ist in den USA an Schlammschlachten dieser Art gew\u00f6hnt\u201c | Aktuelles aus der Goethe-Universit\u00e4t Frankfurt","robots":{"index":"index","follow":"follow","max-snippet":"max-snippet:-1","max-image-preview":"max-image-preview:large","max-video-preview":"max-video-preview:-1"},"canonical":"https:\/\/aktuelles.uni-frankfurt.de\/en\/gesellschaft\/man-ist-in-den-usa-an-schlammschlachten-dieser-art-gewoehnt\/","og_locale":"en_GB","og_type":"article","og_title":"\u201eMan ist in den USA an Schlammschlachten dieser Art gew\u00f6hnt\u201c | Aktuelles aus der Goethe-Universit\u00e4t Frankfurt","og_description":"Der Politikwissenschaftler Hans-J\u00fcrgen Puhle \u00fcber den aktuellen Pr\u00e4sidentschaftswahlkampf in den USA. Herr Professor Puhle, wie haben Sie das zweite Fernsehduell zwischen Clinton und Trump gesehen? Puhle: Beide Fernsehdebatten haben eigentlich [&hellip;]","og_url":"https:\/\/aktuelles.uni-frankfurt.de\/en\/gesellschaft\/man-ist-in-den-usa-an-schlammschlachten-dieser-art-gewoehnt\/","og_site_name":"Aktuelles aus der Goethe-Universit\u00e4t Frankfurt","article_published_time":"2016-10-17T09:26:57+00:00","article_modified_time":"2016-10-17T09:27:31+00:00","og_image":[{"width":650,"height":450,"url":"https:\/\/aktuelles.uni-frankfurt.de\/wp-content\/uploads\/2016\/10\/blog_trump-interview-puhle.jpg","type":"image\/jpeg"}],"author":"Dr. Dirk Frank","twitter_card":"summary_large_image","twitter_misc":{"Written by":"Dr. Dirk Frank","Estimated reading time":"6 minutes"},"schema":{"@context":"https:\/\/schema.org","@graph":[{"@type":"Article","@id":"https:\/\/aktuelles.uni-frankfurt.de\/gesellschaft\/man-ist-in-den-usa-an-schlammschlachten-dieser-art-gewoehnt\/#article","isPartOf":{"@id":"https:\/\/aktuelles.uni-frankfurt.de\/gesellschaft\/man-ist-in-den-usa-an-schlammschlachten-dieser-art-gewoehnt\/"},"author":{"name":"Dr. Dirk Frank","@id":"https:\/\/aktuelles.uni-frankfurt.de\/#\/schema\/person\/370c4588b49f66f89d917e8bd01f72b0"},"headline":"\u201eMan ist in den USA an Schlammschlachten dieser Art gew\u00f6hnt\u201c","datePublished":"2016-10-17T09:26:57+00:00","dateModified":"2016-10-17T09:27:31+00:00","mainEntityOfPage":{"@id":"https:\/\/aktuelles.uni-frankfurt.de\/gesellschaft\/man-ist-in-den-usa-an-schlammschlachten-dieser-art-gewoehnt\/"},"wordCount":1209,"publisher":{"@id":"https:\/\/aktuelles.uni-frankfurt.de\/#organization"},"image":{"@id":"https:\/\/aktuelles.uni-frankfurt.de\/gesellschaft\/man-ist-in-den-usa-an-schlammschlachten-dieser-art-gewoehnt\/#primaryimage"},"thumbnailUrl":"https:\/\/aktuelles.uni-frankfurt.de\/wp-content\/uploads\/2016\/10\/blog_trump-interview-puhle.jpg","keywords":["Gesellschaftswissenschaften","Interview"],"articleSection":["Gesellschaft"],"inLanguage":"en-GB"},{"@type":"WebPage","@id":"https:\/\/aktuelles.uni-frankfurt.de\/gesellschaft\/man-ist-in-den-usa-an-schlammschlachten-dieser-art-gewoehnt\/","url":"https:\/\/aktuelles.uni-frankfurt.de\/gesellschaft\/man-ist-in-den-usa-an-schlammschlachten-dieser-art-gewoehnt\/","name":"\u201eMan ist in den USA an Schlammschlachten dieser Art gew\u00f6hnt\u201c | Aktuelles aus der Goethe-Universit\u00e4t Frankfurt","isPartOf":{"@id":"https:\/\/aktuelles.uni-frankfurt.de\/#website"},"primaryImageOfPage":{"@id":"https:\/\/aktuelles.uni-frankfurt.de\/gesellschaft\/man-ist-in-den-usa-an-schlammschlachten-dieser-art-gewoehnt\/#primaryimage"},"image":{"@id":"https:\/\/aktuelles.uni-frankfurt.de\/gesellschaft\/man-ist-in-den-usa-an-schlammschlachten-dieser-art-gewoehnt\/#primaryimage"},"thumbnailUrl":"https:\/\/aktuelles.uni-frankfurt.de\/wp-content\/uploads\/2016\/10\/blog_trump-interview-puhle.jpg","datePublished":"2016-10-17T09:26:57+00:00","dateModified":"2016-10-17T09:27:31+00:00","breadcrumb":{"@id":"https:\/\/aktuelles.uni-frankfurt.de\/gesellschaft\/man-ist-in-den-usa-an-schlammschlachten-dieser-art-gewoehnt\/#breadcrumb"},"inLanguage":"en-GB","potentialAction":[{"@type":"ReadAction","target":["https:\/\/aktuelles.uni-frankfurt.de\/gesellschaft\/man-ist-in-den-usa-an-schlammschlachten-dieser-art-gewoehnt\/"]}]},{"@type":"ImageObject","inLanguage":"en-GB","@id":"https:\/\/aktuelles.uni-frankfurt.de\/gesellschaft\/man-ist-in-den-usa-an-schlammschlachten-dieser-art-gewoehnt\/#primaryimage","url":"https:\/\/aktuelles.uni-frankfurt.de\/wp-content\/uploads\/2016\/10\/blog_trump-interview-puhle.jpg","contentUrl":"https:\/\/aktuelles.uni-frankfurt.de\/wp-content\/uploads\/2016\/10\/blog_trump-interview-puhle.jpg","width":650,"height":450},{"@type":"BreadcrumbList","@id":"https:\/\/aktuelles.uni-frankfurt.de\/gesellschaft\/man-ist-in-den-usa-an-schlammschlachten-dieser-art-gewoehnt\/#breadcrumb","itemListElement":[{"@type":"ListItem","position":1,"name":"Startseite","item":"https:\/\/aktuelles.uni-frankfurt.de\/"},{"@type":"ListItem","position":2,"name":"\u201eMan ist in den USA an Schlammschlachten dieser Art gew\u00f6hnt\u201c"}]},{"@type":"WebSite","@id":"https:\/\/aktuelles.uni-frankfurt.de\/#website","url":"https:\/\/aktuelles.uni-frankfurt.de\/","name":"Aktuelles aus der Goethe-Universit\u00e4t Frankfurt","description":"Aktuelles aus der Goethe-Universit\u00e4t | Neues aus Forschung, Lehre, Studium","publisher":{"@id":"https:\/\/aktuelles.uni-frankfurt.de\/#organization"},"potentialAction":[{"@type":"SearchAction","target":{"@type":"EntryPoint","urlTemplate":"https:\/\/aktuelles.uni-frankfurt.de\/?s={search_term_string}"},"query-input":{"@type":"PropertyValueSpecification","valueRequired":true,"valueName":"search_term_string"}}],"inLanguage":"en-GB"},{"@type":"Organization","@id":"https:\/\/aktuelles.uni-frankfurt.de\/#organization","name":"Goethe University Frankfurt","url":"https:\/\/aktuelles.uni-frankfurt.de\/","logo":{"@type":"ImageObject","inLanguage":"en-GB","@id":"https:\/\/aktuelles.uni-frankfurt.de\/#\/schema\/logo\/image\/","url":"https:\/\/aktuelles.uni-frankfurt.de\/wp-content\/uploads\/2022\/03\/800px-Goethe-Logo.png","contentUrl":"https:\/\/aktuelles.uni-frankfurt.de\/wp-content\/uploads\/2022\/03\/800px-Goethe-Logo.png","width":800,"height":436,"caption":"Goethe-Universit\u00e4t"},"image":{"@id":"https:\/\/aktuelles.uni-frankfurt.de\/#\/schema\/logo\/image\/"}},{"@type":"Person","@id":"https:\/\/aktuelles.uni-frankfurt.de\/#\/schema\/person\/370c4588b49f66f89d917e8bd01f72b0","name":"Dr. Dirk Frank","description":"Dr. Dirk Frank, 49, ist seit 2012 Pressereferent an der Goethe-Universit\u00e4t. Der promovierte Literaturwissenschaftler ist stellvertretender Leiter der Abteilung Marketing und Kommunikation und f\u00fcr die Redaktion des UniReport zust\u00e4ndig.","sameAs":["http:\/\/aktuelles.uni-frankfurt.de\/"],"url":"https:\/\/aktuelles.uni-frankfurt.de\/en\/author\/dr-dirkfrank\/"}]}},"_links":{"self":[{"href":"https:\/\/aktuelles.uni-frankfurt.de\/en\/wp-json\/wp\/v2\/posts\/9890","targetHints":{"allow":["GET"]}}],"collection":[{"href":"https:\/\/aktuelles.uni-frankfurt.de\/en\/wp-json\/wp\/v2\/posts"}],"about":[{"href":"https:\/\/aktuelles.uni-frankfurt.de\/en\/wp-json\/wp\/v2\/types\/post"}],"author":[{"embeddable":true,"href":"https:\/\/aktuelles.uni-frankfurt.de\/en\/wp-json\/wp\/v2\/users\/4"}],"replies":[{"embeddable":true,"href":"https:\/\/aktuelles.uni-frankfurt.de\/en\/wp-json\/wp\/v2\/comments?post=9890"}],"version-history":[{"count":0,"href":"https:\/\/aktuelles.uni-frankfurt.de\/en\/wp-json\/wp\/v2\/posts\/9890\/revisions"}],"wp:featuredmedia":[{"embeddable":true,"href":"https:\/\/aktuelles.uni-frankfurt.de\/en\/wp-json\/wp\/v2\/media\/9901"}],"wp:attachment":[{"href":"https:\/\/aktuelles.uni-frankfurt.de\/en\/wp-json\/wp\/v2\/media?parent=9890"}],"wp:term":[{"taxonomy":"category","embeddable":true,"href":"https:\/\/aktuelles.uni-frankfurt.de\/en\/wp-json\/wp\/v2\/categories?post=9890"},{"taxonomy":"post_tag","embeddable":true,"href":"https:\/\/aktuelles.uni-frankfurt.de\/en\/wp-json\/wp\/v2\/tags?post=9890"},{"taxonomy":"post_folder","embeddable":true,"href":"https:\/\/aktuelles.uni-frankfurt.de\/en\/wp-json\/wp\/v2\/post_folder?post=9890"}],"curies":[{"name":"wp","href":"https:\/\/api.w.org\/{rel}","templated":true}]}}