{"id":9984,"date":"2016-10-18T10:37:03","date_gmt":"2016-10-18T08:37:03","guid":{"rendered":"http:\/\/aktuelles.uni-frankfurt.de\/?p=9984"},"modified":"2016-10-18T10:37:03","modified_gmt":"2016-10-18T08:37:03","slug":"luther-der-publizist","status":"publish","type":"post","link":"https:\/\/aktuelles.uni-frankfurt.de\/en\/veranstaltungen\/luther-der-publizist\/","title":{"rendered":"Luther, der Publizist"},"content":{"rendered":"<figure id=\"attachment_9985\" aria-describedby=\"caption-attachment-9985\" style=\"width: 300px\" class=\"wp-caption alignleft\"><img fetchpriority=\"high\" decoding=\"async\" class=\"size-medium wp-image-9985\" src=\"https:\/\/aktuelles.uni-frankfurt.de\/wp-content\/uploads\/2016\/10\/blog_luther_vortrag_Thomas_Kaufmann-300x208.jpg\" alt=\"Der Kirchenhistoriker Thomas Kaufmann referiert am 20.10. in Bad Homburg \" width=\"300\" height=\"208\" srcset=\"https:\/\/aktuelles.uni-frankfurt.de\/wp-content\/uploads\/2016\/10\/blog_luther_vortrag_Thomas_Kaufmann-300x208.jpg 300w, https:\/\/aktuelles.uni-frankfurt.de\/wp-content\/uploads\/2016\/10\/blog_luther_vortrag_Thomas_Kaufmann.jpg 650w\" sizes=\"(max-width: 300px) 100vw, 300px\" \/><figcaption id=\"caption-attachment-9985\" class=\"wp-caption-text\">Der Kirchenhistoriker Thomas Kaufmann referiert am 20.10. in Bad Homburg<\/figcaption><\/figure>\n<p><em><strong>Der Kirchenhistoriker Thomas Kaufmann referiert am 20. Oktober um 19 Uhr im Historischen Kolleg im Forschungskolleg Humanwissenschaften in Bad Homburg \u00fcber den engen Zusammenhang zwischen Reformation und Buchdruck.<\/strong><\/em><\/p>\n<p>Die Reformation war nicht nur ein theologisch, sondern auch ein technisch bedingtes Ereignis. Ohne den Buchdruck, der sich seit dem ausgehenden 15. Jahrhundert rasch \u00fcber Europa ausbreitete, und die damit einhergehende schnelle Verbreitung von Texten, Kenntnissen und Ideen ist Reformation undenkbar. Thomas Kaufmann, Professor f\u00fcr Kirchengeschichte an der Universit\u00e4t G\u00f6ttingen, setzt sich mit dem bisher kaum erforschten, komplexen Zusammenhang zwischen Reformation und Buchdruck auseinander. Zu diesem Thema h\u00e4lt er einen \u00f6ffentlichen Vortrag: am Donnerstag (20.10.) um 19 Uhr im Historischen Kolleg im Forschungskolleg Humanwissenschaften, Bad Homburg.<\/p>\n<p>Martin Luther war einer der aktivsten Publizisten seiner Zeit. Er brachte unz\u00e4hlige Schriften und Drucke in deutscher oder lateinischer Sprache heraus und trug seine \u00dcberzeugungen so an zahlreiche seiner Zeitgenossen heran. Der Kirchenhistoriker Kaufmann besch\u00e4ftigt sich in seinem Vortrag u.a. mit der Rolle, die Luther bei der Erstellung von Druckausgaben eigener Manuskripte spielte. Au\u00dferdem thematisiert Kaufmann folgende Fragen: Wie funktionierten die Arbeitsabl\u00e4ufe? Wie kam es zur Beschleunigung der Produktionspraxis? Welche Kenntnisse besitzen wir \u00fcber die Marktstrukturen und die Aktivit\u00e4ten sonstiger Buchakteure?<\/p>\n<p>Der Vortrag ist ein Beitrag zum aktuellen Themenschwerpunkt des Historischen Kollegs im Forschungskolleg Humanwissenschaften der Goethe-Universit\u00e4t: \u201eReformationen \u2013 Kontinuit\u00e4ten und Br\u00fcche\u201c. Unter der Federf\u00fchrung von Luise Schorn-Sch\u00fctte, Professorin f\u00fcr Neuere Allgemeine Geschichte unter besonderer Ber\u00fccksichtigung der Fr\u00fchen Neuzeit an der Goethe-Universit\u00e4t, erfolgt 2016\/17die Auseinandersetzung mit Spezialaspekten der reformatorischen Bewegung. Das Ziel des Themenjahrs besteht nicht zuletzt darin, durch die Freilegung zeitgebundener Deutungsmuster den Kern des reformatorischen Anliegens auch f\u00fcr die Gegenwart wieder besser verst\u00e4ndlich zu machen.<\/p>\n<p>Das Forschungskolleg Humanwissenschaften ist Institute for Advanced Studies der Goethe-Universit\u00e4t in Kooperation mit der Werner Reimers Stiftung. In Zusammenarbeit mit dem Historischen Seminar der Goethe-Universit\u00e4t hat das Forschungskolleg 2014 das Historische Kolleg ins Leben gerufen. Es dient renommierten Historikern in aller Welt als geisteswissenschaftliches Laboratorium und ist lebendiger Ort \u00f6ffentlicher Debatten. Wissenschaftlicher Koordinator des Programms ist Andreas Fahrmeir, Professor f\u00fcr Neuere Geschichte an der Goethe-Universit\u00e4t. Hauptf\u00f6rderin des Historischen Kollegs ist die Dagmar-Westberg-Stiftung.<\/p>\n<p>Um Anmeldung wird gebeten: <a href=\"mailto:info@forschungskolleg-humanwissenschaften.de\">info@forschungskolleg-humanwissenschaften.de<\/a><\/p>\n<p><em><strong>Quelle:<\/strong> <a href=\"http:\/\/www.muk.uni-frankfurt.de\/63629719\/238?\" target=\"_blank\">Pressemitteilung vom 17. Oktober 2016<\/a><\/em><\/p>","protected":false},"excerpt":{"rendered":"<p>Der Kirchenhistoriker Thomas Kaufmann referiert am 20. Oktober um 19 Uhr im Historischen Kolleg im Forschungskolleg Humanwissenschaften in Bad Homburg \u00fcber den engen Zusammenhang zwischen Reformation und Buchdruck. Die Reformation [&hellip;]<\/p>\n","protected":false},"author":8,"featured_media":9985,"comment_status":"closed","ping_status":"closed","sticky":false,"template":"","format":"standard","meta":{"_eb_attr":"","_price":"","_stock":"","_tribe_ticket_header":"","_tribe_default_ticket_provider":"","_ticket_start_date":"","_ticket_end_date":"","_tribe_ticket_show_description":"","_tribe_ticket_show_not_going":false,"_tribe_ticket_use_global_stock":"","_tribe_ticket_global_stock_level":"","_global_stock_mode":"","_global_stock_cap":"","_tribe_rsvp_for_event":"","_tribe_ticket_going_count":"","_tribe_ticket_not_going_count":"","_tribe_tickets_list":"[]","_tribe_ticket_has_attendee_info_fields":false,"footnotes":""},"categories":[12],"tags":[],"post_folder":[],"class_list":["post-9984","post","type-post","status-publish","format-standard","has-post-thumbnail","hentry","category-veranstaltungen"],"yoast_head":"<!-- This site is optimized with the Yoast SEO plugin v27.5 - https:\/\/yoast.com\/product\/yoast-seo-wordpress\/ -->\n<title>Luther, der Publizist | Aktuelles aus der Goethe-Universit\u00e4t Frankfurt<\/title>\n<meta name=\"robots\" content=\"index, follow, max-snippet:-1, max-image-preview:large, max-video-preview:-1\" \/>\n<link rel=\"canonical\" href=\"https:\/\/aktuelles.uni-frankfurt.de\/en\/veranstaltungen\/luther-der-publizist\/\" \/>\n<meta property=\"og:locale\" content=\"en_GB\" \/>\n<meta property=\"og:type\" content=\"article\" \/>\n<meta property=\"og:title\" content=\"Luther, der Publizist | Aktuelles aus der Goethe-Universit\u00e4t Frankfurt\" \/>\n<meta property=\"og:description\" content=\"Der Kirchenhistoriker Thomas Kaufmann referiert am 20. Oktober um 19 Uhr im Historischen Kolleg im Forschungskolleg Humanwissenschaften in Bad Homburg \u00fcber den engen Zusammenhang zwischen Reformation und Buchdruck. Die Reformation [&hellip;]\" \/>\n<meta property=\"og:url\" content=\"https:\/\/aktuelles.uni-frankfurt.de\/en\/veranstaltungen\/luther-der-publizist\/\" \/>\n<meta property=\"og:site_name\" content=\"Aktuelles aus der Goethe-Universit\u00e4t Frankfurt\" \/>\n<meta property=\"article:published_time\" content=\"2016-10-18T08:37:03+00:00\" \/>\n<meta property=\"og:image\" content=\"https:\/\/aktuelles.uni-frankfurt.de\/wp-content\/uploads\/2016\/10\/blog_luther_vortrag_Thomas_Kaufmann.jpg\" \/>\n\t<meta property=\"og:image:width\" content=\"650\" \/>\n\t<meta property=\"og:image:height\" content=\"450\" \/>\n\t<meta property=\"og:image:type\" content=\"image\/jpeg\" \/>\n<meta name=\"author\" content=\"-\" \/>\n<meta name=\"twitter:card\" content=\"summary_large_image\" \/>\n<meta name=\"twitter:label1\" content=\"Written by\" \/>\n\t<meta name=\"twitter:data1\" content=\"-\" \/>\n\t<meta name=\"twitter:label2\" content=\"Estimated reading time\" \/>\n\t<meta name=\"twitter:data2\" content=\"2 minutes\" \/>\n<script type=\"application\/ld+json\" class=\"yoast-schema-graph\">{\"@context\":\"https:\\\/\\\/schema.org\",\"@graph\":[{\"@type\":\"Article\",\"@id\":\"https:\\\/\\\/aktuelles.uni-frankfurt.de\\\/veranstaltungen\\\/luther-der-publizist\\\/#article\",\"isPartOf\":{\"@id\":\"https:\\\/\\\/aktuelles.uni-frankfurt.de\\\/veranstaltungen\\\/luther-der-publizist\\\/\"},\"author\":{\"name\":\"-\",\"@id\":\"https:\\\/\\\/aktuelles.uni-frankfurt.de\\\/#\\\/schema\\\/person\\\/8e55ea338fb65d1ce87a91565d1f1739\"},\"headline\":\"Luther, der Publizist\",\"datePublished\":\"2016-10-18T08:37:03+00:00\",\"mainEntityOfPage\":{\"@id\":\"https:\\\/\\\/aktuelles.uni-frankfurt.de\\\/veranstaltungen\\\/luther-der-publizist\\\/\"},\"wordCount\":392,\"publisher\":{\"@id\":\"https:\\\/\\\/aktuelles.uni-frankfurt.de\\\/#organization\"},\"image\":{\"@id\":\"https:\\\/\\\/aktuelles.uni-frankfurt.de\\\/veranstaltungen\\\/luther-der-publizist\\\/#primaryimage\"},\"thumbnailUrl\":\"https:\\\/\\\/aktuelles.uni-frankfurt.de\\\/wp-content\\\/uploads\\\/2016\\\/10\\\/blog_luther_vortrag_Thomas_Kaufmann.jpg\",\"articleSection\":[\"Veranstaltungen\"],\"inLanguage\":\"en-GB\"},{\"@type\":\"WebPage\",\"@id\":\"https:\\\/\\\/aktuelles.uni-frankfurt.de\\\/veranstaltungen\\\/luther-der-publizist\\\/\",\"url\":\"https:\\\/\\\/aktuelles.uni-frankfurt.de\\\/veranstaltungen\\\/luther-der-publizist\\\/\",\"name\":\"Luther, der Publizist | Aktuelles aus der Goethe-Universit\u00e4t Frankfurt\",\"isPartOf\":{\"@id\":\"https:\\\/\\\/aktuelles.uni-frankfurt.de\\\/#website\"},\"primaryImageOfPage\":{\"@id\":\"https:\\\/\\\/aktuelles.uni-frankfurt.de\\\/veranstaltungen\\\/luther-der-publizist\\\/#primaryimage\"},\"image\":{\"@id\":\"https:\\\/\\\/aktuelles.uni-frankfurt.de\\\/veranstaltungen\\\/luther-der-publizist\\\/#primaryimage\"},\"thumbnailUrl\":\"https:\\\/\\\/aktuelles.uni-frankfurt.de\\\/wp-content\\\/uploads\\\/2016\\\/10\\\/blog_luther_vortrag_Thomas_Kaufmann.jpg\",\"datePublished\":\"2016-10-18T08:37:03+00:00\",\"breadcrumb\":{\"@id\":\"https:\\\/\\\/aktuelles.uni-frankfurt.de\\\/veranstaltungen\\\/luther-der-publizist\\\/#breadcrumb\"},\"inLanguage\":\"en-GB\",\"potentialAction\":[{\"@type\":\"ReadAction\",\"target\":[\"https:\\\/\\\/aktuelles.uni-frankfurt.de\\\/veranstaltungen\\\/luther-der-publizist\\\/\"]}]},{\"@type\":\"ImageObject\",\"inLanguage\":\"en-GB\",\"@id\":\"https:\\\/\\\/aktuelles.uni-frankfurt.de\\\/veranstaltungen\\\/luther-der-publizist\\\/#primaryimage\",\"url\":\"https:\\\/\\\/aktuelles.uni-frankfurt.de\\\/wp-content\\\/uploads\\\/2016\\\/10\\\/blog_luther_vortrag_Thomas_Kaufmann.jpg\",\"contentUrl\":\"https:\\\/\\\/aktuelles.uni-frankfurt.de\\\/wp-content\\\/uploads\\\/2016\\\/10\\\/blog_luther_vortrag_Thomas_Kaufmann.jpg\",\"width\":650,\"height\":450,\"caption\":\"Der Kirchenhistoriker Thomas Kaufmann referiert am 20.10. in Bad Homburg\"},{\"@type\":\"BreadcrumbList\",\"@id\":\"https:\\\/\\\/aktuelles.uni-frankfurt.de\\\/veranstaltungen\\\/luther-der-publizist\\\/#breadcrumb\",\"itemListElement\":[{\"@type\":\"ListItem\",\"position\":1,\"name\":\"Startseite\",\"item\":\"https:\\\/\\\/aktuelles.uni-frankfurt.de\\\/\"},{\"@type\":\"ListItem\",\"position\":2,\"name\":\"Luther, der Publizist\"}]},{\"@type\":\"WebSite\",\"@id\":\"https:\\\/\\\/aktuelles.uni-frankfurt.de\\\/#website\",\"url\":\"https:\\\/\\\/aktuelles.uni-frankfurt.de\\\/\",\"name\":\"Aktuelles aus der Goethe-Universit\u00e4t Frankfurt\",\"description\":\"Aktuelles aus der Goethe-Universit\u00e4t | Neues aus Forschung, Lehre, Studium\",\"publisher\":{\"@id\":\"https:\\\/\\\/aktuelles.uni-frankfurt.de\\\/#organization\"},\"potentialAction\":[{\"@type\":\"SearchAction\",\"target\":{\"@type\":\"EntryPoint\",\"urlTemplate\":\"https:\\\/\\\/aktuelles.uni-frankfurt.de\\\/?s={search_term_string}\"},\"query-input\":{\"@type\":\"PropertyValueSpecification\",\"valueRequired\":true,\"valueName\":\"search_term_string\"}}],\"inLanguage\":\"en-GB\"},{\"@type\":\"Organization\",\"@id\":\"https:\\\/\\\/aktuelles.uni-frankfurt.de\\\/#organization\",\"name\":\"Goethe-Universit\u00e4t\",\"url\":\"https:\\\/\\\/aktuelles.uni-frankfurt.de\\\/\",\"logo\":{\"@type\":\"ImageObject\",\"inLanguage\":\"en-GB\",\"@id\":\"https:\\\/\\\/aktuelles.uni-frankfurt.de\\\/#\\\/schema\\\/logo\\\/image\\\/\",\"url\":\"https:\\\/\\\/aktuelles.uni-frankfurt.de\\\/wp-content\\\/uploads\\\/2022\\\/03\\\/800px-Goethe-Logo.png\",\"contentUrl\":\"https:\\\/\\\/aktuelles.uni-frankfurt.de\\\/wp-content\\\/uploads\\\/2022\\\/03\\\/800px-Goethe-Logo.png\",\"width\":800,\"height\":436,\"caption\":\"Goethe-Universit\u00e4t\"},\"image\":{\"@id\":\"https:\\\/\\\/aktuelles.uni-frankfurt.de\\\/#\\\/schema\\\/logo\\\/image\\\/\"}},{\"@type\":\"Person\",\"@id\":\"https:\\\/\\\/aktuelles.uni-frankfurt.de\\\/#\\\/schema\\\/person\\\/8e55ea338fb65d1ce87a91565d1f1739\",\"name\":\"-\",\"description\":\"Dieser Beitrag wurde von der Online-Redaktion ver\u00f6ffentlicht. Wenn der Beitrag von einem Gastautoren verfasst wurde, findet sich dieser Hinweis am Ende des jeweiligen Artikels.\",\"sameAs\":[\"http:\\\/\\\/aktuelles.uni-frankfurt.de\\\/autoren\"],\"url\":\"https:\\\/\\\/aktuelles.uni-frankfurt.de\\\/en\\\/author\\\/redaktion\\\/\"}]}<\/script>\n<!-- \/ Yoast SEO plugin. -->","yoast_head_json":{"title":"Luther, der Publizist | Aktuelles aus der Goethe-Universit\u00e4t Frankfurt","robots":{"index":"index","follow":"follow","max-snippet":"max-snippet:-1","max-image-preview":"max-image-preview:large","max-video-preview":"max-video-preview:-1"},"canonical":"https:\/\/aktuelles.uni-frankfurt.de\/en\/veranstaltungen\/luther-der-publizist\/","og_locale":"en_GB","og_type":"article","og_title":"Luther, der Publizist | Aktuelles aus der Goethe-Universit\u00e4t Frankfurt","og_description":"Der Kirchenhistoriker Thomas Kaufmann referiert am 20. Oktober um 19 Uhr im Historischen Kolleg im Forschungskolleg Humanwissenschaften in Bad Homburg \u00fcber den engen Zusammenhang zwischen Reformation und Buchdruck. Die Reformation [&hellip;]","og_url":"https:\/\/aktuelles.uni-frankfurt.de\/en\/veranstaltungen\/luther-der-publizist\/","og_site_name":"Aktuelles aus der Goethe-Universit\u00e4t Frankfurt","article_published_time":"2016-10-18T08:37:03+00:00","og_image":[{"width":650,"height":450,"url":"https:\/\/aktuelles.uni-frankfurt.de\/wp-content\/uploads\/2016\/10\/blog_luther_vortrag_Thomas_Kaufmann.jpg","type":"image\/jpeg"}],"author":"-","twitter_card":"summary_large_image","twitter_misc":{"Written by":"-","Estimated reading time":"2 minutes"},"schema":{"@context":"https:\/\/schema.org","@graph":[{"@type":"Article","@id":"https:\/\/aktuelles.uni-frankfurt.de\/veranstaltungen\/luther-der-publizist\/#article","isPartOf":{"@id":"https:\/\/aktuelles.uni-frankfurt.de\/veranstaltungen\/luther-der-publizist\/"},"author":{"name":"-","@id":"https:\/\/aktuelles.uni-frankfurt.de\/#\/schema\/person\/8e55ea338fb65d1ce87a91565d1f1739"},"headline":"Luther, der Publizist","datePublished":"2016-10-18T08:37:03+00:00","mainEntityOfPage":{"@id":"https:\/\/aktuelles.uni-frankfurt.de\/veranstaltungen\/luther-der-publizist\/"},"wordCount":392,"publisher":{"@id":"https:\/\/aktuelles.uni-frankfurt.de\/#organization"},"image":{"@id":"https:\/\/aktuelles.uni-frankfurt.de\/veranstaltungen\/luther-der-publizist\/#primaryimage"},"thumbnailUrl":"https:\/\/aktuelles.uni-frankfurt.de\/wp-content\/uploads\/2016\/10\/blog_luther_vortrag_Thomas_Kaufmann.jpg","articleSection":["Veranstaltungen"],"inLanguage":"en-GB"},{"@type":"WebPage","@id":"https:\/\/aktuelles.uni-frankfurt.de\/veranstaltungen\/luther-der-publizist\/","url":"https:\/\/aktuelles.uni-frankfurt.de\/veranstaltungen\/luther-der-publizist\/","name":"Luther, der Publizist | Aktuelles aus der Goethe-Universit\u00e4t Frankfurt","isPartOf":{"@id":"https:\/\/aktuelles.uni-frankfurt.de\/#website"},"primaryImageOfPage":{"@id":"https:\/\/aktuelles.uni-frankfurt.de\/veranstaltungen\/luther-der-publizist\/#primaryimage"},"image":{"@id":"https:\/\/aktuelles.uni-frankfurt.de\/veranstaltungen\/luther-der-publizist\/#primaryimage"},"thumbnailUrl":"https:\/\/aktuelles.uni-frankfurt.de\/wp-content\/uploads\/2016\/10\/blog_luther_vortrag_Thomas_Kaufmann.jpg","datePublished":"2016-10-18T08:37:03+00:00","breadcrumb":{"@id":"https:\/\/aktuelles.uni-frankfurt.de\/veranstaltungen\/luther-der-publizist\/#breadcrumb"},"inLanguage":"en-GB","potentialAction":[{"@type":"ReadAction","target":["https:\/\/aktuelles.uni-frankfurt.de\/veranstaltungen\/luther-der-publizist\/"]}]},{"@type":"ImageObject","inLanguage":"en-GB","@id":"https:\/\/aktuelles.uni-frankfurt.de\/veranstaltungen\/luther-der-publizist\/#primaryimage","url":"https:\/\/aktuelles.uni-frankfurt.de\/wp-content\/uploads\/2016\/10\/blog_luther_vortrag_Thomas_Kaufmann.jpg","contentUrl":"https:\/\/aktuelles.uni-frankfurt.de\/wp-content\/uploads\/2016\/10\/blog_luther_vortrag_Thomas_Kaufmann.jpg","width":650,"height":450,"caption":"Der Kirchenhistoriker Thomas Kaufmann referiert am 20.10. in Bad Homburg"},{"@type":"BreadcrumbList","@id":"https:\/\/aktuelles.uni-frankfurt.de\/veranstaltungen\/luther-der-publizist\/#breadcrumb","itemListElement":[{"@type":"ListItem","position":1,"name":"Startseite","item":"https:\/\/aktuelles.uni-frankfurt.de\/"},{"@type":"ListItem","position":2,"name":"Luther, der Publizist"}]},{"@type":"WebSite","@id":"https:\/\/aktuelles.uni-frankfurt.de\/#website","url":"https:\/\/aktuelles.uni-frankfurt.de\/","name":"Aktuelles aus der Goethe-Universit\u00e4t Frankfurt","description":"Aktuelles aus der Goethe-Universit\u00e4t | Neues aus Forschung, Lehre, Studium","publisher":{"@id":"https:\/\/aktuelles.uni-frankfurt.de\/#organization"},"potentialAction":[{"@type":"SearchAction","target":{"@type":"EntryPoint","urlTemplate":"https:\/\/aktuelles.uni-frankfurt.de\/?s={search_term_string}"},"query-input":{"@type":"PropertyValueSpecification","valueRequired":true,"valueName":"search_term_string"}}],"inLanguage":"en-GB"},{"@type":"Organization","@id":"https:\/\/aktuelles.uni-frankfurt.de\/#organization","name":"Goethe University Frankfurt","url":"https:\/\/aktuelles.uni-frankfurt.de\/","logo":{"@type":"ImageObject","inLanguage":"en-GB","@id":"https:\/\/aktuelles.uni-frankfurt.de\/#\/schema\/logo\/image\/","url":"https:\/\/aktuelles.uni-frankfurt.de\/wp-content\/uploads\/2022\/03\/800px-Goethe-Logo.png","contentUrl":"https:\/\/aktuelles.uni-frankfurt.de\/wp-content\/uploads\/2022\/03\/800px-Goethe-Logo.png","width":800,"height":436,"caption":"Goethe-Universit\u00e4t"},"image":{"@id":"https:\/\/aktuelles.uni-frankfurt.de\/#\/schema\/logo\/image\/"}},{"@type":"Person","@id":"https:\/\/aktuelles.uni-frankfurt.de\/#\/schema\/person\/8e55ea338fb65d1ce87a91565d1f1739","name":"-","description":"Dieser Beitrag wurde von der Online-Redaktion ver\u00f6ffentlicht. Wenn der Beitrag von einem Gastautoren verfasst wurde, findet sich dieser Hinweis am Ende des jeweiligen Artikels.","sameAs":["http:\/\/aktuelles.uni-frankfurt.de\/autoren"],"url":"https:\/\/aktuelles.uni-frankfurt.de\/en\/author\/redaktion\/"}]}},"_links":{"self":[{"href":"https:\/\/aktuelles.uni-frankfurt.de\/en\/wp-json\/wp\/v2\/posts\/9984","targetHints":{"allow":["GET"]}}],"collection":[{"href":"https:\/\/aktuelles.uni-frankfurt.de\/en\/wp-json\/wp\/v2\/posts"}],"about":[{"href":"https:\/\/aktuelles.uni-frankfurt.de\/en\/wp-json\/wp\/v2\/types\/post"}],"author":[{"embeddable":true,"href":"https:\/\/aktuelles.uni-frankfurt.de\/en\/wp-json\/wp\/v2\/users\/8"}],"replies":[{"embeddable":true,"href":"https:\/\/aktuelles.uni-frankfurt.de\/en\/wp-json\/wp\/v2\/comments?post=9984"}],"version-history":[{"count":0,"href":"https:\/\/aktuelles.uni-frankfurt.de\/en\/wp-json\/wp\/v2\/posts\/9984\/revisions"}],"wp:featuredmedia":[{"embeddable":true,"href":"https:\/\/aktuelles.uni-frankfurt.de\/en\/wp-json\/wp\/v2\/media\/9985"}],"wp:attachment":[{"href":"https:\/\/aktuelles.uni-frankfurt.de\/en\/wp-json\/wp\/v2\/media?parent=9984"}],"wp:term":[{"taxonomy":"category","embeddable":true,"href":"https:\/\/aktuelles.uni-frankfurt.de\/en\/wp-json\/wp\/v2\/categories?post=9984"},{"taxonomy":"post_tag","embeddable":true,"href":"https:\/\/aktuelles.uni-frankfurt.de\/en\/wp-json\/wp\/v2\/tags?post=9984"},{"taxonomy":"post_folder","embeddable":true,"href":"https:\/\/aktuelles.uni-frankfurt.de\/en\/wp-json\/wp\/v2\/post_folder?post=9984"}],"curies":[{"name":"wp","href":"https:\/\/api.w.org\/{rel}","templated":true}]}}